{"id":28625,"date":"2026-04-30T19:18:09","date_gmt":"2026-04-30T22:18:09","guid":{"rendered":"http:\/\/www.polisrecreio.com.br\/site\/?p=28625"},"modified":"2026-04-30T19:18:09","modified_gmt":"2026-04-30T22:18:09","slug":"recreiense-recebe-titulo-de-cidada-espirito-santense-da-assembleia-legislativa-do-es","status":"publish","type":"post","link":"https:\/\/www.polisrecreio.com.br\/site\/2026\/04\/30\/recreiense-recebe-titulo-de-cidada-espirito-santense-da-assembleia-legislativa-do-es\/","title":{"rendered":"Recreiense recebe t\u00edtulo de Cidad\u00e3 Esp\u00edrito-Santense da Assembleia Legislativa do ES"},"content":{"rendered":"<p style=\"text-align: justify;\">A recreiense, Grasiele Pimentel Faria, recebeu o t\u00edtulo de Cidad\u00e3 Esp\u00edrito-Santense da Assembleia Legislativa do Esp\u00edrito Santo (ALES). Ela \u00e9 gerente de eletr\u00f4nica de um dos portos mais importantes do Brasil: Porto de Tubar\u00e3o (Vit\u00f3ria-ES), controlado pela Vale S.A.<\/p>\n<p><!--more--><\/p>\n<p><a href=\"http:\/\/www.polisrecreio.com.br\/site\/wp-content\/uploads\/2026\/04\/grasiele.jpg\"><img loading=\"lazy\" class=\"aligncenter size-full wp-image-28626\" src=\"http:\/\/www.polisrecreio.com.br\/site\/wp-content\/uploads\/2026\/04\/grasiele.jpg\" alt=\"\" width=\"750\" height=\"601\" srcset=\"https:\/\/www.polisrecreio.com.br\/site\/wp-content\/uploads\/2026\/04\/grasiele.jpg 750w, https:\/\/www.polisrecreio.com.br\/site\/wp-content\/uploads\/2026\/04\/grasiele-300x240.jpg 300w\" sizes=\"(max-width: 750px) 100vw, 750px\" \/><\/a><\/p>\n<p style=\"text-align: justify;\">Ela \u00e9 formada em Engenharia de Produ\u00e7\u00e3o, com p\u00f3s-gradua\u00e7\u00e3o em Gest\u00e3o de Projetos e Gest\u00e3o de Pessoas. Est\u00e1 h\u00e1 21 anos no Porto de Tubar\u00e3o. \u201cSou muito feliz aqui, \u00e9 onde fiz o meu est\u00e1gio e iniciei a minha carreira profissional\u201d, disse.<\/p>\n<p style=\"text-align: justify;\">Grasiele \u00e9 filha de Manoel Ant\u00f4nio de Freitas Faria e S\u00f4nia Maria Pimentel Faria. Aos 39 anos, ela \u00e9 casada com Enos de Almeida Bastos e tem dois filhos: Manuela Faria Bastos (7 anos) e Murilo Faria Bastos (2 anos). A fam\u00edlia mora em Vit\u00f3ria (ES).<\/p>\n<p style=\"text-align: justify;\">O t\u00edtulo de Cidad\u00e3 Esp\u00edrito-Santense foi concedido por indica\u00e7\u00e3o da empresa Vale e do presidente da ALES, Marcelo Santos, por seus servi\u00e7os prestados ao estado do Esp\u00edrito Santo e tamb\u00e9m ao Brasil.<\/p>\n<p>O Porto de Tubar\u00e3o \u00e9 o segundo maior porto de exporta\u00e7\u00e3o de min\u00e9rio de ferro do Brasil.<\/p>\n<figure id=\"attachment_28628\" aria-describedby=\"caption-attachment-28628\" style=\"width: 960px\" class=\"wp-caption aligncenter\"><a href=\"http:\/\/www.polisrecreio.com.br\/site\/wp-content\/uploads\/2026\/04\/WhatsApp-Image-2026-04-30-at-12.53.24.jpeg\"><img loading=\"lazy\" class=\"wp-image-28628 size-full\" src=\"http:\/\/www.polisrecreio.com.br\/site\/wp-content\/uploads\/2026\/04\/WhatsApp-Image-2026-04-30-at-12.53.24.jpeg\" alt=\"\" width=\"960\" height=\"1280\" srcset=\"https:\/\/www.polisrecreio.com.br\/site\/wp-content\/uploads\/2026\/04\/WhatsApp-Image-2026-04-30-at-12.53.24.jpeg 960w, https:\/\/www.polisrecreio.com.br\/site\/wp-content\/uploads\/2026\/04\/WhatsApp-Image-2026-04-30-at-12.53.24-225x300.jpeg 225w, https:\/\/www.polisrecreio.com.br\/site\/wp-content\/uploads\/2026\/04\/WhatsApp-Image-2026-04-30-at-12.53.24-768x1024.jpeg 768w\" sizes=\"(max-width: 960px) 100vw, 960px\" \/><\/a><figcaption id=\"caption-attachment-28628\" class=\"wp-caption-text\">Grasiele e fam\u00edlia.<\/figcaption><\/figure>\n<p><a href=\"http:\/\/www.polisrecreio.com.br\/site\/wp-content\/uploads\/2026\/04\/WhatsApp-Image-2026-04-30-at-12.38.08.jpeg\"><img loading=\"lazy\" class=\"aligncenter  wp-image-28630\" src=\"http:\/\/www.polisrecreio.com.br\/site\/wp-content\/uploads\/2026\/04\/WhatsApp-Image-2026-04-30-at-12.38.08.jpeg\" alt=\"\" width=\"1024\" height=\"683\" srcset=\"https:\/\/www.polisrecreio.com.br\/site\/wp-content\/uploads\/2026\/04\/WhatsApp-Image-2026-04-30-at-12.38.08.jpeg 1024w, https:\/\/www.polisrecreio.com.br\/site\/wp-content\/uploads\/2026\/04\/WhatsApp-Image-2026-04-30-at-12.38.08-300x200.jpeg 300w, https:\/\/www.polisrecreio.com.br\/site\/wp-content\/uploads\/2026\/04\/WhatsApp-Image-2026-04-30-at-12.38.08-768x512.jpeg 768w\" sizes=\"(max-width: 1024px) 100vw, 1024px\" \/><\/a><\/p>\n<figure id=\"attachment_28629\" aria-describedby=\"caption-attachment-28629\" style=\"width: 960px\" class=\"wp-caption aligncenter\"><a href=\"http:\/\/www.polisrecreio.com.br\/site\/wp-content\/uploads\/2026\/04\/WhatsApp-Image-2026-04-30-at-12.52.18.jpeg\"><img loading=\"lazy\" class=\"wp-image-28629 size-full\" src=\"http:\/\/www.polisrecreio.com.br\/site\/wp-content\/uploads\/2026\/04\/WhatsApp-Image-2026-04-30-at-12.52.18.jpeg\" alt=\"\" width=\"960\" height=\"1280\" srcset=\"https:\/\/www.polisrecreio.com.br\/site\/wp-content\/uploads\/2026\/04\/WhatsApp-Image-2026-04-30-at-12.52.18.jpeg 960w, https:\/\/www.polisrecreio.com.br\/site\/wp-content\/uploads\/2026\/04\/WhatsApp-Image-2026-04-30-at-12.52.18-225x300.jpeg 225w, https:\/\/www.polisrecreio.com.br\/site\/wp-content\/uploads\/2026\/04\/WhatsApp-Image-2026-04-30-at-12.52.18-768x1024.jpeg 768w\" sizes=\"(max-width: 960px) 100vw, 960px\" \/><\/a><figcaption id=\"caption-attachment-28629\" class=\"wp-caption-text\">Ao lado do presidente da Vale.<\/dd>\n<dd><\/figcaption><\/figure>\n<p><a href=\"http:\/\/www.polisrecreio.com.br\/site\/wp-content\/uploads\/2026\/04\/WhatsApp-Image-2026-04-30-at-12.59.08-scaled.jpeg\"><img loading=\"lazy\" class=\"aligncenter size-full wp-image-28627\" src=\"http:\/\/www.polisrecreio.com.br\/site\/wp-content\/uploads\/2026\/04\/WhatsApp-Image-2026-04-30-at-12.59.08-scaled.jpeg\" alt=\"\" width=\"1920\" height=\"2560\" srcset=\"https:\/\/www.polisrecreio.com.br\/site\/wp-content\/uploads\/2026\/04\/WhatsApp-Image-2026-04-30-at-12.59.08-scaled.jpeg 1920w, https:\/\/www.polisrecreio.com.br\/site\/wp-content\/uploads\/2026\/04\/WhatsApp-Image-2026-04-30-at-12.59.08-225x300.jpeg 225w, https:\/\/www.polisrecreio.com.br\/site\/wp-content\/uploads\/2026\/04\/WhatsApp-Image-2026-04-30-at-12.59.08-768x1024.jpeg 768w, https:\/\/www.polisrecreio.com.br\/site\/wp-content\/uploads\/2026\/04\/WhatsApp-Image-2026-04-30-at-12.59.08-1152x1536.jpeg 1152w, https:\/\/www.polisrecreio.com.br\/site\/wp-content\/uploads\/2026\/04\/WhatsApp-Image-2026-04-30-at-12.59.08-1536x2048.jpeg 1536w\" sizes=\"(max-width: 1920px) 100vw, 1920px\" \/><\/a><\/p>\n","protected":false},"excerpt":{"rendered":"<p>A recreiense, Grasiele Pimentel Faria, recebeu o t\u00edtulo de Cidad\u00e3 Esp\u00edrito-Santense da Assembleia Legislativa do Esp\u00edrito Santo (ALES). Ela \u00e9 gerente de eletr\u00f4nica de um dos portos mais importantes do Brasil: Porto de Tubar\u00e3o (Vit\u00f3ria-ES), controlado pela Vale S.A.<\/p>\n","protected":false},"author":3,"featured_media":0,"comment_status":"open","ping_status":"open","sticky":false,"template":"","format":"standard","meta":[],"categories":[5],"tags":[],"yoast_head":"<!-- This site is optimized with the Yoast SEO plugin v15.6.2 - https:\/\/yoast.com\/wordpress\/plugins\/seo\/ -->\n<meta name=\"robots\" content=\"index, follow, max-snippet:-1, max-image-preview:large, max-video-preview:-1\" \/>\n<link rel=\"canonical\" href=\"http:\/\/www.polisrecreio.com.br\/site\/2026\/04\/30\/recreiense-recebe-titulo-de-cidada-espirito-santense-da-assembleia-legislativa-do-es\/\" \/>\n<meta property=\"og:locale\" content=\"pt_BR\" \/>\n<meta property=\"og:type\" content=\"article\" \/>\n<meta property=\"og:title\" content=\"Recreiense recebe t\u00edtulo de Cidad\u00e3 Esp\u00edrito-Santense da Assembleia Legislativa do ES - P\u00f3lis Recreio\" \/>\n<meta property=\"og:description\" content=\"A recreiense, Grasiele Pimentel Faria, recebeu o t\u00edtulo de Cidad\u00e3 Esp\u00edrito-Santense da Assembleia Legislativa do Esp\u00edrito Santo (ALES). Ela \u00e9 gerente de eletr\u00f4nica de um dos portos mais importantes do Brasil: Porto de Tubar\u00e3o (Vit\u00f3ria-ES), controlado pela Vale S.A.\" \/>\n<meta property=\"og:url\" content=\"http:\/\/www.polisrecreio.com.br\/site\/2026\/04\/30\/recreiense-recebe-titulo-de-cidada-espirito-santense-da-assembleia-legislativa-do-es\/\" \/>\n<meta property=\"og:site_name\" content=\"P\u00f3lis Recreio\" \/>\n<meta property=\"article:publisher\" content=\"https:\/\/www.facebook.com\/Site-P%c3%b3lis-Recreio-MG-181941708571019\/\" \/>\n<meta property=\"article:published_time\" content=\"2026-04-30T22:18:09+00:00\" \/>\n<meta property=\"og:image\" content=\"http:\/\/www.polisrecreio.com.br\/site\/wp-content\/uploads\/2026\/04\/grasiele.jpg\" \/>\n<meta name=\"twitter:card\" content=\"summary_large_image\" \/>\n<meta name=\"twitter:creator\" content=\"@PolisRecreio\" \/>\n<meta name=\"twitter:site\" content=\"@PolisRecreio\" \/>\n<meta name=\"twitter:label1\" content=\"Est. reading time\">\n\t<meta name=\"twitter:data1\" content=\"2 minutos\">\n<script type=\"application\/ld+json\" class=\"yoast-schema-graph\">{\"@context\":\"https:\/\/schema.org\",\"@graph\":[{\"@type\":\"WebSite\",\"@id\":\"https:\/\/www.polisrecreio.com.br\/site\/#website\",\"url\":\"https:\/\/www.polisrecreio.com.br\/site\/\",\"name\":\"P\\u00f3lis Recreio\",\"description\":\"\",\"potentialAction\":[{\"@type\":\"SearchAction\",\"target\":\"https:\/\/www.polisrecreio.com.br\/site\/?s={search_term_string}\",\"query-input\":\"required name=search_term_string\"}],\"inLanguage\":\"pt-BR\"},{\"@type\":\"ImageObject\",\"@id\":\"http:\/\/www.polisrecreio.com.br\/site\/2026\/04\/30\/recreiense-recebe-titulo-de-cidada-espirito-santense-da-assembleia-legislativa-do-es\/#primaryimage\",\"inLanguage\":\"pt-BR\",\"url\":\"http:\/\/www.polisrecreio.com.br\/site\/wp-content\/uploads\/2026\/04\/grasiele.jpg\"},{\"@type\":\"WebPage\",\"@id\":\"http:\/\/www.polisrecreio.com.br\/site\/2026\/04\/30\/recreiense-recebe-titulo-de-cidada-espirito-santense-da-assembleia-legislativa-do-es\/#webpage\",\"url\":\"http:\/\/www.polisrecreio.com.br\/site\/2026\/04\/30\/recreiense-recebe-titulo-de-cidada-espirito-santense-da-assembleia-legislativa-do-es\/\",\"name\":\"Recreiense recebe t\\u00edtulo de Cidad\\u00e3 Esp\\u00edrito-Santense da Assembleia Legislativa do ES - P\\u00f3lis Recreio\",\"isPartOf\":{\"@id\":\"https:\/\/www.polisrecreio.com.br\/site\/#website\"},\"primaryImageOfPage\":{\"@id\":\"http:\/\/www.polisrecreio.com.br\/site\/2026\/04\/30\/recreiense-recebe-titulo-de-cidada-espirito-santense-da-assembleia-legislativa-do-es\/#primaryimage\"},\"datePublished\":\"2026-04-30T22:18:09+00:00\",\"dateModified\":\"2026-04-30T22:18:09+00:00\",\"author\":{\"@id\":\"https:\/\/www.polisrecreio.com.br\/site\/#\/schema\/person\/3363c1c78e1e28e1329d97adb387638e\"},\"inLanguage\":\"pt-BR\",\"potentialAction\":[{\"@type\":\"ReadAction\",\"target\":[\"http:\/\/www.polisrecreio.com.br\/site\/2026\/04\/30\/recreiense-recebe-titulo-de-cidada-espirito-santense-da-assembleia-legislativa-do-es\/\"]}]},{\"@type\":\"Person\",\"@id\":\"https:\/\/www.polisrecreio.com.br\/site\/#\/schema\/person\/3363c1c78e1e28e1329d97adb387638e\",\"name\":\"Leonardo Ribeiro\",\"image\":{\"@type\":\"ImageObject\",\"@id\":\"https:\/\/www.polisrecreio.com.br\/site\/#personlogo\",\"inLanguage\":\"pt-BR\",\"url\":\"https:\/\/secure.gravatar.com\/avatar\/6ba92a37d621e1a83e23710251178a12?s=96&d=mm&r=g\",\"caption\":\"Leonardo Ribeiro\"},\"sameAs\":[\"http:\/\/www.polisrecreio.com.br\"]}]}<\/script>\n<!-- \/ Yoast SEO plugin. -->","_links":{"self":[{"href":"https:\/\/www.polisrecreio.com.br\/site\/wp-json\/wp\/v2\/posts\/28625"}],"collection":[{"href":"https:\/\/www.polisrecreio.com.br\/site\/wp-json\/wp\/v2\/posts"}],"about":[{"href":"https:\/\/www.polisrecreio.com.br\/site\/wp-json\/wp\/v2\/types\/post"}],"author":[{"embeddable":true,"href":"https:\/\/www.polisrecreio.com.br\/site\/wp-json\/wp\/v2\/users\/3"}],"replies":[{"embeddable":true,"href":"https:\/\/www.polisrecreio.com.br\/site\/wp-json\/wp\/v2\/comments?post=28625"}],"version-history":[{"count":1,"href":"https:\/\/www.polisrecreio.com.br\/site\/wp-json\/wp\/v2\/posts\/28625\/revisions"}],"predecessor-version":[{"id":28631,"href":"https:\/\/www.polisrecreio.com.br\/site\/wp-json\/wp\/v2\/posts\/28625\/revisions\/28631"}],"wp:attachment":[{"href":"https:\/\/www.polisrecreio.com.br\/site\/wp-json\/wp\/v2\/media?parent=28625"}],"wp:term":[{"taxonomy":"category","embeddable":true,"href":"https:\/\/www.polisrecreio.com.br\/site\/wp-json\/wp\/v2\/categories?post=28625"},{"taxonomy":"post_tag","embeddable":true,"href":"https:\/\/www.polisrecreio.com.br\/site\/wp-json\/wp\/v2\/tags?post=28625"}],"curies":[{"name":"wp","href":"https:\/\/api.w.org\/{rel}","templated":true}]}}