{"id":2872,"date":"2016-09-08T15:21:16","date_gmt":"2016-09-08T18:21:16","guid":{"rendered":"http:\/\/www.polisrecreio.com.br\/site\/?p=2872"},"modified":"2016-09-08T15:21:16","modified_gmt":"2016-09-08T18:21:16","slug":"oninho-diz-que-trabalhou-19-anos-de-graca-no-hss","status":"publish","type":"post","link":"https:\/\/www.polisrecreio.com.br\/site\/2016\/09\/08\/oninho-diz-que-trabalhou-19-anos-de-graca-no-hss\/","title":{"rendered":"Oninho diz que trabalhou 19 anos de gra\u00e7a no HSS"},"content":{"rendered":"<p style=\"text-align: justify;\">Na v\u00e9spera da festa dos 24 anos do Hospital S\u00e3o Sebasti\u00e3o, o candidato \u00e0 reelei\u00e7\u00e3o ao governo municipal, Oninho (PTB), come\u00e7ou a divulgar que trabalhou durante 19 anos de gra\u00e7a no HSS e aproveitou tamb\u00e9m para mencionar as realiza\u00e7\u00f5es na entidade, entretanto, o prefeito n\u00e3o mencionou o corte no repasse em maio e o encerramento do conv\u00eanio este m\u00eas.<\/p>\n<p style=\"text-align: justify;\"><!--more--><\/p>\n<figure id=\"attachment_2873\" aria-describedby=\"caption-attachment-2873\" style=\"width: 800px\" class=\"wp-caption aligncenter\"><a href=\"http:\/\/www.polisrecreio.com.br\/site\/wp-content\/uploads\/2016\/09\/14199419_1003654566418832_2093721077059537017_n.jpg\"><img loading=\"lazy\" class=\"size-full wp-image-2873\" src=\"http:\/\/www.polisrecreio.com.br\/site\/wp-content\/uploads\/2016\/09\/14199419_1003654566418832_2093721077059537017_n.jpg\" alt=\"Oninho no HSS. Foto: Facebook \u00d4nio Fialho Miranda.\" width=\"800\" height=\"550\" srcset=\"https:\/\/www.polisrecreio.com.br\/site\/wp-content\/uploads\/2016\/09\/14199419_1003654566418832_2093721077059537017_n.jpg 800w, https:\/\/www.polisrecreio.com.br\/site\/wp-content\/uploads\/2016\/09\/14199419_1003654566418832_2093721077059537017_n-300x206.jpg 300w\" sizes=\"(max-width: 800px) 100vw, 800px\" \/><\/a><figcaption id=\"caption-attachment-2873\" class=\"wp-caption-text\">Oninho no HSS. Foto: Facebook \u00d4nio Fialho Miranda.<\/figcaption><\/figure>\n<p style=\"text-align: justify;\">Em postagem, ontem (7), no Facebook e no programa eleitoral na R\u00e1dio Mundial FM 104,9 desta quinta-feira, o atual prefeito mostrou os investimentos realizados durante sua gest\u00e3o no Hospital: R$ 40 mil para reforma do centro cir\u00fargico e aquisi\u00e7\u00e3o de equipamentos, cess\u00e3o de 3 funcion\u00e1rios (servi\u00e7os gerais e enfermeira) do Munic\u00edpio e aumento do repasse financeiro a entidade. Segundo o prefeito \u201centre 1\u00ba de fevereiro de 1995 a 30 de junho de 2014 ele trabalhou na entidade sem receber um\u00a0 centavo\u201d. Oninho aproveitou at\u00e9 para convidar, pela primeira vez neste mandato, os recreienses para participar da festa de anivers\u00e1rio do HSS que ser\u00e1 realizada no Social Country Clube, de 9 a 11 de setembro.<\/p>\n<p style=\"text-align: justify;\">Apesar das apresenta\u00e7\u00f5es bem expostas pelo prefeito, o corte desde maio e o fim do repasse financeiro ao HSS este m\u00eas n\u00e3o foram mencionados. Em maio, alegando dificuldades financeiras nos cofres municipais, o chefe do executivo, diminuiu de R$ 17.500 para R$ 10 mil o repasse que \u00e9 destinado exclusivamente para despesas da entidade filantr\u00f3pica. Na \u00e9poca o comunicado por meio de um of\u00edcio revoltou a comunidade que junto com a dire\u00e7\u00e3o do Hospital foram pra rua em manifesta\u00e7\u00e3o contra esta diminui\u00e7\u00e3o. As parcelas de R$ 10 mil, para despesas da HSS, ser\u00e3o pagas at\u00e9 este m\u00eas apenas. O restante do conv\u00eanio que custeia despesas do Pronto-Socorro Municipal est\u00e1 mantido at\u00e9 dezembro.<\/p>\n<p style=\"text-align: justify;\">Sobre o trabalho gratuito no Hospital, o Site P\u00f3lis, obteve a informa\u00e7\u00e3o de que os m\u00e9dicos do corpo cl\u00ednico entraram em um acordo com a dire\u00e7\u00e3o na \u00e9poca e optaram por receberem os valores pagos pelo Sistema \u00danico de Sa\u00fade \u201cSUS\u201d por interna\u00e7\u00f5es, chamado de Autoriza\u00e7\u00e3o de Interna\u00e7\u00e3o Hospitalar \u201cAIH\u201d.<\/p>\n","protected":false},"excerpt":{"rendered":"<p>Na v\u00e9spera da festa dos 24 anos do Hospital S\u00e3o Sebasti\u00e3o, o candidato \u00e0 reelei\u00e7\u00e3o ao governo municipal, Oninho (PTB), come\u00e7ou a divulgar que trabalhou durante 19 anos de gra\u00e7a no HSS e aproveitou tamb\u00e9m para mencionar as realiza\u00e7\u00f5es na entidade, entretanto, o prefeito n\u00e3o mencionou o corte no repasse em maio e o encerramento [&hellip;]<\/p>\n","protected":false},"author":3,"featured_media":2873,"comment_status":"open","ping_status":"open","sticky":false,"template":"","format":"standard","meta":[],"categories":[13],"tags":[],"yoast_head":"<!-- This site is optimized with the Yoast SEO plugin v15.6.2 - https:\/\/yoast.com\/wordpress\/plugins\/seo\/ -->\n<meta name=\"robots\" content=\"index, follow, max-snippet:-1, max-image-preview:large, max-video-preview:-1\" \/>\n<link rel=\"canonical\" href=\"http:\/\/www.polisrecreio.com.br\/site\/2016\/09\/08\/oninho-diz-que-trabalhou-19-anos-de-graca-no-hss\/\" \/>\n<meta property=\"og:locale\" content=\"pt_BR\" \/>\n<meta property=\"og:type\" content=\"article\" \/>\n<meta property=\"og:title\" content=\"Oninho diz que trabalhou 19 anos de gra\u00e7a no HSS - P\u00f3lis Recreio\" \/>\n<meta property=\"og:description\" content=\"Na v\u00e9spera da festa dos 24 anos do Hospital S\u00e3o Sebasti\u00e3o, o candidato \u00e0 reelei\u00e7\u00e3o ao governo municipal, Oninho (PTB), come\u00e7ou a divulgar que trabalhou durante 19 anos de gra\u00e7a no HSS e aproveitou tamb\u00e9m para mencionar as realiza\u00e7\u00f5es na entidade, entretanto, o prefeito n\u00e3o mencionou o corte no repasse em maio e o encerramento [&hellip;]\" \/>\n<meta property=\"og:url\" content=\"http:\/\/www.polisrecreio.com.br\/site\/2016\/09\/08\/oninho-diz-que-trabalhou-19-anos-de-graca-no-hss\/\" \/>\n<meta property=\"og:site_name\" content=\"P\u00f3lis Recreio\" \/>\n<meta property=\"article:publisher\" content=\"https:\/\/www.facebook.com\/Site-P%c3%b3lis-Recreio-MG-181941708571019\/\" \/>\n<meta property=\"article:published_time\" content=\"2016-09-08T18:21:16+00:00\" \/>\n<meta property=\"og:image\" content=\"https:\/\/www.polisrecreio.com.br\/site\/wp-content\/uploads\/2016\/09\/14199419_1003654566418832_2093721077059537017_n.jpg\" \/>\n\t<meta property=\"og:image:width\" content=\"800\" \/>\n\t<meta property=\"og:image:height\" content=\"550\" \/>\n<meta name=\"twitter:card\" content=\"summary_large_image\" \/>\n<meta name=\"twitter:creator\" content=\"@PolisRecreio\" \/>\n<meta name=\"twitter:site\" content=\"@PolisRecreio\" \/>\n<meta name=\"twitter:label1\" content=\"Est. reading time\">\n\t<meta name=\"twitter:data1\" content=\"2 minutos\">\n<script type=\"application\/ld+json\" class=\"yoast-schema-graph\">{\"@context\":\"https:\/\/schema.org\",\"@graph\":[{\"@type\":\"WebSite\",\"@id\":\"https:\/\/www.polisrecreio.com.br\/site\/#website\",\"url\":\"https:\/\/www.polisrecreio.com.br\/site\/\",\"name\":\"P\\u00f3lis Recreio\",\"description\":\"\",\"potentialAction\":[{\"@type\":\"SearchAction\",\"target\":\"https:\/\/www.polisrecreio.com.br\/site\/?s={search_term_string}\",\"query-input\":\"required name=search_term_string\"}],\"inLanguage\":\"pt-BR\"},{\"@type\":\"ImageObject\",\"@id\":\"http:\/\/www.polisrecreio.com.br\/site\/2016\/09\/08\/oninho-diz-que-trabalhou-19-anos-de-graca-no-hss\/#primaryimage\",\"inLanguage\":\"pt-BR\",\"url\":\"https:\/\/www.polisrecreio.com.br\/site\/wp-content\/uploads\/2016\/09\/14199419_1003654566418832_2093721077059537017_n.jpg\",\"width\":800,\"height\":550,\"caption\":\"Oninho no HSS. Foto: Facebook \\u00d4nio Fialho Miranda.\"},{\"@type\":\"WebPage\",\"@id\":\"http:\/\/www.polisrecreio.com.br\/site\/2016\/09\/08\/oninho-diz-que-trabalhou-19-anos-de-graca-no-hss\/#webpage\",\"url\":\"http:\/\/www.polisrecreio.com.br\/site\/2016\/09\/08\/oninho-diz-que-trabalhou-19-anos-de-graca-no-hss\/\",\"name\":\"Oninho diz que trabalhou 19 anos de gra\\u00e7a no HSS - P\\u00f3lis Recreio\",\"isPartOf\":{\"@id\":\"https:\/\/www.polisrecreio.com.br\/site\/#website\"},\"primaryImageOfPage\":{\"@id\":\"http:\/\/www.polisrecreio.com.br\/site\/2016\/09\/08\/oninho-diz-que-trabalhou-19-anos-de-graca-no-hss\/#primaryimage\"},\"datePublished\":\"2016-09-08T18:21:16+00:00\",\"dateModified\":\"2016-09-08T18:21:16+00:00\",\"author\":{\"@id\":\"https:\/\/www.polisrecreio.com.br\/site\/#\/schema\/person\/3363c1c78e1e28e1329d97adb387638e\"},\"inLanguage\":\"pt-BR\",\"potentialAction\":[{\"@type\":\"ReadAction\",\"target\":[\"http:\/\/www.polisrecreio.com.br\/site\/2016\/09\/08\/oninho-diz-que-trabalhou-19-anos-de-graca-no-hss\/\"]}]},{\"@type\":\"Person\",\"@id\":\"https:\/\/www.polisrecreio.com.br\/site\/#\/schema\/person\/3363c1c78e1e28e1329d97adb387638e\",\"name\":\"Leonardo Ribeiro\",\"image\":{\"@type\":\"ImageObject\",\"@id\":\"https:\/\/www.polisrecreio.com.br\/site\/#personlogo\",\"inLanguage\":\"pt-BR\",\"url\":\"https:\/\/secure.gravatar.com\/avatar\/6ba92a37d621e1a83e23710251178a12?s=96&d=mm&r=g\",\"caption\":\"Leonardo Ribeiro\"},\"sameAs\":[\"http:\/\/www.polisrecreio.com.br\"]}]}<\/script>\n<!-- \/ Yoast SEO plugin. -->","_links":{"self":[{"href":"https:\/\/www.polisrecreio.com.br\/site\/wp-json\/wp\/v2\/posts\/2872"}],"collection":[{"href":"https:\/\/www.polisrecreio.com.br\/site\/wp-json\/wp\/v2\/posts"}],"about":[{"href":"https:\/\/www.polisrecreio.com.br\/site\/wp-json\/wp\/v2\/types\/post"}],"author":[{"embeddable":true,"href":"https:\/\/www.polisrecreio.com.br\/site\/wp-json\/wp\/v2\/users\/3"}],"replies":[{"embeddable":true,"href":"https:\/\/www.polisrecreio.com.br\/site\/wp-json\/wp\/v2\/comments?post=2872"}],"version-history":[{"count":2,"href":"https:\/\/www.polisrecreio.com.br\/site\/wp-json\/wp\/v2\/posts\/2872\/revisions"}],"predecessor-version":[{"id":2875,"href":"https:\/\/www.polisrecreio.com.br\/site\/wp-json\/wp\/v2\/posts\/2872\/revisions\/2875"}],"wp:featuredmedia":[{"embeddable":true,"href":"https:\/\/www.polisrecreio.com.br\/site\/wp-json\/wp\/v2\/media\/2873"}],"wp:attachment":[{"href":"https:\/\/www.polisrecreio.com.br\/site\/wp-json\/wp\/v2\/media?parent=2872"}],"wp:term":[{"taxonomy":"category","embeddable":true,"href":"https:\/\/www.polisrecreio.com.br\/site\/wp-json\/wp\/v2\/categories?post=2872"},{"taxonomy":"post_tag","embeddable":true,"href":"https:\/\/www.polisrecreio.com.br\/site\/wp-json\/wp\/v2\/tags?post=2872"}],"curies":[{"name":"wp","href":"https:\/\/api.w.org\/{rel}","templated":true}]}}