{"id":2877,"date":"2016-09-08T22:36:58","date_gmt":"2016-09-09T01:36:58","guid":{"rendered":"http:\/\/www.polisrecreio.com.br\/site\/?p=2877"},"modified":"2016-09-08T22:36:58","modified_gmt":"2016-09-09T01:36:58","slug":"festival-de-viola-de-recreio-custara-r-23-mil","status":"publish","type":"post","link":"https:\/\/www.polisrecreio.com.br\/site\/2016\/09\/08\/festival-de-viola-de-recreio-custara-r-23-mil\/","title":{"rendered":"Festival de Viola de Recreio custar\u00e1 R$ 23 mil"},"content":{"rendered":"<p style=\"text-align: justify;\">O 8\u00ba Festival de Viola de Recreio ser\u00e1 realizado no pr\u00f3ximo s\u00e1bado (10), a partir das 19h, na Pra\u00e7a dos Ferrovi\u00e1rios e para realizar o evento a Prefeitura Municipal investir\u00e1 R$ 23 mil por meio de recursos pr\u00f3prios.<\/p>\n<p style=\"text-align: justify;\"><!--more--><\/p>\n<figure id=\"attachment_2639\" aria-describedby=\"caption-attachment-2639\" style=\"width: 800px\" class=\"wp-caption aligncenter\"><a href=\"http:\/\/www.polisrecreio.com.br\/site\/wp-content\/uploads\/2016\/08\/DSCF1475.jpg\"><img loading=\"lazy\" class=\"size-full wp-image-2639\" src=\"http:\/\/www.polisrecreio.com.br\/site\/wp-content\/uploads\/2016\/08\/DSCF1475.jpg\" alt=\"Festival de Viola 2014. Foto: Arquivo.\" width=\"800\" height=\"533\" srcset=\"https:\/\/www.polisrecreio.com.br\/site\/wp-content\/uploads\/2016\/08\/DSCF1475.jpg 800w, https:\/\/www.polisrecreio.com.br\/site\/wp-content\/uploads\/2016\/08\/DSCF1475-300x200.jpg 300w\" sizes=\"(max-width: 800px) 100vw, 800px\" \/><\/a><figcaption id=\"caption-attachment-2639\" class=\"wp-caption-text\">Festival de Viola 2014. Foto: Arquivo.<\/figcaption><\/figure>\n<p style=\"text-align: justify;\">Na programa\u00e7\u00e3o do Festival est\u00e3o previstas apresenta\u00e7\u00f5es de 10 violeiros (solos ou duplas), concorrendo a pr\u00eamios que somam R$ 3 mil. Logo ap\u00f3s show com o grupo que abriu o Festival de Viola e Gastronomia de Piacatuba de 2016, Hermes Viola e Luiz, de Leopoldina. Em 2013, o grupo participou do Festival de Recreio e venceu na etapa de m\u00fasica de interpreta\u00e7\u00e3o. A apresenta\u00e7\u00e3o do evento ser\u00e1 de Aristides Braz.<\/p>\n<p style=\"text-align: justify;\">Para realizar a 8\u00aa edi\u00e7\u00e3o do Festival a Prefeitura contratou a empresa a Santos e Souza Solu\u00e7\u00f5es P\u00fablicas Ltda., da cidade de Guarani (MG), com o nome fantasia EXPOTV Minas Estrutura para Evento, atrav\u00e9s do processo de licita\u00e7\u00e3o n\u00ba 061\/2016 \u2013 preg\u00e3o presencial n\u00ba 048\/2016.<\/p>\n","protected":false},"excerpt":{"rendered":"<p>O 8\u00ba Festival de Viola de Recreio ser\u00e1 realizado no pr\u00f3ximo s\u00e1bado (10), a partir das 19h, na Pra\u00e7a dos Ferrovi\u00e1rios e para realizar o evento a Prefeitura Municipal investir\u00e1 R$ 23 mil por meio de recursos pr\u00f3prios.<\/p>\n","protected":false},"author":3,"featured_media":2639,"comment_status":"open","ping_status":"open","sticky":false,"template":"","format":"standard","meta":[],"categories":[2],"tags":[],"yoast_head":"<!-- This site is optimized with the Yoast SEO plugin v15.6.2 - https:\/\/yoast.com\/wordpress\/plugins\/seo\/ -->\n<meta name=\"robots\" content=\"index, follow, max-snippet:-1, max-image-preview:large, max-video-preview:-1\" \/>\n<link rel=\"canonical\" href=\"http:\/\/www.polisrecreio.com.br\/site\/2016\/09\/08\/festival-de-viola-de-recreio-custara-r-23-mil\/\" \/>\n<meta property=\"og:locale\" content=\"pt_BR\" \/>\n<meta property=\"og:type\" content=\"article\" \/>\n<meta property=\"og:title\" content=\"Festival de Viola de Recreio custar\u00e1 R$ 23 mil - P\u00f3lis Recreio\" \/>\n<meta property=\"og:description\" content=\"O 8\u00ba Festival de Viola de Recreio ser\u00e1 realizado no pr\u00f3ximo s\u00e1bado (10), a partir das 19h, na Pra\u00e7a dos Ferrovi\u00e1rios e para realizar o evento a Prefeitura Municipal investir\u00e1 R$ 23 mil por meio de recursos pr\u00f3prios.\" \/>\n<meta property=\"og:url\" content=\"http:\/\/www.polisrecreio.com.br\/site\/2016\/09\/08\/festival-de-viola-de-recreio-custara-r-23-mil\/\" \/>\n<meta property=\"og:site_name\" content=\"P\u00f3lis Recreio\" \/>\n<meta property=\"article:publisher\" content=\"https:\/\/www.facebook.com\/Site-P%c3%b3lis-Recreio-MG-181941708571019\/\" \/>\n<meta property=\"article:published_time\" content=\"2016-09-09T01:36:58+00:00\" \/>\n<meta property=\"og:image\" content=\"https:\/\/www.polisrecreio.com.br\/site\/wp-content\/uploads\/2016\/08\/DSCF1475.jpg\" \/>\n\t<meta property=\"og:image:width\" content=\"800\" \/>\n\t<meta property=\"og:image:height\" content=\"533\" \/>\n<meta name=\"twitter:card\" content=\"summary_large_image\" \/>\n<meta name=\"twitter:creator\" content=\"@PolisRecreio\" \/>\n<meta name=\"twitter:site\" content=\"@PolisRecreio\" \/>\n<meta name=\"twitter:label1\" content=\"Est. reading time\">\n\t<meta name=\"twitter:data1\" content=\"1 minuto\">\n<script type=\"application\/ld+json\" class=\"yoast-schema-graph\">{\"@context\":\"https:\/\/schema.org\",\"@graph\":[{\"@type\":\"WebSite\",\"@id\":\"https:\/\/www.polisrecreio.com.br\/site\/#website\",\"url\":\"https:\/\/www.polisrecreio.com.br\/site\/\",\"name\":\"P\\u00f3lis Recreio\",\"description\":\"\",\"potentialAction\":[{\"@type\":\"SearchAction\",\"target\":\"https:\/\/www.polisrecreio.com.br\/site\/?s={search_term_string}\",\"query-input\":\"required name=search_term_string\"}],\"inLanguage\":\"pt-BR\"},{\"@type\":\"ImageObject\",\"@id\":\"http:\/\/www.polisrecreio.com.br\/site\/2016\/09\/08\/festival-de-viola-de-recreio-custara-r-23-mil\/#primaryimage\",\"inLanguage\":\"pt-BR\",\"url\":\"https:\/\/www.polisrecreio.com.br\/site\/wp-content\/uploads\/2016\/08\/DSCF1475.jpg\",\"width\":800,\"height\":533,\"caption\":\"Festival de Viola 2014. Foto: Arquivo.\"},{\"@type\":\"WebPage\",\"@id\":\"http:\/\/www.polisrecreio.com.br\/site\/2016\/09\/08\/festival-de-viola-de-recreio-custara-r-23-mil\/#webpage\",\"url\":\"http:\/\/www.polisrecreio.com.br\/site\/2016\/09\/08\/festival-de-viola-de-recreio-custara-r-23-mil\/\",\"name\":\"Festival de Viola de Recreio custar\\u00e1 R$ 23 mil - P\\u00f3lis Recreio\",\"isPartOf\":{\"@id\":\"https:\/\/www.polisrecreio.com.br\/site\/#website\"},\"primaryImageOfPage\":{\"@id\":\"http:\/\/www.polisrecreio.com.br\/site\/2016\/09\/08\/festival-de-viola-de-recreio-custara-r-23-mil\/#primaryimage\"},\"datePublished\":\"2016-09-09T01:36:58+00:00\",\"dateModified\":\"2016-09-09T01:36:58+00:00\",\"author\":{\"@id\":\"https:\/\/www.polisrecreio.com.br\/site\/#\/schema\/person\/3363c1c78e1e28e1329d97adb387638e\"},\"inLanguage\":\"pt-BR\",\"potentialAction\":[{\"@type\":\"ReadAction\",\"target\":[\"http:\/\/www.polisrecreio.com.br\/site\/2016\/09\/08\/festival-de-viola-de-recreio-custara-r-23-mil\/\"]}]},{\"@type\":\"Person\",\"@id\":\"https:\/\/www.polisrecreio.com.br\/site\/#\/schema\/person\/3363c1c78e1e28e1329d97adb387638e\",\"name\":\"Leonardo Ribeiro\",\"image\":{\"@type\":\"ImageObject\",\"@id\":\"https:\/\/www.polisrecreio.com.br\/site\/#personlogo\",\"inLanguage\":\"pt-BR\",\"url\":\"https:\/\/secure.gravatar.com\/avatar\/6ba92a37d621e1a83e23710251178a12?s=96&d=mm&r=g\",\"caption\":\"Leonardo Ribeiro\"},\"sameAs\":[\"http:\/\/www.polisrecreio.com.br\"]}]}<\/script>\n<!-- \/ Yoast SEO plugin. -->","_links":{"self":[{"href":"https:\/\/www.polisrecreio.com.br\/site\/wp-json\/wp\/v2\/posts\/2877"}],"collection":[{"href":"https:\/\/www.polisrecreio.com.br\/site\/wp-json\/wp\/v2\/posts"}],"about":[{"href":"https:\/\/www.polisrecreio.com.br\/site\/wp-json\/wp\/v2\/types\/post"}],"author":[{"embeddable":true,"href":"https:\/\/www.polisrecreio.com.br\/site\/wp-json\/wp\/v2\/users\/3"}],"replies":[{"embeddable":true,"href":"https:\/\/www.polisrecreio.com.br\/site\/wp-json\/wp\/v2\/comments?post=2877"}],"version-history":[{"count":1,"href":"https:\/\/www.polisrecreio.com.br\/site\/wp-json\/wp\/v2\/posts\/2877\/revisions"}],"predecessor-version":[{"id":2878,"href":"https:\/\/www.polisrecreio.com.br\/site\/wp-json\/wp\/v2\/posts\/2877\/revisions\/2878"}],"wp:featuredmedia":[{"embeddable":true,"href":"https:\/\/www.polisrecreio.com.br\/site\/wp-json\/wp\/v2\/media\/2639"}],"wp:attachment":[{"href":"https:\/\/www.polisrecreio.com.br\/site\/wp-json\/wp\/v2\/media?parent=2877"}],"wp:term":[{"taxonomy":"category","embeddable":true,"href":"https:\/\/www.polisrecreio.com.br\/site\/wp-json\/wp\/v2\/categories?post=2877"},{"taxonomy":"post_tag","embeddable":true,"href":"https:\/\/www.polisrecreio.com.br\/site\/wp-json\/wp\/v2\/tags?post=2877"}],"curies":[{"name":"wp","href":"https:\/\/api.w.org\/{rel}","templated":true}]}}