{"id":28872,"date":"2026-09-02T09:03:07","date_gmt":"2026-09-02T12:03:07","guid":{"rendered":"http:\/\/www.polisrecreio.com.br\/site\/?p=28872"},"modified":"2026-09-02T09:03:07","modified_gmt":"2026-09-02T12:03:07","slug":"conheca-o-site-do-pedagogo-recreiense-cesar-roberto","status":"publish","type":"post","link":"https:\/\/www.polisrecreio.com.br\/site\/2026\/09\/02\/conheca-o-site-do-pedagogo-recreiense-cesar-roberto\/","title":{"rendered":"Conhe\u00e7a o site do pedagogo recreiense Cesar Roberto"},"content":{"rendered":"<p style=\"text-align: justify;\">Tem novidade em Recreio na \u00e1rea de educa\u00e7\u00e3o: \u00e9 o site do pedagogo recreiense Cesar Roberto. Ele \u00e9 licenciado em Pedagogia pela Faculdades Integradas de\u00a0Mineiros (FIMES), da cidade de Mineiros (Goi\u00e1s), e p\u00f3s-graduado em Gest\u00e3o Escolar, Psicopedagogia e Neuropsicopedagogia pela Faculdade de Venda Nova do Imigrante (FAVENI) \u2013 EAD, da cidade de Vit\u00f3ria (Esp\u00edrito Santo).<\/p>\n<p><!--more--><\/p>\n<p><a href=\"http:\/\/www.polisrecreio.com.br\/site\/wp-content\/uploads\/2026\/09\/Acompanhado-2.jpg\"><img loading=\"lazy\" class=\"aligncenter size-full wp-image-28873\" src=\"http:\/\/www.polisrecreio.com.br\/site\/wp-content\/uploads\/2026\/09\/Acompanhado-2.jpg\" alt=\"\" width=\"750\" height=\"500\" srcset=\"https:\/\/www.polisrecreio.com.br\/site\/wp-content\/uploads\/2026\/09\/Acompanhado-2.jpg 750w, https:\/\/www.polisrecreio.com.br\/site\/wp-content\/uploads\/2026\/09\/Acompanhado-2-300x200.jpg 300w\" sizes=\"(max-width: 750px) 100vw, 750px\" \/><\/a><\/p>\n<p style=\"text-align: justify;\"><em>\u201cMinha atua\u00e7\u00e3o \u00e9 especializada no acolhimento de crian\u00e7as, jovens (adolescentes) e adultos, compreendendo as particularidades de cada fase do neurodesenvolvimento: desde a alfabetiza\u00e7\u00e3o e dificuldades escolares na inf\u00e2ncia at\u00e9 as fun\u00e7\u00f5es executivas, foco e organiza\u00e7\u00e3o na adolesc\u00eancia e na vida adulta\u201d<\/em>, disse.<\/p>\n<p style=\"text-align: justify;\">Acesse e conhe\u00e7a: <a href=\"http:\/\/cesarrobertopedagogia.vercel.app\/\" target=\"_blank\" rel=\"noopener noreferrer\">cesarrobertopedagogia.vercel.app\/<\/a><\/p>\n","protected":false},"excerpt":{"rendered":"<p>Tem novidade em Recreio na \u00e1rea de educa\u00e7\u00e3o: \u00e9 o site do pedagogo recreiense Cesar Roberto. Ele \u00e9 licenciado em Pedagogia pela Faculdades Integradas de\u00a0Mineiros (FIMES), da cidade de Mineiros (Goi\u00e1s), e p\u00f3s-graduado em Gest\u00e3o Escolar, Psicopedagogia e Neuropsicopedagogia pela Faculdade de Venda Nova do Imigrante (FAVENI) \u2013 EAD, da cidade de Vit\u00f3ria (Esp\u00edrito Santo).<\/p>\n","protected":false},"author":3,"featured_media":0,"comment_status":"open","ping_status":"open","sticky":false,"template":"","format":"standard","meta":[],"categories":[9],"tags":[],"yoast_head":"<!-- This site is optimized with the Yoast SEO plugin v15.6.2 - https:\/\/yoast.com\/wordpress\/plugins\/seo\/ -->\n<meta name=\"robots\" content=\"index, follow, max-snippet:-1, max-image-preview:large, max-video-preview:-1\" \/>\n<link rel=\"canonical\" href=\"http:\/\/www.polisrecreio.com.br\/site\/2026\/09\/02\/conheca-o-site-do-pedagogo-recreiense-cesar-roberto\/\" \/>\n<meta property=\"og:locale\" content=\"pt_BR\" \/>\n<meta property=\"og:type\" content=\"article\" \/>\n<meta property=\"og:title\" content=\"Conhe\u00e7a o site do pedagogo recreiense Cesar Roberto - P\u00f3lis Recreio\" \/>\n<meta property=\"og:description\" content=\"Tem novidade em Recreio na \u00e1rea de educa\u00e7\u00e3o: \u00e9 o site do pedagogo recreiense Cesar Roberto. Ele \u00e9 licenciado em Pedagogia pela Faculdades Integradas de\u00a0Mineiros (FIMES), da cidade de Mineiros (Goi\u00e1s), e p\u00f3s-graduado em Gest\u00e3o Escolar, Psicopedagogia e Neuropsicopedagogia pela Faculdade de Venda Nova do Imigrante (FAVENI) \u2013 EAD, da cidade de Vit\u00f3ria (Esp\u00edrito Santo).\" \/>\n<meta property=\"og:url\" content=\"http:\/\/www.polisrecreio.com.br\/site\/2026\/09\/02\/conheca-o-site-do-pedagogo-recreiense-cesar-roberto\/\" \/>\n<meta property=\"og:site_name\" content=\"P\u00f3lis Recreio\" \/>\n<meta property=\"article:publisher\" content=\"https:\/\/www.facebook.com\/Site-P%c3%b3lis-Recreio-MG-181941708571019\/\" \/>\n<meta property=\"article:published_time\" content=\"2026-09-02T12:03:07+00:00\" \/>\n<meta property=\"og:image\" content=\"http:\/\/www.polisrecreio.com.br\/site\/wp-content\/uploads\/2026\/09\/Acompanhado-2.jpg\" \/>\n<meta name=\"twitter:card\" content=\"summary_large_image\" \/>\n<meta name=\"twitter:creator\" content=\"@PolisRecreio\" \/>\n<meta name=\"twitter:site\" content=\"@PolisRecreio\" \/>\n<meta name=\"twitter:label1\" content=\"Est. reading time\">\n\t<meta name=\"twitter:data1\" content=\"1 minuto\">\n<script type=\"application\/ld+json\" class=\"yoast-schema-graph\">{\"@context\":\"https:\/\/schema.org\",\"@graph\":[{\"@type\":\"WebSite\",\"@id\":\"https:\/\/www.polisrecreio.com.br\/site\/#website\",\"url\":\"https:\/\/www.polisrecreio.com.br\/site\/\",\"name\":\"P\\u00f3lis Recreio\",\"description\":\"\",\"potentialAction\":[{\"@type\":\"SearchAction\",\"target\":\"https:\/\/www.polisrecreio.com.br\/site\/?s={search_term_string}\",\"query-input\":\"required name=search_term_string\"}],\"inLanguage\":\"pt-BR\"},{\"@type\":\"ImageObject\",\"@id\":\"http:\/\/www.polisrecreio.com.br\/site\/2026\/09\/02\/conheca-o-site-do-pedagogo-recreiense-cesar-roberto\/#primaryimage\",\"inLanguage\":\"pt-BR\",\"url\":\"http:\/\/www.polisrecreio.com.br\/site\/wp-content\/uploads\/2026\/09\/Acompanhado-2.jpg\"},{\"@type\":\"WebPage\",\"@id\":\"http:\/\/www.polisrecreio.com.br\/site\/2026\/09\/02\/conheca-o-site-do-pedagogo-recreiense-cesar-roberto\/#webpage\",\"url\":\"http:\/\/www.polisrecreio.com.br\/site\/2026\/09\/02\/conheca-o-site-do-pedagogo-recreiense-cesar-roberto\/\",\"name\":\"Conhe\\u00e7a o site do pedagogo recreiense Cesar Roberto - P\\u00f3lis Recreio\",\"isPartOf\":{\"@id\":\"https:\/\/www.polisrecreio.com.br\/site\/#website\"},\"primaryImageOfPage\":{\"@id\":\"http:\/\/www.polisrecreio.com.br\/site\/2026\/09\/02\/conheca-o-site-do-pedagogo-recreiense-cesar-roberto\/#primaryimage\"},\"datePublished\":\"2026-09-02T12:03:07+00:00\",\"dateModified\":\"2026-09-02T12:03:07+00:00\",\"author\":{\"@id\":\"https:\/\/www.polisrecreio.com.br\/site\/#\/schema\/person\/3363c1c78e1e28e1329d97adb387638e\"},\"inLanguage\":\"pt-BR\",\"potentialAction\":[{\"@type\":\"ReadAction\",\"target\":[\"http:\/\/www.polisrecreio.com.br\/site\/2026\/09\/02\/conheca-o-site-do-pedagogo-recreiense-cesar-roberto\/\"]}]},{\"@type\":\"Person\",\"@id\":\"https:\/\/www.polisrecreio.com.br\/site\/#\/schema\/person\/3363c1c78e1e28e1329d97adb387638e\",\"name\":\"Leonardo Ribeiro\",\"image\":{\"@type\":\"ImageObject\",\"@id\":\"https:\/\/www.polisrecreio.com.br\/site\/#personlogo\",\"inLanguage\":\"pt-BR\",\"url\":\"https:\/\/secure.gravatar.com\/avatar\/6ba92a37d621e1a83e23710251178a12?s=96&d=mm&r=g\",\"caption\":\"Leonardo Ribeiro\"},\"sameAs\":[\"http:\/\/www.polisrecreio.com.br\"]}]}<\/script>\n<!-- \/ Yoast SEO plugin. -->","_links":{"self":[{"href":"https:\/\/www.polisrecreio.com.br\/site\/wp-json\/wp\/v2\/posts\/28872"}],"collection":[{"href":"https:\/\/www.polisrecreio.com.br\/site\/wp-json\/wp\/v2\/posts"}],"about":[{"href":"https:\/\/www.polisrecreio.com.br\/site\/wp-json\/wp\/v2\/types\/post"}],"author":[{"embeddable":true,"href":"https:\/\/www.polisrecreio.com.br\/site\/wp-json\/wp\/v2\/users\/3"}],"replies":[{"embeddable":true,"href":"https:\/\/www.polisrecreio.com.br\/site\/wp-json\/wp\/v2\/comments?post=28872"}],"version-history":[{"count":1,"href":"https:\/\/www.polisrecreio.com.br\/site\/wp-json\/wp\/v2\/posts\/28872\/revisions"}],"predecessor-version":[{"id":28874,"href":"https:\/\/www.polisrecreio.com.br\/site\/wp-json\/wp\/v2\/posts\/28872\/revisions\/28874"}],"wp:attachment":[{"href":"https:\/\/www.polisrecreio.com.br\/site\/wp-json\/wp\/v2\/media?parent=28872"}],"wp:term":[{"taxonomy":"category","embeddable":true,"href":"https:\/\/www.polisrecreio.com.br\/site\/wp-json\/wp\/v2\/categories?post=28872"},{"taxonomy":"post_tag","embeddable":true,"href":"https:\/\/www.polisrecreio.com.br\/site\/wp-json\/wp\/v2\/tags?post=28872"}],"curies":[{"name":"wp","href":"https:\/\/api.w.org\/{rel}","templated":true}]}}