{"id":2891,"date":"2016-09-11T10:53:41","date_gmt":"2016-09-11T13:53:41","guid":{"rendered":"http:\/\/www.polisrecreio.com.br\/site\/?p=2891"},"modified":"2016-09-11T10:59:56","modified_gmt":"2016-09-11T13:59:56","slug":"recreio-e-c-esta-nas-semifinais-do-sub-17-da-lec","status":"publish","type":"post","link":"https:\/\/www.polisrecreio.com.br\/site\/2016\/09\/11\/recreio-e-c-esta-nas-semifinais-do-sub-17-da-lec\/","title":{"rendered":"Recreio E.C est\u00e1 nas semifinais do sub-17 da LEC"},"content":{"rendered":"<p style=\"text-align: justify;\">A garotada do Recreio Esporte Clube est\u00e1 nas semifinais do Campeonato Regional da Liga Esportiva de Cataguases, categoria sub-17. A classifica\u00e7\u00e3o veio depois de um empate em casa contra o Democrata de Santana de Cataguases.<\/p>\n<p style=\"text-align: justify;\"><!--more--><\/p>\n<p style=\"text-align: justify;\"><a href=\"http:\/\/www.polisrecreio.com.br\/site\/wp-content\/uploads\/2016\/09\/14302982_1097176593694233_88685744_n.jpg\"><img loading=\"lazy\" class=\"aligncenter size-full wp-image-2892\" src=\"http:\/\/www.polisrecreio.com.br\/site\/wp-content\/uploads\/2016\/09\/14302982_1097176593694233_88685744_n.jpg\" alt=\"14302982_1097176593694233_88685744_n\" width=\"800\" height=\"600\" srcset=\"https:\/\/www.polisrecreio.com.br\/site\/wp-content\/uploads\/2016\/09\/14302982_1097176593694233_88685744_n.jpg 800w, https:\/\/www.polisrecreio.com.br\/site\/wp-content\/uploads\/2016\/09\/14302982_1097176593694233_88685744_n-300x225.jpg 300w\" sizes=\"(max-width: 800px) 100vw, 800px\" \/><\/a><\/p>\n<p style=\"text-align: justify;\">Os recreienses conquistaram a vaga com uma vit\u00f3ria por 2X0, fora de casa, e um empate em 1X1, no Est\u00e1dio Euvaldo Lodi, na tarde de ontem (10), com gol de Paulinho.<\/p>\n<p style=\"text-align: justify;\">Agora, os comandados de Dindin e Rom\u00e1rio, aguardam a confirma\u00e7\u00e3o da dire\u00e7\u00e3o da LEC sobre o confronto do pr\u00f3ximo mata-mata. O REC dever\u00e1 enfrentar o Democrata de Al\u00e9m Para\u00edba.<\/p>\n<p style=\"text-align: justify;\"><a href=\"http:\/\/www.polisrecreio.com.br\/site\/wp-content\/uploads\/2016\/09\/14331031_1097176633694229_1514098589_n.jpg\"><img loading=\"lazy\" class=\"aligncenter size-full wp-image-2894\" src=\"http:\/\/www.polisrecreio.com.br\/site\/wp-content\/uploads\/2016\/09\/14331031_1097176633694229_1514098589_n.jpg\" alt=\"14331031_1097176633694229_1514098589_n\" width=\"800\" height=\"600\" srcset=\"https:\/\/www.polisrecreio.com.br\/site\/wp-content\/uploads\/2016\/09\/14331031_1097176633694229_1514098589_n.jpg 800w, https:\/\/www.polisrecreio.com.br\/site\/wp-content\/uploads\/2016\/09\/14331031_1097176633694229_1514098589_n-300x225.jpg 300w\" sizes=\"(max-width: 800px) 100vw, 800px\" \/><\/a><\/p>\n<p style=\"text-align: justify;\"><a href=\"http:\/\/www.polisrecreio.com.br\/site\/wp-content\/uploads\/2016\/09\/14328822_1097176420360917_1710968436_n.jpg\"><img loading=\"lazy\" class=\"aligncenter size-full wp-image-2893\" src=\"http:\/\/www.polisrecreio.com.br\/site\/wp-content\/uploads\/2016\/09\/14328822_1097176420360917_1710968436_n.jpg\" alt=\"14328822_1097176420360917_1710968436_n\" width=\"800\" height=\"600\" srcset=\"https:\/\/www.polisrecreio.com.br\/site\/wp-content\/uploads\/2016\/09\/14328822_1097176420360917_1710968436_n.jpg 800w, https:\/\/www.polisrecreio.com.br\/site\/wp-content\/uploads\/2016\/09\/14328822_1097176420360917_1710968436_n-300x225.jpg 300w\" sizes=\"(max-width: 800px) 100vw, 800px\" \/><\/a><\/p>\n","protected":false},"excerpt":{"rendered":"<p>A garotada do Recreio Esporte Clube est\u00e1 nas semifinais do Campeonato Regional da Liga Esportiva de Cataguases, categoria sub-17. A classifica\u00e7\u00e3o veio depois de um empate em casa contra o Democrata de Santana de Cataguases.<\/p>\n","protected":false},"author":3,"featured_media":2892,"comment_status":"open","ping_status":"open","sticky":false,"template":"","format":"standard","meta":[],"categories":[4],"tags":[],"yoast_head":"<!-- This site is optimized with the Yoast SEO plugin v15.6.2 - https:\/\/yoast.com\/wordpress\/plugins\/seo\/ -->\n<meta name=\"robots\" content=\"index, follow, max-snippet:-1, max-image-preview:large, max-video-preview:-1\" \/>\n<link rel=\"canonical\" href=\"http:\/\/www.polisrecreio.com.br\/site\/2016\/09\/11\/recreio-e-c-esta-nas-semifinais-do-sub-17-da-lec\/\" \/>\n<meta property=\"og:locale\" content=\"pt_BR\" \/>\n<meta property=\"og:type\" content=\"article\" \/>\n<meta property=\"og:title\" content=\"Recreio E.C est\u00e1 nas semifinais do sub-17 da LEC - P\u00f3lis Recreio\" \/>\n<meta property=\"og:description\" content=\"A garotada do Recreio Esporte Clube est\u00e1 nas semifinais do Campeonato Regional da Liga Esportiva de Cataguases, categoria sub-17. A classifica\u00e7\u00e3o veio depois de um empate em casa contra o Democrata de Santana de Cataguases.\" \/>\n<meta property=\"og:url\" content=\"http:\/\/www.polisrecreio.com.br\/site\/2016\/09\/11\/recreio-e-c-esta-nas-semifinais-do-sub-17-da-lec\/\" \/>\n<meta property=\"og:site_name\" content=\"P\u00f3lis Recreio\" \/>\n<meta property=\"article:publisher\" content=\"https:\/\/www.facebook.com\/Site-P%c3%b3lis-Recreio-MG-181941708571019\/\" \/>\n<meta property=\"article:published_time\" content=\"2016-09-11T13:53:41+00:00\" \/>\n<meta property=\"article:modified_time\" content=\"2016-09-11T13:59:56+00:00\" \/>\n<meta property=\"og:image\" content=\"https:\/\/www.polisrecreio.com.br\/site\/wp-content\/uploads\/2016\/09\/14302982_1097176593694233_88685744_n.jpg\" \/>\n\t<meta property=\"og:image:width\" content=\"800\" \/>\n\t<meta property=\"og:image:height\" content=\"600\" \/>\n<meta name=\"twitter:card\" content=\"summary_large_image\" \/>\n<meta name=\"twitter:creator\" content=\"@PolisRecreio\" \/>\n<meta name=\"twitter:site\" content=\"@PolisRecreio\" \/>\n<meta name=\"twitter:label1\" content=\"Est. reading time\">\n\t<meta name=\"twitter:data1\" content=\"1 minuto\">\n<script type=\"application\/ld+json\" class=\"yoast-schema-graph\">{\"@context\":\"https:\/\/schema.org\",\"@graph\":[{\"@type\":\"WebSite\",\"@id\":\"https:\/\/www.polisrecreio.com.br\/site\/#website\",\"url\":\"https:\/\/www.polisrecreio.com.br\/site\/\",\"name\":\"P\\u00f3lis Recreio\",\"description\":\"\",\"potentialAction\":[{\"@type\":\"SearchAction\",\"target\":\"https:\/\/www.polisrecreio.com.br\/site\/?s={search_term_string}\",\"query-input\":\"required name=search_term_string\"}],\"inLanguage\":\"pt-BR\"},{\"@type\":\"ImageObject\",\"@id\":\"http:\/\/www.polisrecreio.com.br\/site\/2016\/09\/11\/recreio-e-c-esta-nas-semifinais-do-sub-17-da-lec\/#primaryimage\",\"inLanguage\":\"pt-BR\",\"url\":\"https:\/\/www.polisrecreio.com.br\/site\/wp-content\/uploads\/2016\/09\/14302982_1097176593694233_88685744_n.jpg\",\"width\":800,\"height\":600},{\"@type\":\"WebPage\",\"@id\":\"http:\/\/www.polisrecreio.com.br\/site\/2016\/09\/11\/recreio-e-c-esta-nas-semifinais-do-sub-17-da-lec\/#webpage\",\"url\":\"http:\/\/www.polisrecreio.com.br\/site\/2016\/09\/11\/recreio-e-c-esta-nas-semifinais-do-sub-17-da-lec\/\",\"name\":\"Recreio E.C est\\u00e1 nas semifinais do sub-17 da LEC - P\\u00f3lis Recreio\",\"isPartOf\":{\"@id\":\"https:\/\/www.polisrecreio.com.br\/site\/#website\"},\"primaryImageOfPage\":{\"@id\":\"http:\/\/www.polisrecreio.com.br\/site\/2016\/09\/11\/recreio-e-c-esta-nas-semifinais-do-sub-17-da-lec\/#primaryimage\"},\"datePublished\":\"2016-09-11T13:53:41+00:00\",\"dateModified\":\"2016-09-11T13:59:56+00:00\",\"author\":{\"@id\":\"https:\/\/www.polisrecreio.com.br\/site\/#\/schema\/person\/3363c1c78e1e28e1329d97adb387638e\"},\"inLanguage\":\"pt-BR\",\"potentialAction\":[{\"@type\":\"ReadAction\",\"target\":[\"http:\/\/www.polisrecreio.com.br\/site\/2016\/09\/11\/recreio-e-c-esta-nas-semifinais-do-sub-17-da-lec\/\"]}]},{\"@type\":\"Person\",\"@id\":\"https:\/\/www.polisrecreio.com.br\/site\/#\/schema\/person\/3363c1c78e1e28e1329d97adb387638e\",\"name\":\"Leonardo Ribeiro\",\"image\":{\"@type\":\"ImageObject\",\"@id\":\"https:\/\/www.polisrecreio.com.br\/site\/#personlogo\",\"inLanguage\":\"pt-BR\",\"url\":\"https:\/\/secure.gravatar.com\/avatar\/6ba92a37d621e1a83e23710251178a12?s=96&d=mm&r=g\",\"caption\":\"Leonardo Ribeiro\"},\"sameAs\":[\"http:\/\/www.polisrecreio.com.br\"]}]}<\/script>\n<!-- \/ Yoast SEO plugin. -->","_links":{"self":[{"href":"https:\/\/www.polisrecreio.com.br\/site\/wp-json\/wp\/v2\/posts\/2891"}],"collection":[{"href":"https:\/\/www.polisrecreio.com.br\/site\/wp-json\/wp\/v2\/posts"}],"about":[{"href":"https:\/\/www.polisrecreio.com.br\/site\/wp-json\/wp\/v2\/types\/post"}],"author":[{"embeddable":true,"href":"https:\/\/www.polisrecreio.com.br\/site\/wp-json\/wp\/v2\/users\/3"}],"replies":[{"embeddable":true,"href":"https:\/\/www.polisrecreio.com.br\/site\/wp-json\/wp\/v2\/comments?post=2891"}],"version-history":[{"count":4,"href":"https:\/\/www.polisrecreio.com.br\/site\/wp-json\/wp\/v2\/posts\/2891\/revisions"}],"predecessor-version":[{"id":2898,"href":"https:\/\/www.polisrecreio.com.br\/site\/wp-json\/wp\/v2\/posts\/2891\/revisions\/2898"}],"wp:featuredmedia":[{"embeddable":true,"href":"https:\/\/www.polisrecreio.com.br\/site\/wp-json\/wp\/v2\/media\/2892"}],"wp:attachment":[{"href":"https:\/\/www.polisrecreio.com.br\/site\/wp-json\/wp\/v2\/media?parent=2891"}],"wp:term":[{"taxonomy":"category","embeddable":true,"href":"https:\/\/www.polisrecreio.com.br\/site\/wp-json\/wp\/v2\/categories?post=2891"},{"taxonomy":"post_tag","embeddable":true,"href":"https:\/\/www.polisrecreio.com.br\/site\/wp-json\/wp\/v2\/tags?post=2891"}],"curies":[{"name":"wp","href":"https:\/\/api.w.org\/{rel}","templated":true}]}}