{"id":2924,"date":"2016-09-14T18:58:49","date_gmt":"2016-09-14T21:58:49","guid":{"rendered":"http:\/\/www.polisrecreio.com.br\/site\/?p=2924"},"modified":"2016-09-14T18:58:49","modified_gmt":"2016-09-14T21:58:49","slug":"na-vespera-da-prefeitura-findar-convenio-com-o-hospital-festa-do-hss-arrecada-mais-de-r-48-mil","status":"publish","type":"post","link":"https:\/\/www.polisrecreio.com.br\/site\/2016\/09\/14\/na-vespera-da-prefeitura-findar-convenio-com-o-hospital-festa-do-hss-arrecada-mais-de-r-48-mil\/","title":{"rendered":"Na v\u00e9spera da Prefeitura findar conv\u00eanio com o Hospital, festa do HSS arrecada mais de R$ 48 mil"},"content":{"rendered":"<p style=\"text-align: justify;\">Na v\u00e9spera da Prefeitura Municipal findar o conv\u00eanio com o Hospital S\u00e3o Sebasti\u00e3o, uma das maiores festas de anivers\u00e1rio do HSS j\u00e1 realizadas durante os seus 24 anos de hist\u00f3ria conseguiu arrecadar R$ 48.281,27, que ser\u00e3o utilizados nas despesas correntes da entidade filantr\u00f3pica.<\/p>\n<p style=\"text-align: justify;\"><!--more--><\/p>\n<p style=\"text-align: justify;\"><a href=\"http:\/\/www.polisrecreio.com.br\/site\/wp-content\/uploads\/2016\/05\/DSCF5214.jpg\"><img loading=\"lazy\" class=\"aligncenter size-full wp-image-1841\" src=\"http:\/\/www.polisrecreio.com.br\/site\/wp-content\/uploads\/2016\/05\/DSCF5214.jpg\" alt=\"DSCF5214\" width=\"800\" height=\"533\" srcset=\"https:\/\/www.polisrecreio.com.br\/site\/wp-content\/uploads\/2016\/05\/DSCF5214.jpg 800w, https:\/\/www.polisrecreio.com.br\/site\/wp-content\/uploads\/2016\/05\/DSCF5214-300x200.jpg 300w\" sizes=\"(max-width: 800px) 100vw, 800px\" \/><\/a><\/p>\n<p style=\"text-align: justify;\">No pr\u00f3ximo trimestre, o HSS, passar\u00e1 por grandes dificuldades por conta do fim da coopera\u00e7\u00e3o financeira entre a Prefeitura Municipal e o Hospital neste m\u00eas de setembro. Em maio o recurso, exclusivo, para despesas da entidade j\u00e1 havia tido um corte, caindo de R$ 17.500 para R$ 10 mil. Na \u00e9poca, a justificativa da gest\u00e3o municipal para diminui\u00e7\u00e3o havia sido a queda nas arrecada\u00e7\u00f5es. Os demais itens do conv\u00eanio entre Prefeitura\/Hospital, que incluem manuten\u00e7\u00e3o do Pronto-Socorro Municipal, est\u00e3o mantidos at\u00e9 dezembro.<\/p>\n<p style=\"text-align: justify;\">Segundo o balancete apresentado pela dire\u00e7\u00e3o do HSS, \u201cos tr\u00eas dias (9, 10 e 11) de festa no Social Country Clube tiveram receita bruta de R$ 73.001, com despesas de R$ 24.719,43 e renda l\u00edquida de R$ 48.281,57\u201d.<\/p>\n<p style=\"text-align: justify;\">Por meio do Site P\u00f3lis, o provedor do HSS, Dr. Luiz Ronaldo Pinheiro dos Santos, \u201cagradece a cada amigo e amiga do Hospital S\u00e3o Sebasti\u00e3o, que participou e ajudou\u201d.<\/p>\n<figure id=\"attachment_2925\" aria-describedby=\"caption-attachment-2925\" style=\"width: 903px\" class=\"wp-caption aligncenter\"><a href=\"http:\/\/www.polisrecreio.com.br\/site\/wp-content\/uploads\/2016\/09\/14364825_10202083210598629_6438086013377989674_n.jpg\"><img loading=\"lazy\" class=\"wp-image-2925 size-full\" src=\"http:\/\/www.polisrecreio.com.br\/site\/wp-content\/uploads\/2016\/09\/14364825_10202083210598629_6438086013377989674_n.jpg\" alt=\"Balancete da festa de 24 anos do HSS.\" width=\"903\" height=\"615\" srcset=\"https:\/\/www.polisrecreio.com.br\/site\/wp-content\/uploads\/2016\/09\/14364825_10202083210598629_6438086013377989674_n.jpg 903w, https:\/\/www.polisrecreio.com.br\/site\/wp-content\/uploads\/2016\/09\/14364825_10202083210598629_6438086013377989674_n-300x204.jpg 300w\" sizes=\"(max-width: 903px) 100vw, 903px\" \/><\/a><figcaption id=\"caption-attachment-2925\" class=\"wp-caption-text\">Balancete da festa de 24 anos do HSS.<\/figcaption><\/figure>\n","protected":false},"excerpt":{"rendered":"<p>Na v\u00e9spera da Prefeitura Municipal findar o conv\u00eanio com o Hospital S\u00e3o Sebasti\u00e3o, uma das maiores festas de anivers\u00e1rio do HSS j\u00e1 realizadas durante os seus 24 anos de hist\u00f3ria conseguiu arrecadar R$ 48.281,27, que ser\u00e3o utilizados nas despesas correntes da entidade filantr\u00f3pica.<\/p>\n","protected":false},"author":3,"featured_media":1841,"comment_status":"open","ping_status":"open","sticky":false,"template":"","format":"standard","meta":[],"categories":[7],"tags":[],"yoast_head":"<!-- This site is optimized with the Yoast SEO plugin v15.6.2 - https:\/\/yoast.com\/wordpress\/plugins\/seo\/ -->\n<meta name=\"robots\" content=\"index, follow, max-snippet:-1, max-image-preview:large, max-video-preview:-1\" \/>\n<link rel=\"canonical\" href=\"https:\/\/www.polisrecreio.com.br\/site\/2016\/09\/14\/na-vespera-da-prefeitura-findar-convenio-com-o-hospital-festa-do-hss-arrecada-mais-de-r-48-mil\/\" \/>\n<meta property=\"og:locale\" content=\"pt_BR\" \/>\n<meta property=\"og:type\" content=\"article\" \/>\n<meta property=\"og:title\" content=\"Na v\u00e9spera da Prefeitura findar conv\u00eanio com o Hospital, festa do HSS arrecada mais de R$ 48 mil - P\u00f3lis Recreio\" \/>\n<meta property=\"og:description\" content=\"Na v\u00e9spera da Prefeitura Municipal findar o conv\u00eanio com o Hospital S\u00e3o Sebasti\u00e3o, uma das maiores festas de anivers\u00e1rio do HSS j\u00e1 realizadas durante os seus 24 anos de hist\u00f3ria conseguiu arrecadar R$ 48.281,27, que ser\u00e3o utilizados nas despesas correntes da entidade filantr\u00f3pica.\" \/>\n<meta property=\"og:url\" content=\"https:\/\/www.polisrecreio.com.br\/site\/2016\/09\/14\/na-vespera-da-prefeitura-findar-convenio-com-o-hospital-festa-do-hss-arrecada-mais-de-r-48-mil\/\" \/>\n<meta property=\"og:site_name\" content=\"P\u00f3lis Recreio\" \/>\n<meta property=\"article:publisher\" content=\"https:\/\/www.facebook.com\/Site-P%c3%b3lis-Recreio-MG-181941708571019\/\" \/>\n<meta property=\"article:published_time\" content=\"2016-09-14T21:58:49+00:00\" \/>\n<meta property=\"og:image\" content=\"https:\/\/www.polisrecreio.com.br\/site\/wp-content\/uploads\/2016\/05\/DSCF5214.jpg\" \/>\n\t<meta property=\"og:image:width\" content=\"800\" \/>\n\t<meta property=\"og:image:height\" content=\"533\" \/>\n<meta name=\"twitter:card\" content=\"summary_large_image\" \/>\n<meta name=\"twitter:creator\" content=\"@PolisRecreio\" \/>\n<meta name=\"twitter:site\" content=\"@PolisRecreio\" \/>\n<meta name=\"twitter:label1\" content=\"Est. reading time\">\n\t<meta name=\"twitter:data1\" content=\"1 minuto\">\n<script type=\"application\/ld+json\" class=\"yoast-schema-graph\">{\"@context\":\"https:\/\/schema.org\",\"@graph\":[{\"@type\":\"WebSite\",\"@id\":\"https:\/\/www.polisrecreio.com.br\/site\/#website\",\"url\":\"https:\/\/www.polisrecreio.com.br\/site\/\",\"name\":\"P\\u00f3lis Recreio\",\"description\":\"\",\"potentialAction\":[{\"@type\":\"SearchAction\",\"target\":\"https:\/\/www.polisrecreio.com.br\/site\/?s={search_term_string}\",\"query-input\":\"required name=search_term_string\"}],\"inLanguage\":\"pt-BR\"},{\"@type\":\"ImageObject\",\"@id\":\"https:\/\/www.polisrecreio.com.br\/site\/2016\/09\/14\/na-vespera-da-prefeitura-findar-convenio-com-o-hospital-festa-do-hss-arrecada-mais-de-r-48-mil\/#primaryimage\",\"inLanguage\":\"pt-BR\",\"url\":\"https:\/\/www.polisrecreio.com.br\/site\/wp-content\/uploads\/2016\/05\/DSCF5214.jpg\",\"width\":800,\"height\":533},{\"@type\":\"WebPage\",\"@id\":\"https:\/\/www.polisrecreio.com.br\/site\/2016\/09\/14\/na-vespera-da-prefeitura-findar-convenio-com-o-hospital-festa-do-hss-arrecada-mais-de-r-48-mil\/#webpage\",\"url\":\"https:\/\/www.polisrecreio.com.br\/site\/2016\/09\/14\/na-vespera-da-prefeitura-findar-convenio-com-o-hospital-festa-do-hss-arrecada-mais-de-r-48-mil\/\",\"name\":\"Na v\\u00e9spera da Prefeitura findar conv\\u00eanio com o Hospital, festa do HSS arrecada mais de R$ 48 mil - P\\u00f3lis Recreio\",\"isPartOf\":{\"@id\":\"https:\/\/www.polisrecreio.com.br\/site\/#website\"},\"primaryImageOfPage\":{\"@id\":\"https:\/\/www.polisrecreio.com.br\/site\/2016\/09\/14\/na-vespera-da-prefeitura-findar-convenio-com-o-hospital-festa-do-hss-arrecada-mais-de-r-48-mil\/#primaryimage\"},\"datePublished\":\"2016-09-14T21:58:49+00:00\",\"dateModified\":\"2016-09-14T21:58:49+00:00\",\"author\":{\"@id\":\"https:\/\/www.polisrecreio.com.br\/site\/#\/schema\/person\/3363c1c78e1e28e1329d97adb387638e\"},\"inLanguage\":\"pt-BR\",\"potentialAction\":[{\"@type\":\"ReadAction\",\"target\":[\"https:\/\/www.polisrecreio.com.br\/site\/2016\/09\/14\/na-vespera-da-prefeitura-findar-convenio-com-o-hospital-festa-do-hss-arrecada-mais-de-r-48-mil\/\"]}]},{\"@type\":\"Person\",\"@id\":\"https:\/\/www.polisrecreio.com.br\/site\/#\/schema\/person\/3363c1c78e1e28e1329d97adb387638e\",\"name\":\"Leonardo Ribeiro\",\"image\":{\"@type\":\"ImageObject\",\"@id\":\"https:\/\/www.polisrecreio.com.br\/site\/#personlogo\",\"inLanguage\":\"pt-BR\",\"url\":\"https:\/\/secure.gravatar.com\/avatar\/6ba92a37d621e1a83e23710251178a12?s=96&d=mm&r=g\",\"caption\":\"Leonardo Ribeiro\"},\"sameAs\":[\"http:\/\/www.polisrecreio.com.br\"]}]}<\/script>\n<!-- \/ Yoast SEO plugin. -->","_links":{"self":[{"href":"https:\/\/www.polisrecreio.com.br\/site\/wp-json\/wp\/v2\/posts\/2924"}],"collection":[{"href":"https:\/\/www.polisrecreio.com.br\/site\/wp-json\/wp\/v2\/posts"}],"about":[{"href":"https:\/\/www.polisrecreio.com.br\/site\/wp-json\/wp\/v2\/types\/post"}],"author":[{"embeddable":true,"href":"https:\/\/www.polisrecreio.com.br\/site\/wp-json\/wp\/v2\/users\/3"}],"replies":[{"embeddable":true,"href":"https:\/\/www.polisrecreio.com.br\/site\/wp-json\/wp\/v2\/comments?post=2924"}],"version-history":[{"count":2,"href":"https:\/\/www.polisrecreio.com.br\/site\/wp-json\/wp\/v2\/posts\/2924\/revisions"}],"predecessor-version":[{"id":2927,"href":"https:\/\/www.polisrecreio.com.br\/site\/wp-json\/wp\/v2\/posts\/2924\/revisions\/2927"}],"wp:featuredmedia":[{"embeddable":true,"href":"https:\/\/www.polisrecreio.com.br\/site\/wp-json\/wp\/v2\/media\/1841"}],"wp:attachment":[{"href":"https:\/\/www.polisrecreio.com.br\/site\/wp-json\/wp\/v2\/media?parent=2924"}],"wp:term":[{"taxonomy":"category","embeddable":true,"href":"https:\/\/www.polisrecreio.com.br\/site\/wp-json\/wp\/v2\/categories?post=2924"},{"taxonomy":"post_tag","embeddable":true,"href":"https:\/\/www.polisrecreio.com.br\/site\/wp-json\/wp\/v2\/tags?post=2924"}],"curies":[{"name":"wp","href":"https:\/\/api.w.org\/{rel}","templated":true}]}}