{"id":2928,"date":"2016-09-15T13:46:02","date_gmt":"2016-09-15T16:46:02","guid":{"rendered":"http:\/\/www.polisrecreio.com.br\/site\/?p=2928"},"modified":"2016-09-15T14:04:07","modified_gmt":"2016-09-15T17:04:07","slug":"renata-nao-quer-so-o-salario-e-ze-maria-nao-tem-forca-politica-disse-oninho","status":"publish","type":"post","link":"https:\/\/www.polisrecreio.com.br\/site\/2016\/09\/15\/renata-nao-quer-so-o-salario-e-ze-maria-nao-tem-forca-politica-disse-oninho\/","title":{"rendered":"\u201cRenata n\u00e3o quer s\u00f3 o sal\u00e1rio e Z\u00e9 Maria n\u00e3o tem for\u00e7a pol\u00edtica\u201d, disse Oninho"},"content":{"rendered":"<p style=\"text-align: justify;\">Depois de uma manifesta\u00e7\u00e3o de mulheres, ontem (14), em apoio \u00e0 chapa Oninho\/Renata, o prefeito, tentando o quarto mandato \u00e0 frente da Prefeitura de Recreio, falou por meio do Facebook, que \u201cRenata, \u00e9 uma vice que n\u00e3o quer s\u00f3 o sal\u00e1rio no final do m\u00eas\u201d e que seu advers\u00e1rio, Z\u00e9 Maria Barros, \u201cquando tinha for\u00e7a pol\u00edtica n\u00e3o conseguiu ser reeleito deputado estadual\u201d.<\/p>\n<p style=\"text-align: justify;\"><!--more--><\/p>\n<figure id=\"attachment_2252\" aria-describedby=\"caption-attachment-2252\" style=\"width: 800px\" class=\"wp-caption aligncenter\"><a href=\"http:\/\/www.polisrecreio.com.br\/site\/wp-content\/uploads\/2016\/06\/DSCF4349.jpg\"><img loading=\"lazy\" class=\"size-full wp-image-2252\" src=\"http:\/\/www.polisrecreio.com.br\/site\/wp-content\/uploads\/2016\/06\/DSCF4349.jpg\" alt=\"Prefeito Oninho. Foto: Arquivo.\" width=\"800\" height=\"533\" srcset=\"https:\/\/www.polisrecreio.com.br\/site\/wp-content\/uploads\/2016\/06\/DSCF4349.jpg 800w, https:\/\/www.polisrecreio.com.br\/site\/wp-content\/uploads\/2016\/06\/DSCF4349-300x200.jpg 300w\" sizes=\"(max-width: 800px) 100vw, 800px\" \/><\/a><figcaption id=\"caption-attachment-2252\" class=\"wp-caption-text\">Prefeito Oninho. Foto: Arquivo.<\/figcaption><\/figure>\n<p style=\"text-align: justify;\">Na postagem o prefeit\u00e1vel aproveitou para \u201calfinetar\u201d o ex-prefeito Fernando Coimbra, dizendo que \u201cele e seu advers\u00e1rio sumiram depois que perderam a elei\u00e7\u00e3o de 2012 e agora apareceram\u201d. Segundo ele, \u201cem 2008, quando perdeu a elei\u00e7\u00e3o, no outro dia estava nas fun\u00e7\u00f5es de m\u00e9dico na cidade\u201d.<\/p>\n<p style=\"text-align: justify;\">Nas elei\u00e7\u00f5es de 2008, Oninho e D\u00f3lar, perderam a elei\u00e7\u00e3o para Fernando Coimbra e Daniela. Em 2012, a dupla derrotada conseguiu vencer Z\u00e9 Maria Barros e Daniela, apoiados pelo prefeito da \u00e9poca, Fernando.<\/p>\n<p style=\"text-align: justify;\">Este ano, o vice-prefeito Jo\u00e3o D\u00f3lar encerrou a parceria de quase oito anos com \u00d4nio e aliou-se ao bloco de oposi\u00e7\u00e3o, sendo lan\u00e7ado vice na chapa de Z\u00e9 Maria Barros, deputado estadual entre 1995\/1998.<\/p>\n<p style=\"text-align: justify;\">A manifesta\u00e7\u00e3o em prol da candidatura da situa\u00e7\u00e3o levou aproximadamente 800 mulheres, segundo os organizadores, em passeata pelas ruas de Recreio, logo ap\u00f3s uma reuni\u00e3o no S\u00edtio Recanto D&#8217;ellas, no bairro Planalto.<\/p>\n","protected":false},"excerpt":{"rendered":"<p>Depois de uma manifesta\u00e7\u00e3o de mulheres, ontem (14), em apoio \u00e0 chapa Oninho\/Renata, o prefeito, tentando o quarto mandato \u00e0 frente da Prefeitura de Recreio, falou por meio do Facebook, que \u201cRenata, \u00e9 uma vice que n\u00e3o quer s\u00f3 o sal\u00e1rio no final do m\u00eas\u201d e que seu advers\u00e1rio, Z\u00e9 Maria Barros, \u201cquando tinha for\u00e7a [&hellip;]<\/p>\n","protected":false},"author":3,"featured_media":2252,"comment_status":"open","ping_status":"open","sticky":false,"template":"","format":"standard","meta":[],"categories":[13],"tags":[],"yoast_head":"<!-- This site is optimized with the Yoast SEO plugin v15.6.2 - https:\/\/yoast.com\/wordpress\/plugins\/seo\/ -->\n<meta name=\"robots\" content=\"index, follow, max-snippet:-1, max-image-preview:large, max-video-preview:-1\" \/>\n<link rel=\"canonical\" href=\"http:\/\/www.polisrecreio.com.br\/site\/2016\/09\/15\/renata-nao-quer-so-o-salario-e-ze-maria-nao-tem-forca-politica-disse-oninho\/\" \/>\n<meta property=\"og:locale\" content=\"pt_BR\" \/>\n<meta property=\"og:type\" content=\"article\" \/>\n<meta property=\"og:title\" content=\"\u201cRenata n\u00e3o quer s\u00f3 o sal\u00e1rio e Z\u00e9 Maria n\u00e3o tem for\u00e7a pol\u00edtica\u201d, disse Oninho - P\u00f3lis Recreio\" \/>\n<meta property=\"og:description\" content=\"Depois de uma manifesta\u00e7\u00e3o de mulheres, ontem (14), em apoio \u00e0 chapa Oninho\/Renata, o prefeito, tentando o quarto mandato \u00e0 frente da Prefeitura de Recreio, falou por meio do Facebook, que \u201cRenata, \u00e9 uma vice que n\u00e3o quer s\u00f3 o sal\u00e1rio no final do m\u00eas\u201d e que seu advers\u00e1rio, Z\u00e9 Maria Barros, \u201cquando tinha for\u00e7a [&hellip;]\" \/>\n<meta property=\"og:url\" content=\"http:\/\/www.polisrecreio.com.br\/site\/2016\/09\/15\/renata-nao-quer-so-o-salario-e-ze-maria-nao-tem-forca-politica-disse-oninho\/\" \/>\n<meta property=\"og:site_name\" content=\"P\u00f3lis Recreio\" \/>\n<meta property=\"article:publisher\" content=\"https:\/\/www.facebook.com\/Site-P%c3%b3lis-Recreio-MG-181941708571019\/\" \/>\n<meta property=\"article:published_time\" content=\"2016-09-15T16:46:02+00:00\" \/>\n<meta property=\"article:modified_time\" content=\"2016-09-15T17:04:07+00:00\" \/>\n<meta property=\"og:image\" content=\"https:\/\/www.polisrecreio.com.br\/site\/wp-content\/uploads\/2016\/06\/DSCF4349.jpg\" \/>\n\t<meta property=\"og:image:width\" content=\"800\" \/>\n\t<meta property=\"og:image:height\" content=\"533\" \/>\n<meta name=\"twitter:card\" content=\"summary_large_image\" \/>\n<meta name=\"twitter:creator\" content=\"@PolisRecreio\" \/>\n<meta name=\"twitter:site\" content=\"@PolisRecreio\" \/>\n<meta name=\"twitter:label1\" content=\"Est. reading time\">\n\t<meta name=\"twitter:data1\" content=\"1 minuto\">\n<script type=\"application\/ld+json\" class=\"yoast-schema-graph\">{\"@context\":\"https:\/\/schema.org\",\"@graph\":[{\"@type\":\"WebSite\",\"@id\":\"https:\/\/www.polisrecreio.com.br\/site\/#website\",\"url\":\"https:\/\/www.polisrecreio.com.br\/site\/\",\"name\":\"P\\u00f3lis Recreio\",\"description\":\"\",\"potentialAction\":[{\"@type\":\"SearchAction\",\"target\":\"https:\/\/www.polisrecreio.com.br\/site\/?s={search_term_string}\",\"query-input\":\"required name=search_term_string\"}],\"inLanguage\":\"pt-BR\"},{\"@type\":\"ImageObject\",\"@id\":\"http:\/\/www.polisrecreio.com.br\/site\/2016\/09\/15\/renata-nao-quer-so-o-salario-e-ze-maria-nao-tem-forca-politica-disse-oninho\/#primaryimage\",\"inLanguage\":\"pt-BR\",\"url\":\"https:\/\/www.polisrecreio.com.br\/site\/wp-content\/uploads\/2016\/06\/DSCF4349.jpg\",\"width\":800,\"height\":533,\"caption\":\"Ex-prefeito de Recreio, \\u00d4nio. Foto: Arquivo.\"},{\"@type\":\"WebPage\",\"@id\":\"http:\/\/www.polisrecreio.com.br\/site\/2016\/09\/15\/renata-nao-quer-so-o-salario-e-ze-maria-nao-tem-forca-politica-disse-oninho\/#webpage\",\"url\":\"http:\/\/www.polisrecreio.com.br\/site\/2016\/09\/15\/renata-nao-quer-so-o-salario-e-ze-maria-nao-tem-forca-politica-disse-oninho\/\",\"name\":\"\\u201cRenata n\\u00e3o quer s\\u00f3 o sal\\u00e1rio e Z\\u00e9 Maria n\\u00e3o tem for\\u00e7a pol\\u00edtica\\u201d, disse Oninho - P\\u00f3lis Recreio\",\"isPartOf\":{\"@id\":\"https:\/\/www.polisrecreio.com.br\/site\/#website\"},\"primaryImageOfPage\":{\"@id\":\"http:\/\/www.polisrecreio.com.br\/site\/2016\/09\/15\/renata-nao-quer-so-o-salario-e-ze-maria-nao-tem-forca-politica-disse-oninho\/#primaryimage\"},\"datePublished\":\"2016-09-15T16:46:02+00:00\",\"dateModified\":\"2016-09-15T17:04:07+00:00\",\"author\":{\"@id\":\"https:\/\/www.polisrecreio.com.br\/site\/#\/schema\/person\/3363c1c78e1e28e1329d97adb387638e\"},\"inLanguage\":\"pt-BR\",\"potentialAction\":[{\"@type\":\"ReadAction\",\"target\":[\"http:\/\/www.polisrecreio.com.br\/site\/2016\/09\/15\/renata-nao-quer-so-o-salario-e-ze-maria-nao-tem-forca-politica-disse-oninho\/\"]}]},{\"@type\":\"Person\",\"@id\":\"https:\/\/www.polisrecreio.com.br\/site\/#\/schema\/person\/3363c1c78e1e28e1329d97adb387638e\",\"name\":\"Leonardo Ribeiro\",\"image\":{\"@type\":\"ImageObject\",\"@id\":\"https:\/\/www.polisrecreio.com.br\/site\/#personlogo\",\"inLanguage\":\"pt-BR\",\"url\":\"https:\/\/secure.gravatar.com\/avatar\/6ba92a37d621e1a83e23710251178a12?s=96&d=mm&r=g\",\"caption\":\"Leonardo Ribeiro\"},\"sameAs\":[\"http:\/\/www.polisrecreio.com.br\"]}]}<\/script>\n<!-- \/ Yoast SEO plugin. -->","_links":{"self":[{"href":"https:\/\/www.polisrecreio.com.br\/site\/wp-json\/wp\/v2\/posts\/2928"}],"collection":[{"href":"https:\/\/www.polisrecreio.com.br\/site\/wp-json\/wp\/v2\/posts"}],"about":[{"href":"https:\/\/www.polisrecreio.com.br\/site\/wp-json\/wp\/v2\/types\/post"}],"author":[{"embeddable":true,"href":"https:\/\/www.polisrecreio.com.br\/site\/wp-json\/wp\/v2\/users\/3"}],"replies":[{"embeddable":true,"href":"https:\/\/www.polisrecreio.com.br\/site\/wp-json\/wp\/v2\/comments?post=2928"}],"version-history":[{"count":4,"href":"https:\/\/www.polisrecreio.com.br\/site\/wp-json\/wp\/v2\/posts\/2928\/revisions"}],"predecessor-version":[{"id":2932,"href":"https:\/\/www.polisrecreio.com.br\/site\/wp-json\/wp\/v2\/posts\/2928\/revisions\/2932"}],"wp:featuredmedia":[{"embeddable":true,"href":"https:\/\/www.polisrecreio.com.br\/site\/wp-json\/wp\/v2\/media\/2252"}],"wp:attachment":[{"href":"https:\/\/www.polisrecreio.com.br\/site\/wp-json\/wp\/v2\/media?parent=2928"}],"wp:term":[{"taxonomy":"category","embeddable":true,"href":"https:\/\/www.polisrecreio.com.br\/site\/wp-json\/wp\/v2\/categories?post=2928"},{"taxonomy":"post_tag","embeddable":true,"href":"https:\/\/www.polisrecreio.com.br\/site\/wp-json\/wp\/v2\/tags?post=2928"}],"curies":[{"name":"wp","href":"https:\/\/api.w.org\/{rel}","templated":true}]}}