{"id":2933,"date":"2016-09-15T17:44:28","date_gmt":"2016-09-15T20:44:28","guid":{"rendered":"http:\/\/www.polisrecreio.com.br\/site\/?p=2933"},"modified":"2016-09-15T17:47:33","modified_gmt":"2016-09-15T20:47:33","slug":"exposicao-de-angaturama-comeca-hoje-com-concurso-leiteiro","status":"publish","type":"post","link":"https:\/\/www.polisrecreio.com.br\/site\/2016\/09\/15\/exposicao-de-angaturama-comeca-hoje-com-concurso-leiteiro\/","title":{"rendered":"Exposi\u00e7\u00e3o de Angaturama come\u00e7a hoje com concurso leiteiro"},"content":{"rendered":"<p style=\"text-align: justify;\">No final de semana, o distrito de Angaturama, estar\u00e1 em festa com a realiza\u00e7\u00e3o da XVI Exposi\u00e7\u00e3o e a primeira ordenha, hoje (15), \u00e0s 20h, abrir\u00e1 o evento tradicional organizado pela Prefeitura Municipal.<\/p>\n<p style=\"text-align: justify;\"><!--more--><\/p>\n<p style=\"text-align: justify;\"><a href=\"http:\/\/www.polisrecreio.com.br\/site\/wp-content\/uploads\/2016\/09\/20150904_083423.jpg\"><img loading=\"lazy\" class=\"aligncenter size-full wp-image-2934\" src=\"http:\/\/www.polisrecreio.com.br\/site\/wp-content\/uploads\/2016\/09\/20150904_083423.jpg\" alt=\"20150904_083423\" width=\"800\" height=\"600\" srcset=\"https:\/\/www.polisrecreio.com.br\/site\/wp-content\/uploads\/2016\/09\/20150904_083423.jpg 800w, https:\/\/www.polisrecreio.com.br\/site\/wp-content\/uploads\/2016\/09\/20150904_083423-300x225.jpg 300w\" sizes=\"(max-width: 800px) 100vw, 800px\" \/><\/a><\/p>\n<p style=\"text-align: justify;\">Amanh\u00e3, tem show com Jhonatan Wesley, \u00e0s 20h, e logo ap\u00f3s, o Furac\u00e3o Diseixas. No s\u00e1bado, tem de novo Jhonatan Wesley, no mesmo hor\u00e1rio e \u00e0s 23h o principal show da festa, a dupla sertaneja, H\u00e1lvaro e Rodrigues. O domingo come\u00e7a cedo, \u00e0s 17h, com Abner Rezende e o encerramento da festa ser\u00e1 com AlexandrePontoCom, a partir das 20h.<\/p>\n<p style=\"text-align: justify;\">Veja os hor\u00e1rios das ordenhas do concurso leiteiro: sexta-feira e s\u00e1bado, \u00e0s 8h e \u00e0s 20h, e, domingo, \u00e0s 8h.<\/p>\n<p style=\"text-align: justify;\">Angaturama fica a aproximadamente 11 km do distrito sede, Recreio.<\/p>\n","protected":false},"excerpt":{"rendered":"<p>No final de semana, o distrito de Angaturama, estar\u00e1 em festa com a realiza\u00e7\u00e3o da XVI Exposi\u00e7\u00e3o e a primeira ordenha, hoje (15), \u00e0s 20h, abrir\u00e1 o evento tradicional organizado pela Prefeitura Municipal.<\/p>\n","protected":false},"author":3,"featured_media":2934,"comment_status":"open","ping_status":"open","sticky":false,"template":"","format":"standard","meta":[],"categories":[12],"tags":[],"yoast_head":"<!-- This site is optimized with the Yoast SEO plugin v15.6.2 - https:\/\/yoast.com\/wordpress\/plugins\/seo\/ -->\n<meta name=\"robots\" content=\"index, follow, max-snippet:-1, max-image-preview:large, max-video-preview:-1\" \/>\n<link rel=\"canonical\" href=\"http:\/\/www.polisrecreio.com.br\/site\/2016\/09\/15\/exposicao-de-angaturama-comeca-hoje-com-concurso-leiteiro\/\" \/>\n<meta property=\"og:locale\" content=\"pt_BR\" \/>\n<meta property=\"og:type\" content=\"article\" \/>\n<meta property=\"og:title\" content=\"Exposi\u00e7\u00e3o de Angaturama come\u00e7a hoje com concurso leiteiro - P\u00f3lis Recreio\" \/>\n<meta property=\"og:description\" content=\"No final de semana, o distrito de Angaturama, estar\u00e1 em festa com a realiza\u00e7\u00e3o da XVI Exposi\u00e7\u00e3o e a primeira ordenha, hoje (15), \u00e0s 20h, abrir\u00e1 o evento tradicional organizado pela Prefeitura Municipal.\" \/>\n<meta property=\"og:url\" content=\"http:\/\/www.polisrecreio.com.br\/site\/2016\/09\/15\/exposicao-de-angaturama-comeca-hoje-com-concurso-leiteiro\/\" \/>\n<meta property=\"og:site_name\" content=\"P\u00f3lis Recreio\" \/>\n<meta property=\"article:publisher\" content=\"https:\/\/www.facebook.com\/Site-P%c3%b3lis-Recreio-MG-181941708571019\/\" \/>\n<meta property=\"article:published_time\" content=\"2016-09-15T20:44:28+00:00\" \/>\n<meta property=\"article:modified_time\" content=\"2016-09-15T20:47:33+00:00\" \/>\n<meta property=\"og:image\" content=\"https:\/\/www.polisrecreio.com.br\/site\/wp-content\/uploads\/2016\/09\/20150904_083423.jpg\" \/>\n\t<meta property=\"og:image:width\" content=\"800\" \/>\n\t<meta property=\"og:image:height\" content=\"600\" \/>\n<meta name=\"twitter:card\" content=\"summary_large_image\" \/>\n<meta name=\"twitter:creator\" content=\"@PolisRecreio\" \/>\n<meta name=\"twitter:site\" content=\"@PolisRecreio\" \/>\n<meta name=\"twitter:label1\" content=\"Est. reading time\">\n\t<meta name=\"twitter:data1\" content=\"1 minuto\">\n<script type=\"application\/ld+json\" class=\"yoast-schema-graph\">{\"@context\":\"https:\/\/schema.org\",\"@graph\":[{\"@type\":\"WebSite\",\"@id\":\"https:\/\/www.polisrecreio.com.br\/site\/#website\",\"url\":\"https:\/\/www.polisrecreio.com.br\/site\/\",\"name\":\"P\\u00f3lis Recreio\",\"description\":\"\",\"potentialAction\":[{\"@type\":\"SearchAction\",\"target\":\"https:\/\/www.polisrecreio.com.br\/site\/?s={search_term_string}\",\"query-input\":\"required name=search_term_string\"}],\"inLanguage\":\"pt-BR\"},{\"@type\":\"ImageObject\",\"@id\":\"http:\/\/www.polisrecreio.com.br\/site\/2016\/09\/15\/exposicao-de-angaturama-comeca-hoje-com-concurso-leiteiro\/#primaryimage\",\"inLanguage\":\"pt-BR\",\"url\":\"https:\/\/www.polisrecreio.com.br\/site\/wp-content\/uploads\/2016\/09\/20150904_083423.jpg\",\"width\":800,\"height\":600},{\"@type\":\"WebPage\",\"@id\":\"http:\/\/www.polisrecreio.com.br\/site\/2016\/09\/15\/exposicao-de-angaturama-comeca-hoje-com-concurso-leiteiro\/#webpage\",\"url\":\"http:\/\/www.polisrecreio.com.br\/site\/2016\/09\/15\/exposicao-de-angaturama-comeca-hoje-com-concurso-leiteiro\/\",\"name\":\"Exposi\\u00e7\\u00e3o de Angaturama come\\u00e7a hoje com concurso leiteiro - P\\u00f3lis Recreio\",\"isPartOf\":{\"@id\":\"https:\/\/www.polisrecreio.com.br\/site\/#website\"},\"primaryImageOfPage\":{\"@id\":\"http:\/\/www.polisrecreio.com.br\/site\/2016\/09\/15\/exposicao-de-angaturama-comeca-hoje-com-concurso-leiteiro\/#primaryimage\"},\"datePublished\":\"2016-09-15T20:44:28+00:00\",\"dateModified\":\"2016-09-15T20:47:33+00:00\",\"author\":{\"@id\":\"https:\/\/www.polisrecreio.com.br\/site\/#\/schema\/person\/3363c1c78e1e28e1329d97adb387638e\"},\"inLanguage\":\"pt-BR\",\"potentialAction\":[{\"@type\":\"ReadAction\",\"target\":[\"http:\/\/www.polisrecreio.com.br\/site\/2016\/09\/15\/exposicao-de-angaturama-comeca-hoje-com-concurso-leiteiro\/\"]}]},{\"@type\":\"Person\",\"@id\":\"https:\/\/www.polisrecreio.com.br\/site\/#\/schema\/person\/3363c1c78e1e28e1329d97adb387638e\",\"name\":\"Leonardo Ribeiro\",\"image\":{\"@type\":\"ImageObject\",\"@id\":\"https:\/\/www.polisrecreio.com.br\/site\/#personlogo\",\"inLanguage\":\"pt-BR\",\"url\":\"https:\/\/secure.gravatar.com\/avatar\/6ba92a37d621e1a83e23710251178a12?s=96&d=mm&r=g\",\"caption\":\"Leonardo Ribeiro\"},\"sameAs\":[\"http:\/\/www.polisrecreio.com.br\"]}]}<\/script>\n<!-- \/ Yoast SEO plugin. -->","_links":{"self":[{"href":"https:\/\/www.polisrecreio.com.br\/site\/wp-json\/wp\/v2\/posts\/2933"}],"collection":[{"href":"https:\/\/www.polisrecreio.com.br\/site\/wp-json\/wp\/v2\/posts"}],"about":[{"href":"https:\/\/www.polisrecreio.com.br\/site\/wp-json\/wp\/v2\/types\/post"}],"author":[{"embeddable":true,"href":"https:\/\/www.polisrecreio.com.br\/site\/wp-json\/wp\/v2\/users\/3"}],"replies":[{"embeddable":true,"href":"https:\/\/www.polisrecreio.com.br\/site\/wp-json\/wp\/v2\/comments?post=2933"}],"version-history":[{"count":3,"href":"https:\/\/www.polisrecreio.com.br\/site\/wp-json\/wp\/v2\/posts\/2933\/revisions"}],"predecessor-version":[{"id":2937,"href":"https:\/\/www.polisrecreio.com.br\/site\/wp-json\/wp\/v2\/posts\/2933\/revisions\/2937"}],"wp:featuredmedia":[{"embeddable":true,"href":"https:\/\/www.polisrecreio.com.br\/site\/wp-json\/wp\/v2\/media\/2934"}],"wp:attachment":[{"href":"https:\/\/www.polisrecreio.com.br\/site\/wp-json\/wp\/v2\/media?parent=2933"}],"wp:term":[{"taxonomy":"category","embeddable":true,"href":"https:\/\/www.polisrecreio.com.br\/site\/wp-json\/wp\/v2\/categories?post=2933"},{"taxonomy":"post_tag","embeddable":true,"href":"https:\/\/www.polisrecreio.com.br\/site\/wp-json\/wp\/v2\/tags?post=2933"}],"curies":[{"name":"wp","href":"https:\/\/api.w.org\/{rel}","templated":true}]}}