{"id":2938,"date":"2016-09-15T22:19:45","date_gmt":"2016-09-16T01:19:45","guid":{"rendered":"http:\/\/www.polisrecreio.com.br\/site\/?p=2938"},"modified":"2016-09-16T09:46:04","modified_gmt":"2016-09-16T12:46:04","slug":"prefeitaveis-de-recreio-tem-eventos-no-final-de-semana","status":"publish","type":"post","link":"https:\/\/www.polisrecreio.com.br\/site\/2016\/09\/15\/prefeitaveis-de-recreio-tem-eventos-no-final-de-semana\/","title":{"rendered":"Prefeit\u00e1veis de Recreio t\u00eam eventos no final de semana"},"content":{"rendered":"<p style=\"text-align: justify;\">H\u00e1 pouco mais de 15 dias para a elei\u00e7\u00e3o que promete ser a mais acirrada da hist\u00f3ria pol\u00edtica de Recreio os prefeit\u00e1veis, Oninho (PTB) e Z\u00e9 Maria Barros (PSB), estar\u00e3o promovendo dois grandes eventos neste final de semana na cidade.<\/p>\n<p style=\"text-align: justify;\"><!--more--><\/p>\n<figure id=\"attachment_2837\" aria-describedby=\"caption-attachment-2837\" style=\"width: 800px\" class=\"wp-caption aligncenter\"><a href=\"http:\/\/www.polisrecreio.com.br\/site\/wp-content\/uploads\/2016\/09\/oninho-e-z\u00e9-maria.jpg\"><img loading=\"lazy\" class=\"size-full wp-image-2837\" src=\"http:\/\/www.polisrecreio.com.br\/site\/wp-content\/uploads\/2016\/09\/oninho-e-z\u00e9-maria.jpg\" alt=\"Z\u00e9 Maria Barros e Oninho.\" width=\"800\" height=\"452\" srcset=\"https:\/\/www.polisrecreio.com.br\/site\/wp-content\/uploads\/2016\/09\/oninho-e-z\u00e9-maria.jpg 800w, https:\/\/www.polisrecreio.com.br\/site\/wp-content\/uploads\/2016\/09\/oninho-e-z\u00e9-maria-300x170.jpg 300w\" sizes=\"(max-width: 800px) 100vw, 800px\" \/><\/a><figcaption id=\"caption-attachment-2837\" class=\"wp-caption-text\">Z\u00e9 Maria Barros e Oninho.<\/figcaption><\/figure>\n<p style=\"text-align: justify;\">O candidato Oninho, na busca pela reelei\u00e7\u00e3o e pelo quarto mandato \u00e0 frente do executivo municipal, estar\u00e1 recepcionando, nesta sexta-feira (16), o deputado estadual Braulio Braz, na Pra\u00e7a Am\u00e9rico Sim\u00e3o, no centro, \u00e0s 17h. Z\u00e9 Maria Barros, que tenta chegar ao principal cargo da pol\u00edtica recreiense, assim como conseguiu o seu pai, Jos\u00e9 Amaury Teixeira de Barros (<em>i.m<\/em>), promover\u00e1 uma carreata,\u00a0no s\u00e1bado (17), com concentra\u00e7\u00e3o na Pra\u00e7a da Ma\u00e7onaria, no bairro Planalto, a partir das 17h.<\/p>\n<p style=\"text-align: justify;\">Os atuais prefeit\u00e1veis disputaram a elei\u00e7\u00e3o de 2012, na \u00e9poca, Oninho venceu por uma diferen\u00e7a de 142 votos.<\/p>\n<p style=\"text-align: justify;\">As elei\u00e7\u00f5es deste ano acontecer\u00e3o dia 2 de outubro.<\/p>\n","protected":false},"excerpt":{"rendered":"<p>H\u00e1 pouco mais de 15 dias para a elei\u00e7\u00e3o que promete ser a mais acirrada da hist\u00f3ria pol\u00edtica de Recreio os prefeit\u00e1veis, Oninho (PTB) e Z\u00e9 Maria Barros (PSB), estar\u00e3o promovendo dois grandes eventos neste final de semana na cidade.<\/p>\n","protected":false},"author":3,"featured_media":2837,"comment_status":"open","ping_status":"open","sticky":false,"template":"","format":"standard","meta":[],"categories":[13],"tags":[],"yoast_head":"<!-- This site is optimized with the Yoast SEO plugin v15.6.2 - https:\/\/yoast.com\/wordpress\/plugins\/seo\/ -->\n<meta name=\"robots\" content=\"index, follow, max-snippet:-1, max-image-preview:large, max-video-preview:-1\" \/>\n<link rel=\"canonical\" href=\"http:\/\/www.polisrecreio.com.br\/site\/2016\/09\/15\/prefeitaveis-de-recreio-tem-eventos-no-final-de-semana\/\" \/>\n<meta property=\"og:locale\" content=\"pt_BR\" \/>\n<meta property=\"og:type\" content=\"article\" \/>\n<meta property=\"og:title\" content=\"Prefeit\u00e1veis de Recreio t\u00eam eventos no final de semana - P\u00f3lis Recreio\" \/>\n<meta property=\"og:description\" content=\"H\u00e1 pouco mais de 15 dias para a elei\u00e7\u00e3o que promete ser a mais acirrada da hist\u00f3ria pol\u00edtica de Recreio os prefeit\u00e1veis, Oninho (PTB) e Z\u00e9 Maria Barros (PSB), estar\u00e3o promovendo dois grandes eventos neste final de semana na cidade.\" \/>\n<meta property=\"og:url\" content=\"http:\/\/www.polisrecreio.com.br\/site\/2016\/09\/15\/prefeitaveis-de-recreio-tem-eventos-no-final-de-semana\/\" \/>\n<meta property=\"og:site_name\" content=\"P\u00f3lis Recreio\" \/>\n<meta property=\"article:publisher\" content=\"https:\/\/www.facebook.com\/Site-P%c3%b3lis-Recreio-MG-181941708571019\/\" \/>\n<meta property=\"article:published_time\" content=\"2016-09-16T01:19:45+00:00\" \/>\n<meta property=\"article:modified_time\" content=\"2016-09-16T12:46:04+00:00\" \/>\n<meta property=\"og:image\" content=\"https:\/\/www.polisrecreio.com.br\/site\/wp-content\/uploads\/2016\/09\/oninho-e-z\u00e9-maria.jpg\" \/>\n\t<meta property=\"og:image:width\" content=\"800\" \/>\n\t<meta property=\"og:image:height\" content=\"452\" \/>\n<meta name=\"twitter:card\" content=\"summary_large_image\" \/>\n<meta name=\"twitter:creator\" content=\"@PolisRecreio\" \/>\n<meta name=\"twitter:site\" content=\"@PolisRecreio\" \/>\n<meta name=\"twitter:label1\" content=\"Est. reading time\">\n\t<meta name=\"twitter:data1\" content=\"1 minuto\">\n<script type=\"application\/ld+json\" class=\"yoast-schema-graph\">{\"@context\":\"https:\/\/schema.org\",\"@graph\":[{\"@type\":\"WebSite\",\"@id\":\"https:\/\/www.polisrecreio.com.br\/site\/#website\",\"url\":\"https:\/\/www.polisrecreio.com.br\/site\/\",\"name\":\"P\\u00f3lis Recreio\",\"description\":\"\",\"potentialAction\":[{\"@type\":\"SearchAction\",\"target\":\"https:\/\/www.polisrecreio.com.br\/site\/?s={search_term_string}\",\"query-input\":\"required name=search_term_string\"}],\"inLanguage\":\"pt-BR\"},{\"@type\":\"ImageObject\",\"@id\":\"http:\/\/www.polisrecreio.com.br\/site\/2016\/09\/15\/prefeitaveis-de-recreio-tem-eventos-no-final-de-semana\/#primaryimage\",\"inLanguage\":\"pt-BR\",\"url\":\"https:\/\/www.polisrecreio.com.br\/site\/wp-content\/uploads\/2016\/09\/oninho-e-z\\u00e9-maria.jpg\",\"width\":800,\"height\":452,\"caption\":\"Z\\u00e9 Maria Barros e Oninho.\"},{\"@type\":\"WebPage\",\"@id\":\"http:\/\/www.polisrecreio.com.br\/site\/2016\/09\/15\/prefeitaveis-de-recreio-tem-eventos-no-final-de-semana\/#webpage\",\"url\":\"http:\/\/www.polisrecreio.com.br\/site\/2016\/09\/15\/prefeitaveis-de-recreio-tem-eventos-no-final-de-semana\/\",\"name\":\"Prefeit\\u00e1veis de Recreio t\\u00eam eventos no final de semana - P\\u00f3lis Recreio\",\"isPartOf\":{\"@id\":\"https:\/\/www.polisrecreio.com.br\/site\/#website\"},\"primaryImageOfPage\":{\"@id\":\"http:\/\/www.polisrecreio.com.br\/site\/2016\/09\/15\/prefeitaveis-de-recreio-tem-eventos-no-final-de-semana\/#primaryimage\"},\"datePublished\":\"2016-09-16T01:19:45+00:00\",\"dateModified\":\"2016-09-16T12:46:04+00:00\",\"author\":{\"@id\":\"https:\/\/www.polisrecreio.com.br\/site\/#\/schema\/person\/3363c1c78e1e28e1329d97adb387638e\"},\"inLanguage\":\"pt-BR\",\"potentialAction\":[{\"@type\":\"ReadAction\",\"target\":[\"http:\/\/www.polisrecreio.com.br\/site\/2016\/09\/15\/prefeitaveis-de-recreio-tem-eventos-no-final-de-semana\/\"]}]},{\"@type\":\"Person\",\"@id\":\"https:\/\/www.polisrecreio.com.br\/site\/#\/schema\/person\/3363c1c78e1e28e1329d97adb387638e\",\"name\":\"Leonardo Ribeiro\",\"image\":{\"@type\":\"ImageObject\",\"@id\":\"https:\/\/www.polisrecreio.com.br\/site\/#personlogo\",\"inLanguage\":\"pt-BR\",\"url\":\"https:\/\/secure.gravatar.com\/avatar\/6ba92a37d621e1a83e23710251178a12?s=96&d=mm&r=g\",\"caption\":\"Leonardo Ribeiro\"},\"sameAs\":[\"http:\/\/www.polisrecreio.com.br\"]}]}<\/script>\n<!-- \/ Yoast SEO plugin. -->","_links":{"self":[{"href":"https:\/\/www.polisrecreio.com.br\/site\/wp-json\/wp\/v2\/posts\/2938"}],"collection":[{"href":"https:\/\/www.polisrecreio.com.br\/site\/wp-json\/wp\/v2\/posts"}],"about":[{"href":"https:\/\/www.polisrecreio.com.br\/site\/wp-json\/wp\/v2\/types\/post"}],"author":[{"embeddable":true,"href":"https:\/\/www.polisrecreio.com.br\/site\/wp-json\/wp\/v2\/users\/3"}],"replies":[{"embeddable":true,"href":"https:\/\/www.polisrecreio.com.br\/site\/wp-json\/wp\/v2\/comments?post=2938"}],"version-history":[{"count":7,"href":"https:\/\/www.polisrecreio.com.br\/site\/wp-json\/wp\/v2\/posts\/2938\/revisions"}],"predecessor-version":[{"id":2945,"href":"https:\/\/www.polisrecreio.com.br\/site\/wp-json\/wp\/v2\/posts\/2938\/revisions\/2945"}],"wp:featuredmedia":[{"embeddable":true,"href":"https:\/\/www.polisrecreio.com.br\/site\/wp-json\/wp\/v2\/media\/2837"}],"wp:attachment":[{"href":"https:\/\/www.polisrecreio.com.br\/site\/wp-json\/wp\/v2\/media?parent=2938"}],"wp:term":[{"taxonomy":"category","embeddable":true,"href":"https:\/\/www.polisrecreio.com.br\/site\/wp-json\/wp\/v2\/categories?post=2938"},{"taxonomy":"post_tag","embeddable":true,"href":"https:\/\/www.polisrecreio.com.br\/site\/wp-json\/wp\/v2\/tags?post=2938"}],"curies":[{"name":"wp","href":"https:\/\/api.w.org\/{rel}","templated":true}]}}