{"id":2946,"date":"2016-09-16T10:12:36","date_gmt":"2016-09-16T13:12:36","guid":{"rendered":"http:\/\/www.polisrecreio.com.br\/site\/?p=2946"},"modified":"2016-09-16T10:22:57","modified_gmt":"2016-09-16T13:22:57","slug":"recreio-e-c-comeca-a-busca-por-vaga-na-final-do-sub-17-da-lec","status":"publish","type":"post","link":"https:\/\/www.polisrecreio.com.br\/site\/2016\/09\/16\/recreio-e-c-comeca-a-busca-por-vaga-na-final-do-sub-17-da-lec\/","title":{"rendered":"Recreio E.C come\u00e7a a busca por vaga na final do sub-17 da LEC"},"content":{"rendered":"<p style=\"text-align: justify;\">Neste s\u00e1bado (17), a garotada do Recreio Esporte Clube come\u00e7a a busca por uma vaga na final do Campeonato Regional sub-17 da Liga Esportiva de Cataguases, em Al\u00e9m Para\u00edba, \u00e0s 10h, contra o Democrata.<\/p>\n<p style=\"text-align: justify;\"><!--more--><\/p>\n<figure id=\"attachment_2947\" aria-describedby=\"caption-attachment-2947\" style=\"width: 800px\" class=\"wp-caption aligncenter\"><a href=\"http:\/\/www.polisrecreio.com.br\/site\/wp-content\/uploads\/2016\/09\/rec.jpg\"><img loading=\"lazy\" class=\"wp-image-2947 size-full\" src=\"http:\/\/www.polisrecreio.com.br\/site\/wp-content\/uploads\/2016\/09\/rec.jpg\" alt=\"rec\" width=\"800\" height=\"475\" srcset=\"https:\/\/www.polisrecreio.com.br\/site\/wp-content\/uploads\/2016\/09\/rec.jpg 800w, https:\/\/www.polisrecreio.com.br\/site\/wp-content\/uploads\/2016\/09\/rec-300x178.jpg 300w\" sizes=\"(max-width: 800px) 100vw, 800px\" \/><\/a><figcaption id=\"caption-attachment-2947\" class=\"wp-caption-text\">Recreio Esporte Clube, sub-17.<\/figcaption><\/figure>\n<p style=\"text-align: justify;\">Na primeira fase os times se enfrentaram e o REC levou vantagem com empate fora de casa e vit\u00f3ria no Est\u00e1dio Euvaldo Lodi. Ano passado, o Democrata, foi o algoz dos recreienses na semifinal e tornaram-se campe\u00f5es.<\/p>\n<p style=\"text-align: justify;\">Veja como ser\u00e3o os confrontos das semifinais:<\/p>\n<p style=\"text-align: justify;\">S\u00e1bado (17): Democrata X Recreio E.C \u2013 10h \u2013 Al\u00e9m Para\u00edba<\/p>\n<p style=\"text-align: justify;\">S\u00e1bado (24): Recreio E.C X Democrata \u2013 16h \u2013 Recreio<\/p>\n<p style=\"text-align: justify;\">S\u00e1bado (17): N\u00facleo SJN X Bonsucesso \u2013 15h \u2013 S\u00e3o Jo\u00e3o Nepomuceno<\/p>\n<p style=\"text-align: justify;\">Domingo (25): Bonsucesso X N\u00facleo SJN \u2013 10 \u2013 Ub\u00e1<\/p>\n","protected":false},"excerpt":{"rendered":"<p>Neste s\u00e1bado (17), a garotada do Recreio Esporte Clube come\u00e7a a busca por uma vaga na final do Campeonato Regional sub-17 da Liga Esportiva de Cataguases, em Al\u00e9m Para\u00edba, \u00e0s 10h, contra o Democrata.<\/p>\n","protected":false},"author":3,"featured_media":2947,"comment_status":"open","ping_status":"open","sticky":false,"template":"","format":"standard","meta":[],"categories":[4],"tags":[],"yoast_head":"<!-- This site is optimized with the Yoast SEO plugin v15.6.2 - https:\/\/yoast.com\/wordpress\/plugins\/seo\/ -->\n<meta name=\"robots\" content=\"index, follow, max-snippet:-1, max-image-preview:large, max-video-preview:-1\" \/>\n<link rel=\"canonical\" href=\"https:\/\/www.polisrecreio.com.br\/site\/2016\/09\/16\/recreio-e-c-comeca-a-busca-por-vaga-na-final-do-sub-17-da-lec\/\" \/>\n<meta property=\"og:locale\" content=\"pt_BR\" \/>\n<meta property=\"og:type\" content=\"article\" \/>\n<meta property=\"og:title\" content=\"Recreio E.C come\u00e7a a busca por vaga na final do sub-17 da LEC - P\u00f3lis Recreio\" \/>\n<meta property=\"og:description\" content=\"Neste s\u00e1bado (17), a garotada do Recreio Esporte Clube come\u00e7a a busca por uma vaga na final do Campeonato Regional sub-17 da Liga Esportiva de Cataguases, em Al\u00e9m Para\u00edba, \u00e0s 10h, contra o Democrata.\" \/>\n<meta property=\"og:url\" content=\"https:\/\/www.polisrecreio.com.br\/site\/2016\/09\/16\/recreio-e-c-comeca-a-busca-por-vaga-na-final-do-sub-17-da-lec\/\" \/>\n<meta property=\"og:site_name\" content=\"P\u00f3lis Recreio\" \/>\n<meta property=\"article:publisher\" content=\"https:\/\/www.facebook.com\/Site-P%c3%b3lis-Recreio-MG-181941708571019\/\" \/>\n<meta property=\"article:published_time\" content=\"2016-09-16T13:12:36+00:00\" \/>\n<meta property=\"article:modified_time\" content=\"2016-09-16T13:22:57+00:00\" \/>\n<meta property=\"og:image\" content=\"https:\/\/www.polisrecreio.com.br\/site\/wp-content\/uploads\/2016\/09\/rec.jpg\" \/>\n\t<meta property=\"og:image:width\" content=\"800\" \/>\n\t<meta property=\"og:image:height\" content=\"475\" \/>\n<meta name=\"twitter:card\" content=\"summary_large_image\" \/>\n<meta name=\"twitter:creator\" content=\"@PolisRecreio\" \/>\n<meta name=\"twitter:site\" content=\"@PolisRecreio\" \/>\n<meta name=\"twitter:label1\" content=\"Est. reading time\">\n\t<meta name=\"twitter:data1\" content=\"1 minuto\">\n<script type=\"application\/ld+json\" class=\"yoast-schema-graph\">{\"@context\":\"https:\/\/schema.org\",\"@graph\":[{\"@type\":\"WebSite\",\"@id\":\"https:\/\/www.polisrecreio.com.br\/site\/#website\",\"url\":\"https:\/\/www.polisrecreio.com.br\/site\/\",\"name\":\"P\\u00f3lis Recreio\",\"description\":\"\",\"potentialAction\":[{\"@type\":\"SearchAction\",\"target\":\"https:\/\/www.polisrecreio.com.br\/site\/?s={search_term_string}\",\"query-input\":\"required name=search_term_string\"}],\"inLanguage\":\"pt-BR\"},{\"@type\":\"ImageObject\",\"@id\":\"https:\/\/www.polisrecreio.com.br\/site\/2016\/09\/16\/recreio-e-c-comeca-a-busca-por-vaga-na-final-do-sub-17-da-lec\/#primaryimage\",\"inLanguage\":\"pt-BR\",\"url\":\"https:\/\/www.polisrecreio.com.br\/site\/wp-content\/uploads\/2016\/09\/rec.jpg\",\"width\":800,\"height\":475},{\"@type\":\"WebPage\",\"@id\":\"https:\/\/www.polisrecreio.com.br\/site\/2016\/09\/16\/recreio-e-c-comeca-a-busca-por-vaga-na-final-do-sub-17-da-lec\/#webpage\",\"url\":\"https:\/\/www.polisrecreio.com.br\/site\/2016\/09\/16\/recreio-e-c-comeca-a-busca-por-vaga-na-final-do-sub-17-da-lec\/\",\"name\":\"Recreio E.C come\\u00e7a a busca por vaga na final do sub-17 da LEC - P\\u00f3lis Recreio\",\"isPartOf\":{\"@id\":\"https:\/\/www.polisrecreio.com.br\/site\/#website\"},\"primaryImageOfPage\":{\"@id\":\"https:\/\/www.polisrecreio.com.br\/site\/2016\/09\/16\/recreio-e-c-comeca-a-busca-por-vaga-na-final-do-sub-17-da-lec\/#primaryimage\"},\"datePublished\":\"2016-09-16T13:12:36+00:00\",\"dateModified\":\"2016-09-16T13:22:57+00:00\",\"author\":{\"@id\":\"https:\/\/www.polisrecreio.com.br\/site\/#\/schema\/person\/3363c1c78e1e28e1329d97adb387638e\"},\"inLanguage\":\"pt-BR\",\"potentialAction\":[{\"@type\":\"ReadAction\",\"target\":[\"https:\/\/www.polisrecreio.com.br\/site\/2016\/09\/16\/recreio-e-c-comeca-a-busca-por-vaga-na-final-do-sub-17-da-lec\/\"]}]},{\"@type\":\"Person\",\"@id\":\"https:\/\/www.polisrecreio.com.br\/site\/#\/schema\/person\/3363c1c78e1e28e1329d97adb387638e\",\"name\":\"Leonardo Ribeiro\",\"image\":{\"@type\":\"ImageObject\",\"@id\":\"https:\/\/www.polisrecreio.com.br\/site\/#personlogo\",\"inLanguage\":\"pt-BR\",\"url\":\"https:\/\/secure.gravatar.com\/avatar\/6ba92a37d621e1a83e23710251178a12?s=96&d=mm&r=g\",\"caption\":\"Leonardo Ribeiro\"},\"sameAs\":[\"http:\/\/www.polisrecreio.com.br\"]}]}<\/script>\n<!-- \/ Yoast SEO plugin. -->","_links":{"self":[{"href":"https:\/\/www.polisrecreio.com.br\/site\/wp-json\/wp\/v2\/posts\/2946"}],"collection":[{"href":"https:\/\/www.polisrecreio.com.br\/site\/wp-json\/wp\/v2\/posts"}],"about":[{"href":"https:\/\/www.polisrecreio.com.br\/site\/wp-json\/wp\/v2\/types\/post"}],"author":[{"embeddable":true,"href":"https:\/\/www.polisrecreio.com.br\/site\/wp-json\/wp\/v2\/users\/3"}],"replies":[{"embeddable":true,"href":"https:\/\/www.polisrecreio.com.br\/site\/wp-json\/wp\/v2\/comments?post=2946"}],"version-history":[{"count":4,"href":"https:\/\/www.polisrecreio.com.br\/site\/wp-json\/wp\/v2\/posts\/2946\/revisions"}],"predecessor-version":[{"id":2951,"href":"https:\/\/www.polisrecreio.com.br\/site\/wp-json\/wp\/v2\/posts\/2946\/revisions\/2951"}],"wp:featuredmedia":[{"embeddable":true,"href":"https:\/\/www.polisrecreio.com.br\/site\/wp-json\/wp\/v2\/media\/2947"}],"wp:attachment":[{"href":"https:\/\/www.polisrecreio.com.br\/site\/wp-json\/wp\/v2\/media?parent=2946"}],"wp:term":[{"taxonomy":"category","embeddable":true,"href":"https:\/\/www.polisrecreio.com.br\/site\/wp-json\/wp\/v2\/categories?post=2946"},{"taxonomy":"post_tag","embeddable":true,"href":"https:\/\/www.polisrecreio.com.br\/site\/wp-json\/wp\/v2\/tags?post=2946"}],"curies":[{"name":"wp","href":"https:\/\/api.w.org\/{rel}","templated":true}]}}