{"id":2953,"date":"2016-09-18T14:46:49","date_gmt":"2016-09-18T17:46:49","guid":{"rendered":"http:\/\/www.polisrecreio.com.br\/site\/?p=2953"},"modified":"2016-09-18T14:46:49","modified_gmt":"2016-09-18T17:46:49","slug":"prefeitaveis-de-recreio-mostraram-suas-forcas","status":"publish","type":"post","link":"https:\/\/www.polisrecreio.com.br\/site\/2016\/09\/18\/prefeitaveis-de-recreio-mostraram-suas-forcas\/","title":{"rendered":"Prefeit\u00e1veis de Recreio mostraram suas for\u00e7as"},"content":{"rendered":"<p style=\"text-align: justify;\">A duas semanas da elei\u00e7\u00e3o, que promete ser a mais acirrada da hist\u00f3ria pol\u00edtica recreiense, os prefeit\u00e1veis, Oninho (PTB) e Z\u00e9 Maria Barros (PSB), mostraram suas for\u00e7as em dois grandes eventos neste final de semana.<\/p>\n<p style=\"text-align: justify;\"><!--more--><\/p>\n<figure id=\"attachment_2954\" aria-describedby=\"caption-attachment-2954\" style=\"width: 800px\" class=\"wp-caption aligncenter\"><a href=\"http:\/\/www.polisrecreio.com.br\/site\/wp-content\/uploads\/2016\/09\/prefeitos-2.jpg\"><img loading=\"lazy\" class=\"size-full wp-image-2954\" src=\"http:\/\/www.polisrecreio.com.br\/site\/wp-content\/uploads\/2016\/09\/prefeitos-2.jpg\" alt=\"Eventos de, Z\u00e9 Maria e Oninho. Fotos. \" width=\"800\" height=\"263\" srcset=\"https:\/\/www.polisrecreio.com.br\/site\/wp-content\/uploads\/2016\/09\/prefeitos-2.jpg 800w, https:\/\/www.polisrecreio.com.br\/site\/wp-content\/uploads\/2016\/09\/prefeitos-2-300x99.jpg 300w\" sizes=\"(max-width: 800px) 100vw, 800px\" \/><\/a><figcaption id=\"caption-attachment-2954\" class=\"wp-caption-text\">Eventos de, Z\u00e9 Maria e Oninho. Fotos.<\/figcaption><\/figure>\n<p style=\"text-align: justify;\">O primeiro a movimentar a cidade foi o atual prefeito Oninho, na sexta-feira (16), o seu bloco pol\u00edtico recepcionou o deputado estadual Braulio Braz. O grupo ficou concentrado na Pra\u00e7a Am\u00e9rico Sim\u00e3o e depois saiu em passeata pelo centro. Segundo informa\u00e7\u00f5es da organiza\u00e7\u00e3o aproximadamente 1 mil pessoas participaram. Na quarta-feira o candidato j\u00e1 havia realizado uma reuni\u00e3o e uma passeata com mulheres.<\/p>\n<figure id=\"attachment_2958\" aria-describedby=\"caption-attachment-2958\" style=\"width: 800px\" class=\"wp-caption aligncenter\"><a href=\"http:\/\/www.polisrecreio.com.br\/site\/wp-content\/uploads\/2016\/09\/14344755_1827590237471709_4213565373511975229_n.jpg\"><img loading=\"lazy\" class=\"size-full wp-image-2958\" src=\"http:\/\/www.polisrecreio.com.br\/site\/wp-content\/uploads\/2016\/09\/14344755_1827590237471709_4213565373511975229_n.jpg\" alt=\"Sexta-feira. Foto: Facebook \u00d4nio Fialho Miranda.\" width=\"800\" height=\"544\" srcset=\"https:\/\/www.polisrecreio.com.br\/site\/wp-content\/uploads\/2016\/09\/14344755_1827590237471709_4213565373511975229_n.jpg 800w, https:\/\/www.polisrecreio.com.br\/site\/wp-content\/uploads\/2016\/09\/14344755_1827590237471709_4213565373511975229_n-300x204.jpg 300w\" sizes=\"(max-width: 800px) 100vw, 800px\" \/><\/a><figcaption id=\"caption-attachment-2958\" class=\"wp-caption-text\">Sexta-feira. Foto: Facebook \u00d4nio Fialho Miranda.<\/figcaption><\/figure>\n<p style=\"text-align: justify;\">No s\u00e1bado (17), o candidato da oposi\u00e7\u00e3o, Z\u00e9 Maria Barros, programou uma carreata, por\u00e9m, com presen\u00e7a de mais de 900 pessoas sem ve\u00edculos, a organiza\u00e7\u00e3o decidiu fazer uma carreata\/passeata. Al\u00e9m do n\u00famero de pedestres, os organizadores calcularam 58 motos e 338 autom\u00f3veis. O evento foi concentrado na Pra\u00e7a da Ma\u00e7onaria, no Planalto, e caminhou at\u00e9 o centro. Na quinta-feira, em caminhada pelo centro o candidato visitou v\u00e1rios comerciantes.<\/p>\n<figure id=\"attachment_2955\" aria-describedby=\"caption-attachment-2955\" style=\"width: 800px\" class=\"wp-caption aligncenter\"><a href=\"http:\/\/www.polisrecreio.com.br\/site\/wp-content\/uploads\/2016\/09\/14322488_10154562377979936_5282449498375535682_n.jpg\"><img loading=\"lazy\" class=\"size-full wp-image-2955\" src=\"http:\/\/www.polisrecreio.com.br\/site\/wp-content\/uploads\/2016\/09\/14322488_10154562377979936_5282449498375535682_n.jpg\" alt=\"S\u00e1bado. Foto: Facebook Z\u00e9 Maria Barros.\" width=\"800\" height=\"630\" srcset=\"https:\/\/www.polisrecreio.com.br\/site\/wp-content\/uploads\/2016\/09\/14322488_10154562377979936_5282449498375535682_n.jpg 800w, https:\/\/www.polisrecreio.com.br\/site\/wp-content\/uploads\/2016\/09\/14322488_10154562377979936_5282449498375535682_n-300x236.jpg 300w\" sizes=\"(max-width: 800px) 100vw, 800px\" \/><\/a><figcaption id=\"caption-attachment-2955\" class=\"wp-caption-text\">S\u00e1bado. Foto: Facebook Z\u00e9 Maria Barros.<\/figcaption><\/figure>\n<p style=\"text-align: justify;\">Com estes eventos, os prefeit\u00e1veis mostraram suas for\u00e7as pol\u00edticas e comprovaram que a reta final de campanha ser\u00e1 ainda mais disputada.<\/p>\n<p style=\"text-align: justify;\">A elei\u00e7\u00e3o acontece dia 2 de outubro.<\/p>\n","protected":false},"excerpt":{"rendered":"<p>A duas semanas da elei\u00e7\u00e3o, que promete ser a mais acirrada da hist\u00f3ria pol\u00edtica recreiense, os prefeit\u00e1veis, Oninho (PTB) e Z\u00e9 Maria Barros (PSB), mostraram suas for\u00e7as em dois grandes eventos neste final de semana.<\/p>\n","protected":false},"author":3,"featured_media":2954,"comment_status":"open","ping_status":"open","sticky":false,"template":"","format":"standard","meta":[],"categories":[13],"tags":[],"yoast_head":"<!-- This site is optimized with the Yoast SEO plugin v15.6.2 - https:\/\/yoast.com\/wordpress\/plugins\/seo\/ -->\n<meta name=\"robots\" content=\"index, follow, max-snippet:-1, max-image-preview:large, max-video-preview:-1\" \/>\n<link rel=\"canonical\" href=\"http:\/\/www.polisrecreio.com.br\/site\/2016\/09\/18\/prefeitaveis-de-recreio-mostraram-suas-forcas\/\" \/>\n<meta property=\"og:locale\" content=\"pt_BR\" \/>\n<meta property=\"og:type\" content=\"article\" \/>\n<meta property=\"og:title\" content=\"Prefeit\u00e1veis de Recreio mostraram suas for\u00e7as - P\u00f3lis Recreio\" \/>\n<meta property=\"og:description\" content=\"A duas semanas da elei\u00e7\u00e3o, que promete ser a mais acirrada da hist\u00f3ria pol\u00edtica recreiense, os prefeit\u00e1veis, Oninho (PTB) e Z\u00e9 Maria Barros (PSB), mostraram suas for\u00e7as em dois grandes eventos neste final de semana.\" \/>\n<meta property=\"og:url\" content=\"http:\/\/www.polisrecreio.com.br\/site\/2016\/09\/18\/prefeitaveis-de-recreio-mostraram-suas-forcas\/\" \/>\n<meta property=\"og:site_name\" content=\"P\u00f3lis Recreio\" \/>\n<meta property=\"article:publisher\" content=\"https:\/\/www.facebook.com\/Site-P%c3%b3lis-Recreio-MG-181941708571019\/\" \/>\n<meta property=\"article:published_time\" content=\"2016-09-18T17:46:49+00:00\" \/>\n<meta property=\"og:image\" content=\"https:\/\/www.polisrecreio.com.br\/site\/wp-content\/uploads\/2016\/09\/prefeitos-2.jpg\" \/>\n\t<meta property=\"og:image:width\" content=\"800\" \/>\n\t<meta property=\"og:image:height\" content=\"263\" \/>\n<meta name=\"twitter:card\" content=\"summary_large_image\" \/>\n<meta name=\"twitter:creator\" content=\"@PolisRecreio\" \/>\n<meta name=\"twitter:site\" content=\"@PolisRecreio\" \/>\n<meta name=\"twitter:label1\" content=\"Est. reading time\">\n\t<meta name=\"twitter:data1\" content=\"1 minuto\">\n<script type=\"application\/ld+json\" class=\"yoast-schema-graph\">{\"@context\":\"https:\/\/schema.org\",\"@graph\":[{\"@type\":\"WebSite\",\"@id\":\"https:\/\/www.polisrecreio.com.br\/site\/#website\",\"url\":\"https:\/\/www.polisrecreio.com.br\/site\/\",\"name\":\"P\\u00f3lis Recreio\",\"description\":\"\",\"potentialAction\":[{\"@type\":\"SearchAction\",\"target\":\"https:\/\/www.polisrecreio.com.br\/site\/?s={search_term_string}\",\"query-input\":\"required name=search_term_string\"}],\"inLanguage\":\"pt-BR\"},{\"@type\":\"ImageObject\",\"@id\":\"http:\/\/www.polisrecreio.com.br\/site\/2016\/09\/18\/prefeitaveis-de-recreio-mostraram-suas-forcas\/#primaryimage\",\"inLanguage\":\"pt-BR\",\"url\":\"https:\/\/www.polisrecreio.com.br\/site\/wp-content\/uploads\/2016\/09\/prefeitos-2.jpg\",\"width\":800,\"height\":263,\"caption\":\"Eventos de, Z\\u00e9 Maria e Oninho. Fotos.\"},{\"@type\":\"WebPage\",\"@id\":\"http:\/\/www.polisrecreio.com.br\/site\/2016\/09\/18\/prefeitaveis-de-recreio-mostraram-suas-forcas\/#webpage\",\"url\":\"http:\/\/www.polisrecreio.com.br\/site\/2016\/09\/18\/prefeitaveis-de-recreio-mostraram-suas-forcas\/\",\"name\":\"Prefeit\\u00e1veis de Recreio mostraram suas for\\u00e7as - P\\u00f3lis Recreio\",\"isPartOf\":{\"@id\":\"https:\/\/www.polisrecreio.com.br\/site\/#website\"},\"primaryImageOfPage\":{\"@id\":\"http:\/\/www.polisrecreio.com.br\/site\/2016\/09\/18\/prefeitaveis-de-recreio-mostraram-suas-forcas\/#primaryimage\"},\"datePublished\":\"2016-09-18T17:46:49+00:00\",\"dateModified\":\"2016-09-18T17:46:49+00:00\",\"author\":{\"@id\":\"https:\/\/www.polisrecreio.com.br\/site\/#\/schema\/person\/3363c1c78e1e28e1329d97adb387638e\"},\"inLanguage\":\"pt-BR\",\"potentialAction\":[{\"@type\":\"ReadAction\",\"target\":[\"http:\/\/www.polisrecreio.com.br\/site\/2016\/09\/18\/prefeitaveis-de-recreio-mostraram-suas-forcas\/\"]}]},{\"@type\":\"Person\",\"@id\":\"https:\/\/www.polisrecreio.com.br\/site\/#\/schema\/person\/3363c1c78e1e28e1329d97adb387638e\",\"name\":\"Leonardo Ribeiro\",\"image\":{\"@type\":\"ImageObject\",\"@id\":\"https:\/\/www.polisrecreio.com.br\/site\/#personlogo\",\"inLanguage\":\"pt-BR\",\"url\":\"https:\/\/secure.gravatar.com\/avatar\/6ba92a37d621e1a83e23710251178a12?s=96&d=mm&r=g\",\"caption\":\"Leonardo Ribeiro\"},\"sameAs\":[\"http:\/\/www.polisrecreio.com.br\"]}]}<\/script>\n<!-- \/ Yoast SEO plugin. -->","_links":{"self":[{"href":"https:\/\/www.polisrecreio.com.br\/site\/wp-json\/wp\/v2\/posts\/2953"}],"collection":[{"href":"https:\/\/www.polisrecreio.com.br\/site\/wp-json\/wp\/v2\/posts"}],"about":[{"href":"https:\/\/www.polisrecreio.com.br\/site\/wp-json\/wp\/v2\/types\/post"}],"author":[{"embeddable":true,"href":"https:\/\/www.polisrecreio.com.br\/site\/wp-json\/wp\/v2\/users\/3"}],"replies":[{"embeddable":true,"href":"https:\/\/www.polisrecreio.com.br\/site\/wp-json\/wp\/v2\/comments?post=2953"}],"version-history":[{"count":6,"href":"https:\/\/www.polisrecreio.com.br\/site\/wp-json\/wp\/v2\/posts\/2953\/revisions"}],"predecessor-version":[{"id":2963,"href":"https:\/\/www.polisrecreio.com.br\/site\/wp-json\/wp\/v2\/posts\/2953\/revisions\/2963"}],"wp:featuredmedia":[{"embeddable":true,"href":"https:\/\/www.polisrecreio.com.br\/site\/wp-json\/wp\/v2\/media\/2954"}],"wp:attachment":[{"href":"https:\/\/www.polisrecreio.com.br\/site\/wp-json\/wp\/v2\/media?parent=2953"}],"wp:term":[{"taxonomy":"category","embeddable":true,"href":"https:\/\/www.polisrecreio.com.br\/site\/wp-json\/wp\/v2\/categories?post=2953"},{"taxonomy":"post_tag","embeddable":true,"href":"https:\/\/www.polisrecreio.com.br\/site\/wp-json\/wp\/v2\/tags?post=2953"}],"curies":[{"name":"wp","href":"https:\/\/api.w.org\/{rel}","templated":true}]}}