{"id":2964,"date":"2016-09-19T11:55:17","date_gmt":"2016-09-19T14:55:17","guid":{"rendered":"http:\/\/www.polisrecreio.com.br\/site\/?p=2964"},"modified":"2016-09-19T11:55:17","modified_gmt":"2016-09-19T14:55:17","slug":"cohab-dr-iraja-recebe-asfalto-mas-valor-da-obra-nao-e-informado","status":"publish","type":"post","link":"https:\/\/www.polisrecreio.com.br\/site\/2016\/09\/19\/cohab-dr-iraja-recebe-asfalto-mas-valor-da-obra-nao-e-informado\/","title":{"rendered":"Cohab Dr. Iraj\u00e1 recebe asfalto, mas, valor da obra n\u00e3o \u00e9 informado"},"content":{"rendered":"<p style=\"text-align: justify;\">Na \u00faltima semana, a Prefeitura Municipal por meio de conv\u00eanio com o Governado Estadual iniciou a pavimenta\u00e7\u00e3o asf\u00e1ltica em duas ruas do Conjunto Habitacional Dr. Iraj\u00e1 Jos\u00e9 Fernandes, no bairro Jos\u00e9 Taranto Luz, mas, os valores da obra n\u00e3o foram informados.<\/p>\n<p style=\"text-align: justify;\"><!--more--><\/p>\n<figure id=\"attachment_2965\" aria-describedby=\"caption-attachment-2965\" style=\"width: 800px\" class=\"wp-caption aligncenter\"><a href=\"http:\/\/www.polisrecreio.com.br\/site\/wp-content\/uploads\/2016\/09\/100_4369.jpg\"><img loading=\"lazy\" class=\"size-full wp-image-2965\" src=\"http:\/\/www.polisrecreio.com.br\/site\/wp-content\/uploads\/2016\/09\/100_4369.jpg\" alt=\"Asfalto na Cohab Dr. Iraj\u00e1 Jos\u00e9 Fernandes.\" width=\"800\" height=\"600\" srcset=\"https:\/\/www.polisrecreio.com.br\/site\/wp-content\/uploads\/2016\/09\/100_4369.jpg 800w, https:\/\/www.polisrecreio.com.br\/site\/wp-content\/uploads\/2016\/09\/100_4369-300x225.jpg 300w\" sizes=\"(max-width: 800px) 100vw, 800px\" \/><\/a><figcaption id=\"caption-attachment-2965\" class=\"wp-caption-text\">Asfalto na Cohab Dr. Iraj\u00e1 Jos\u00e9 Fernandes.<\/figcaption><\/figure>\n<p style=\"text-align: justify;\">As ruas que est\u00e3o sendo asfaltadas s\u00e3o: Rua Jos\u00e9 Amaury Teixeira de Barros e Rua Jos\u00e9 de Castro Lacerda. Durante esta manh\u00e3 entramos em contato com v\u00e1rios setores (engenharia, licita\u00e7\u00e3o e conv\u00eanio) da Prefeitura para obter mais informa\u00e7\u00f5es, como valor da obra, extens\u00e3o das pavimenta\u00e7\u00f5es e empresa respons\u00e1vel, por\u00e9m, ningu\u00e9m atendeu a solicita\u00e7\u00e3o do Site P\u00f3lis. Na \u00e1rea da obra n\u00e3o h\u00e1 nenhuma placa informativa.<\/p>\n<p style=\"text-align: justify;\">A Cohab Dr. Iraj\u00e1 foi inaugurada no final de 2006, durante a administra\u00e7\u00e3o do prefeito Fernando Coimbra (2005\/2012), com 159 moradias. O Conjunto integrou o Programa Lares Geraes \u2013 Habita\u00e7\u00e3o Popular, do Governo do Estado, desenvolvido pela Companhia de Habita\u00e7\u00e3o de Minas Gerais \u201cCOHAB\/MG\u201d.<\/p>\n<p style=\"text-align: justify;\">As ruas que est\u00e3o sendo asfaltadas na atual gest\u00e3o do prefeito Oninho (2013\/2016) j\u00e1 eram cal\u00e7adas com o cal\u00e7amento denominado \u201cp\u00e9 de moleque\u201d.<\/p>\n","protected":false},"excerpt":{"rendered":"<p>Na \u00faltima semana, a Prefeitura Municipal por meio de conv\u00eanio com o Governado Estadual iniciou a pavimenta\u00e7\u00e3o asf\u00e1ltica em duas ruas do Conjunto Habitacional Dr. Iraj\u00e1 Jos\u00e9 Fernandes, no bairro Jos\u00e9 Taranto Luz, mas, os valores da obra n\u00e3o foram informados.<\/p>\n","protected":false},"author":3,"featured_media":2965,"comment_status":"open","ping_status":"open","sticky":false,"template":"","format":"standard","meta":[],"categories":[6],"tags":[],"yoast_head":"<!-- This site is optimized with the Yoast SEO plugin v15.6.2 - https:\/\/yoast.com\/wordpress\/plugins\/seo\/ -->\n<meta name=\"robots\" content=\"index, follow, max-snippet:-1, max-image-preview:large, max-video-preview:-1\" \/>\n<link rel=\"canonical\" href=\"http:\/\/www.polisrecreio.com.br\/site\/2016\/09\/19\/cohab-dr-iraja-recebe-asfalto-mas-valor-da-obra-nao-e-informado\/\" \/>\n<meta property=\"og:locale\" content=\"pt_BR\" \/>\n<meta property=\"og:type\" content=\"article\" \/>\n<meta property=\"og:title\" content=\"Cohab Dr. Iraj\u00e1 recebe asfalto, mas, valor da obra n\u00e3o \u00e9 informado - P\u00f3lis Recreio\" \/>\n<meta property=\"og:description\" content=\"Na \u00faltima semana, a Prefeitura Municipal por meio de conv\u00eanio com o Governado Estadual iniciou a pavimenta\u00e7\u00e3o asf\u00e1ltica em duas ruas do Conjunto Habitacional Dr. Iraj\u00e1 Jos\u00e9 Fernandes, no bairro Jos\u00e9 Taranto Luz, mas, os valores da obra n\u00e3o foram informados.\" \/>\n<meta property=\"og:url\" content=\"http:\/\/www.polisrecreio.com.br\/site\/2016\/09\/19\/cohab-dr-iraja-recebe-asfalto-mas-valor-da-obra-nao-e-informado\/\" \/>\n<meta property=\"og:site_name\" content=\"P\u00f3lis Recreio\" \/>\n<meta property=\"article:publisher\" content=\"https:\/\/www.facebook.com\/Site-P%c3%b3lis-Recreio-MG-181941708571019\/\" \/>\n<meta property=\"article:published_time\" content=\"2016-09-19T14:55:17+00:00\" \/>\n<meta property=\"og:image\" content=\"https:\/\/www.polisrecreio.com.br\/site\/wp-content\/uploads\/2016\/09\/100_4369.jpg\" \/>\n\t<meta property=\"og:image:width\" content=\"800\" \/>\n\t<meta property=\"og:image:height\" content=\"600\" \/>\n<meta name=\"twitter:card\" content=\"summary_large_image\" \/>\n<meta name=\"twitter:creator\" content=\"@PolisRecreio\" \/>\n<meta name=\"twitter:site\" content=\"@PolisRecreio\" \/>\n<meta name=\"twitter:label1\" content=\"Est. reading time\">\n\t<meta name=\"twitter:data1\" content=\"1 minuto\">\n<script type=\"application\/ld+json\" class=\"yoast-schema-graph\">{\"@context\":\"https:\/\/schema.org\",\"@graph\":[{\"@type\":\"WebSite\",\"@id\":\"https:\/\/www.polisrecreio.com.br\/site\/#website\",\"url\":\"https:\/\/www.polisrecreio.com.br\/site\/\",\"name\":\"P\\u00f3lis Recreio\",\"description\":\"\",\"potentialAction\":[{\"@type\":\"SearchAction\",\"target\":\"https:\/\/www.polisrecreio.com.br\/site\/?s={search_term_string}\",\"query-input\":\"required name=search_term_string\"}],\"inLanguage\":\"pt-BR\"},{\"@type\":\"ImageObject\",\"@id\":\"http:\/\/www.polisrecreio.com.br\/site\/2016\/09\/19\/cohab-dr-iraja-recebe-asfalto-mas-valor-da-obra-nao-e-informado\/#primaryimage\",\"inLanguage\":\"pt-BR\",\"url\":\"https:\/\/www.polisrecreio.com.br\/site\/wp-content\/uploads\/2016\/09\/100_4369.jpg\",\"width\":800,\"height\":600,\"caption\":\"Asfalto na Cohab Dr. Iraj\\u00e1 Jos\\u00e9 Fernandes.\"},{\"@type\":\"WebPage\",\"@id\":\"http:\/\/www.polisrecreio.com.br\/site\/2016\/09\/19\/cohab-dr-iraja-recebe-asfalto-mas-valor-da-obra-nao-e-informado\/#webpage\",\"url\":\"http:\/\/www.polisrecreio.com.br\/site\/2016\/09\/19\/cohab-dr-iraja-recebe-asfalto-mas-valor-da-obra-nao-e-informado\/\",\"name\":\"Cohab Dr. Iraj\\u00e1 recebe asfalto, mas, valor da obra n\\u00e3o \\u00e9 informado - P\\u00f3lis Recreio\",\"isPartOf\":{\"@id\":\"https:\/\/www.polisrecreio.com.br\/site\/#website\"},\"primaryImageOfPage\":{\"@id\":\"http:\/\/www.polisrecreio.com.br\/site\/2016\/09\/19\/cohab-dr-iraja-recebe-asfalto-mas-valor-da-obra-nao-e-informado\/#primaryimage\"},\"datePublished\":\"2016-09-19T14:55:17+00:00\",\"dateModified\":\"2016-09-19T14:55:17+00:00\",\"author\":{\"@id\":\"https:\/\/www.polisrecreio.com.br\/site\/#\/schema\/person\/3363c1c78e1e28e1329d97adb387638e\"},\"inLanguage\":\"pt-BR\",\"potentialAction\":[{\"@type\":\"ReadAction\",\"target\":[\"http:\/\/www.polisrecreio.com.br\/site\/2016\/09\/19\/cohab-dr-iraja-recebe-asfalto-mas-valor-da-obra-nao-e-informado\/\"]}]},{\"@type\":\"Person\",\"@id\":\"https:\/\/www.polisrecreio.com.br\/site\/#\/schema\/person\/3363c1c78e1e28e1329d97adb387638e\",\"name\":\"Leonardo Ribeiro\",\"image\":{\"@type\":\"ImageObject\",\"@id\":\"https:\/\/www.polisrecreio.com.br\/site\/#personlogo\",\"inLanguage\":\"pt-BR\",\"url\":\"https:\/\/secure.gravatar.com\/avatar\/6ba92a37d621e1a83e23710251178a12?s=96&d=mm&r=g\",\"caption\":\"Leonardo Ribeiro\"},\"sameAs\":[\"http:\/\/www.polisrecreio.com.br\"]}]}<\/script>\n<!-- \/ Yoast SEO plugin. -->","_links":{"self":[{"href":"https:\/\/www.polisrecreio.com.br\/site\/wp-json\/wp\/v2\/posts\/2964"}],"collection":[{"href":"https:\/\/www.polisrecreio.com.br\/site\/wp-json\/wp\/v2\/posts"}],"about":[{"href":"https:\/\/www.polisrecreio.com.br\/site\/wp-json\/wp\/v2\/types\/post"}],"author":[{"embeddable":true,"href":"https:\/\/www.polisrecreio.com.br\/site\/wp-json\/wp\/v2\/users\/3"}],"replies":[{"embeddable":true,"href":"https:\/\/www.polisrecreio.com.br\/site\/wp-json\/wp\/v2\/comments?post=2964"}],"version-history":[{"count":1,"href":"https:\/\/www.polisrecreio.com.br\/site\/wp-json\/wp\/v2\/posts\/2964\/revisions"}],"predecessor-version":[{"id":2966,"href":"https:\/\/www.polisrecreio.com.br\/site\/wp-json\/wp\/v2\/posts\/2964\/revisions\/2966"}],"wp:featuredmedia":[{"embeddable":true,"href":"https:\/\/www.polisrecreio.com.br\/site\/wp-json\/wp\/v2\/media\/2965"}],"wp:attachment":[{"href":"https:\/\/www.polisrecreio.com.br\/site\/wp-json\/wp\/v2\/media?parent=2964"}],"wp:term":[{"taxonomy":"category","embeddable":true,"href":"https:\/\/www.polisrecreio.com.br\/site\/wp-json\/wp\/v2\/categories?post=2964"},{"taxonomy":"post_tag","embeddable":true,"href":"https:\/\/www.polisrecreio.com.br\/site\/wp-json\/wp\/v2\/tags?post=2964"}],"curies":[{"name":"wp","href":"https:\/\/api.w.org\/{rel}","templated":true}]}}