{"id":2967,"date":"2016-09-19T14:51:36","date_gmt":"2016-09-19T17:51:36","guid":{"rendered":"http:\/\/www.polisrecreio.com.br\/site\/?p=2967"},"modified":"2016-09-20T15:05:34","modified_gmt":"2016-09-20T18:05:34","slug":"e-e-olavo-bilac-esta-com-inscricoes-abertas-para-o-magisterio","status":"publish","type":"post","link":"https:\/\/www.polisrecreio.com.br\/site\/2016\/09\/19\/e-e-olavo-bilac-esta-com-inscricoes-abertas-para-o-magisterio\/","title":{"rendered":"E.E Olavo Bilac est\u00e1 com inscri\u00e7\u00f5es abertas para o magist\u00e9rio"},"content":{"rendered":"<p style=\"text-align: justify;\">Este ano, a centen\u00e1ria e maior institui\u00e7\u00e3o de ensino de Recreio, a Escola Estadual Olavo Bilac, conseguiu resgatar a Escola de Jovens e Adultos \u201cEJA\u201d \u2013 ensino fundamental, e agora busca trazer de volta o curso de magist\u00e9rio.<\/p>\n<p style=\"text-align: justify;\"><!--more--><\/p>\n<p style=\"text-align: justify;\"><a href=\"http:\/\/www.polisrecreio.com.br\/site\/wp-content\/uploads\/2016\/04\/395921_201402099958313_1753966519_n.jpg\"><img loading=\"lazy\" class=\"aligncenter size-full wp-image-1601\" src=\"http:\/\/www.polisrecreio.com.br\/site\/wp-content\/uploads\/2016\/04\/395921_201402099958313_1753966519_n.jpg\" alt=\"395921_201402099958313_1753966519_n\" width=\"960\" height=\"720\" srcset=\"https:\/\/www.polisrecreio.com.br\/site\/wp-content\/uploads\/2016\/04\/395921_201402099958313_1753966519_n.jpg 960w, https:\/\/www.polisrecreio.com.br\/site\/wp-content\/uploads\/2016\/04\/395921_201402099958313_1753966519_n-300x225.jpg 300w\" sizes=\"(max-width: 960px) 100vw, 960px\" \/><\/a><\/p>\n<p style=\"text-align: justify;\">\u201cO magist\u00e9rio \u00e9 um curso que autoriza o graduado a trabalhar com os anos iniciais do ensino fundamental e tamb\u00e9m em centros educacionais (creches). Para fazer a inscri\u00e7\u00e3o o pretendente dever\u00e1 ter conclu\u00eddo o 3\u00ba ano do ensino m\u00e9dio, estar acompanhado com CPF, RG, comprovante de resid\u00eancia e hist\u00f3rico escolar\u201d, disse o diretor da escola, Ruan Ferreira Brito.<\/p>\n<p style=\"text-align: justify;\">A E.E Olavo Bilac fica na Pra\u00e7a Am\u00e9rico Sim\u00e3o, no centro da cidade, funcionando nos cinco dias \u00fateis da semana, no hor\u00e1rio de 7h \u00e0s 18h. A previs\u00e3o \u00e9 que o curso inicie no ano letivo de 2017.<\/p>\n","protected":false},"excerpt":{"rendered":"<p>Este ano, a centen\u00e1ria e maior institui\u00e7\u00e3o de ensino de Recreio, a Escola Estadual Olavo Bilac, conseguiu resgatar a Escola de Jovens e Adultos \u201cEJA\u201d \u2013 ensino fundamental, e agora busca trazer de volta o curso de magist\u00e9rio.<\/p>\n","protected":false},"author":3,"featured_media":1601,"comment_status":"open","ping_status":"open","sticky":false,"template":"","format":"standard","meta":[],"categories":[9],"tags":[],"yoast_head":"<!-- This site is optimized with the Yoast SEO plugin v15.6.2 - https:\/\/yoast.com\/wordpress\/plugins\/seo\/ -->\n<meta name=\"robots\" content=\"index, follow, max-snippet:-1, max-image-preview:large, max-video-preview:-1\" \/>\n<link rel=\"canonical\" href=\"https:\/\/www.polisrecreio.com.br\/site\/2016\/09\/19\/e-e-olavo-bilac-esta-com-inscricoes-abertas-para-o-magisterio\/\" \/>\n<meta property=\"og:locale\" content=\"pt_BR\" \/>\n<meta property=\"og:type\" content=\"article\" \/>\n<meta property=\"og:title\" content=\"E.E Olavo Bilac est\u00e1 com inscri\u00e7\u00f5es abertas para o magist\u00e9rio - P\u00f3lis Recreio\" \/>\n<meta property=\"og:description\" content=\"Este ano, a centen\u00e1ria e maior institui\u00e7\u00e3o de ensino de Recreio, a Escola Estadual Olavo Bilac, conseguiu resgatar a Escola de Jovens e Adultos \u201cEJA\u201d \u2013 ensino fundamental, e agora busca trazer de volta o curso de magist\u00e9rio.\" \/>\n<meta property=\"og:url\" content=\"https:\/\/www.polisrecreio.com.br\/site\/2016\/09\/19\/e-e-olavo-bilac-esta-com-inscricoes-abertas-para-o-magisterio\/\" \/>\n<meta property=\"og:site_name\" content=\"P\u00f3lis Recreio\" \/>\n<meta property=\"article:publisher\" content=\"https:\/\/www.facebook.com\/Site-P%c3%b3lis-Recreio-MG-181941708571019\/\" \/>\n<meta property=\"article:published_time\" content=\"2016-09-19T17:51:36+00:00\" \/>\n<meta property=\"article:modified_time\" content=\"2016-09-20T18:05:34+00:00\" \/>\n<meta property=\"og:image\" content=\"https:\/\/www.polisrecreio.com.br\/site\/wp-content\/uploads\/2016\/04\/395921_201402099958313_1753966519_n.jpg\" \/>\n\t<meta property=\"og:image:width\" content=\"960\" \/>\n\t<meta property=\"og:image:height\" content=\"720\" \/>\n<meta name=\"twitter:card\" content=\"summary_large_image\" \/>\n<meta name=\"twitter:creator\" content=\"@PolisRecreio\" \/>\n<meta name=\"twitter:site\" content=\"@PolisRecreio\" \/>\n<meta name=\"twitter:label1\" content=\"Est. reading time\">\n\t<meta name=\"twitter:data1\" content=\"1 minuto\">\n<script type=\"application\/ld+json\" class=\"yoast-schema-graph\">{\"@context\":\"https:\/\/schema.org\",\"@graph\":[{\"@type\":\"WebSite\",\"@id\":\"https:\/\/www.polisrecreio.com.br\/site\/#website\",\"url\":\"https:\/\/www.polisrecreio.com.br\/site\/\",\"name\":\"P\\u00f3lis Recreio\",\"description\":\"\",\"potentialAction\":[{\"@type\":\"SearchAction\",\"target\":\"https:\/\/www.polisrecreio.com.br\/site\/?s={search_term_string}\",\"query-input\":\"required name=search_term_string\"}],\"inLanguage\":\"pt-BR\"},{\"@type\":\"ImageObject\",\"@id\":\"https:\/\/www.polisrecreio.com.br\/site\/2016\/09\/19\/e-e-olavo-bilac-esta-com-inscricoes-abertas-para-o-magisterio\/#primaryimage\",\"inLanguage\":\"pt-BR\",\"url\":\"https:\/\/www.polisrecreio.com.br\/site\/wp-content\/uploads\/2016\/04\/395921_201402099958313_1753966519_n.jpg\",\"width\":960,\"height\":720},{\"@type\":\"WebPage\",\"@id\":\"https:\/\/www.polisrecreio.com.br\/site\/2016\/09\/19\/e-e-olavo-bilac-esta-com-inscricoes-abertas-para-o-magisterio\/#webpage\",\"url\":\"https:\/\/www.polisrecreio.com.br\/site\/2016\/09\/19\/e-e-olavo-bilac-esta-com-inscricoes-abertas-para-o-magisterio\/\",\"name\":\"E.E Olavo Bilac est\\u00e1 com inscri\\u00e7\\u00f5es abertas para o magist\\u00e9rio - P\\u00f3lis Recreio\",\"isPartOf\":{\"@id\":\"https:\/\/www.polisrecreio.com.br\/site\/#website\"},\"primaryImageOfPage\":{\"@id\":\"https:\/\/www.polisrecreio.com.br\/site\/2016\/09\/19\/e-e-olavo-bilac-esta-com-inscricoes-abertas-para-o-magisterio\/#primaryimage\"},\"datePublished\":\"2016-09-19T17:51:36+00:00\",\"dateModified\":\"2016-09-20T18:05:34+00:00\",\"author\":{\"@id\":\"https:\/\/www.polisrecreio.com.br\/site\/#\/schema\/person\/3363c1c78e1e28e1329d97adb387638e\"},\"inLanguage\":\"pt-BR\",\"potentialAction\":[{\"@type\":\"ReadAction\",\"target\":[\"https:\/\/www.polisrecreio.com.br\/site\/2016\/09\/19\/e-e-olavo-bilac-esta-com-inscricoes-abertas-para-o-magisterio\/\"]}]},{\"@type\":\"Person\",\"@id\":\"https:\/\/www.polisrecreio.com.br\/site\/#\/schema\/person\/3363c1c78e1e28e1329d97adb387638e\",\"name\":\"Leonardo Ribeiro\",\"image\":{\"@type\":\"ImageObject\",\"@id\":\"https:\/\/www.polisrecreio.com.br\/site\/#personlogo\",\"inLanguage\":\"pt-BR\",\"url\":\"https:\/\/secure.gravatar.com\/avatar\/6ba92a37d621e1a83e23710251178a12?s=96&d=mm&r=g\",\"caption\":\"Leonardo Ribeiro\"},\"sameAs\":[\"http:\/\/www.polisrecreio.com.br\"]}]}<\/script>\n<!-- \/ Yoast SEO plugin. -->","_links":{"self":[{"href":"https:\/\/www.polisrecreio.com.br\/site\/wp-json\/wp\/v2\/posts\/2967"}],"collection":[{"href":"https:\/\/www.polisrecreio.com.br\/site\/wp-json\/wp\/v2\/posts"}],"about":[{"href":"https:\/\/www.polisrecreio.com.br\/site\/wp-json\/wp\/v2\/types\/post"}],"author":[{"embeddable":true,"href":"https:\/\/www.polisrecreio.com.br\/site\/wp-json\/wp\/v2\/users\/3"}],"replies":[{"embeddable":true,"href":"https:\/\/www.polisrecreio.com.br\/site\/wp-json\/wp\/v2\/comments?post=2967"}],"version-history":[{"count":4,"href":"https:\/\/www.polisrecreio.com.br\/site\/wp-json\/wp\/v2\/posts\/2967\/revisions"}],"predecessor-version":[{"id":2975,"href":"https:\/\/www.polisrecreio.com.br\/site\/wp-json\/wp\/v2\/posts\/2967\/revisions\/2975"}],"wp:featuredmedia":[{"embeddable":true,"href":"https:\/\/www.polisrecreio.com.br\/site\/wp-json\/wp\/v2\/media\/1601"}],"wp:attachment":[{"href":"https:\/\/www.polisrecreio.com.br\/site\/wp-json\/wp\/v2\/media?parent=2967"}],"wp:term":[{"taxonomy":"category","embeddable":true,"href":"https:\/\/www.polisrecreio.com.br\/site\/wp-json\/wp\/v2\/categories?post=2967"},{"taxonomy":"post_tag","embeddable":true,"href":"https:\/\/www.polisrecreio.com.br\/site\/wp-json\/wp\/v2\/tags?post=2967"}],"curies":[{"name":"wp","href":"https:\/\/api.w.org\/{rel}","templated":true}]}}