{"id":2989,"date":"2016-09-22T10:11:57","date_gmt":"2016-09-22T13:11:57","guid":{"rendered":"http:\/\/www.polisrecreio.com.br\/site\/?p=2989"},"modified":"2016-09-22T10:20:02","modified_gmt":"2016-09-22T13:20:02","slug":"obra-de-2015-e-ofuscada-pelo-descaso-da-prefeitura-com-o-ribeirao-dos-monos","status":"publish","type":"post","link":"https:\/\/www.polisrecreio.com.br\/site\/2016\/09\/22\/obra-de-2015-e-ofuscada-pelo-descaso-da-prefeitura-com-o-ribeirao-dos-monos\/","title":{"rendered":"Obra de 2015 \u00e9 ofuscada pelo descaso da Prefeitura com o Ribeir\u00e3o dos Monos"},"content":{"rendered":"<p style=\"text-align: justify;\">Uma das obras mais complexas de engenharia j\u00e1 realizadas em Recreio est\u00e1 sendo ofuscada pelo descaso da Prefeitura com o Ribeir\u00e3o dos Monos. H\u00e1 meses o mato alto e o assoreamento, ocasionado pela constru\u00e7\u00e3o, refletem a neglig\u00eancia da gest\u00e3o municipal com o principal recurso h\u00eddrico da cidade.<\/p>\n<p style=\"text-align: justify;\"><!--more--><\/p>\n<figure id=\"attachment_2991\" aria-describedby=\"caption-attachment-2991\" style=\"width: 800px\" class=\"wp-caption aligncenter\"><a href=\"http:\/\/www.polisrecreio.com.br\/site\/wp-content\/uploads\/2016\/09\/100_4392.jpg\"><img loading=\"lazy\" class=\"size-full wp-image-2991\" src=\"http:\/\/www.polisrecreio.com.br\/site\/wp-content\/uploads\/2016\/09\/100_4392.jpg\" alt=\"Situa\u00e7\u00e3o do Ribeir\u00e3o ao lado do muro.\" width=\"800\" height=\"600\" srcset=\"https:\/\/www.polisrecreio.com.br\/site\/wp-content\/uploads\/2016\/09\/100_4392.jpg 800w, https:\/\/www.polisrecreio.com.br\/site\/wp-content\/uploads\/2016\/09\/100_4392-300x225.jpg 300w\" sizes=\"(max-width: 800px) 100vw, 800px\" \/><\/a><figcaption id=\"caption-attachment-2991\" class=\"wp-caption-text\">Situa\u00e7\u00e3o do Ribeir\u00e3o ao lado do muro.<\/figcaption><\/figure>\n<p style=\"text-align: justify;\">A obra na Rua Coronel Jos\u00e9 Maria Cardoso, principal via de acesso ao Hospital S\u00e3o Sebasti\u00e3o e ao Pronto-Socorro Municipal, foi necess\u00e1ria por causa do desbarrancamento da encosta depois de fortes chuvas no final de 2013, pois a continuidade do desmoronamento poderia levar para dentro do Ribeir\u00e3o toda a rua e as resid\u00eancias pr\u00f3ximas. Para solucionar o problema, a Prefeitura firmou um conv\u00eanio, em 2014, para constru\u00e7\u00e3o de um muro de arrimo com o Governo Estadual, no valor de R$ 164 mil. A obra acabou demorando por causa da mudan\u00e7a de administra\u00e7\u00e3o no Estado e s\u00f3 veio a ser conclu\u00edda no final de 2015. A inaugura\u00e7\u00e3o aconteceu em 1\u00ba de julho deste ano.<\/p>\n<figure id=\"attachment_2992\" aria-describedby=\"caption-attachment-2992\" style=\"width: 800px\" class=\"wp-caption aligncenter\"><a href=\"http:\/\/www.polisrecreio.com.br\/site\/wp-content\/uploads\/2016\/09\/100_43931.jpg\"><img loading=\"lazy\" class=\"size-full wp-image-2992\" src=\"http:\/\/www.polisrecreio.com.br\/site\/wp-content\/uploads\/2016\/09\/100_43931.jpg\" alt=\"Mato e assoreamento ao lado do muro.\" width=\"800\" height=\"600\" srcset=\"https:\/\/www.polisrecreio.com.br\/site\/wp-content\/uploads\/2016\/09\/100_43931.jpg 800w, https:\/\/www.polisrecreio.com.br\/site\/wp-content\/uploads\/2016\/09\/100_43931-300x225.jpg 300w\" sizes=\"(max-width: 800px) 100vw, 800px\" \/><\/a><figcaption id=\"caption-attachment-2992\" class=\"wp-caption-text\">Mato e assoreamento ao lado do muro.<\/figcaption><\/figure>\n<p style=\"text-align: justify;\">Por\u00e9m, as dificuldades para realiza\u00e7\u00e3o da obra e a beleza de um cal\u00e7ad\u00e3o constru\u00eddo com instala\u00e7\u00e3o de assentos, \u00e1rvores e ilumina\u00e7\u00e3o noturna, v\u00e3o sendo ofuscadas pelo total abandono que o Ribeir\u00e3o dos Monos sente h\u00e1 meses. Alguns moradores, vizinhos ao Monos, vem reclamando constantemente sobre essa situa\u00e7\u00e3o ao Site P\u00f3lis.<\/p>\n<p style=\"text-align: justify;\">A limpeza do leito do Ribeir\u00e3o em toda sua extens\u00e3o e o desassoreamento da \u00e1rea pr\u00f3xima ao muro s\u00e3o responsabilidades do Munic\u00edpio.<\/p>\n","protected":false},"excerpt":{"rendered":"<p>Uma das obras mais complexas de engenharia j\u00e1 realizadas em Recreio est\u00e1 sendo ofuscada pelo descaso da Prefeitura com o Ribeir\u00e3o dos Monos. H\u00e1 meses o mato alto e o assoreamento, ocasionado pela constru\u00e7\u00e3o, refletem a neglig\u00eancia da gest\u00e3o municipal com o principal recurso h\u00eddrico da cidade.<\/p>\n","protected":false},"author":3,"featured_media":2991,"comment_status":"open","ping_status":"open","sticky":false,"template":"","format":"standard","meta":[],"categories":[6],"tags":[],"yoast_head":"<!-- This site is optimized with the Yoast SEO plugin v15.6.2 - https:\/\/yoast.com\/wordpress\/plugins\/seo\/ -->\n<meta name=\"robots\" content=\"index, follow, max-snippet:-1, max-image-preview:large, max-video-preview:-1\" \/>\n<link rel=\"canonical\" href=\"https:\/\/www.polisrecreio.com.br\/site\/2016\/09\/22\/obra-de-2015-e-ofuscada-pelo-descaso-da-prefeitura-com-o-ribeirao-dos-monos\/\" \/>\n<meta property=\"og:locale\" content=\"pt_BR\" \/>\n<meta property=\"og:type\" content=\"article\" \/>\n<meta property=\"og:title\" content=\"Obra de 2015 \u00e9 ofuscada pelo descaso da Prefeitura com o Ribeir\u00e3o dos Monos - P\u00f3lis Recreio\" \/>\n<meta property=\"og:description\" content=\"Uma das obras mais complexas de engenharia j\u00e1 realizadas em Recreio est\u00e1 sendo ofuscada pelo descaso da Prefeitura com o Ribeir\u00e3o dos Monos. H\u00e1 meses o mato alto e o assoreamento, ocasionado pela constru\u00e7\u00e3o, refletem a neglig\u00eancia da gest\u00e3o municipal com o principal recurso h\u00eddrico da cidade.\" \/>\n<meta property=\"og:url\" content=\"https:\/\/www.polisrecreio.com.br\/site\/2016\/09\/22\/obra-de-2015-e-ofuscada-pelo-descaso-da-prefeitura-com-o-ribeirao-dos-monos\/\" \/>\n<meta property=\"og:site_name\" content=\"P\u00f3lis Recreio\" \/>\n<meta property=\"article:publisher\" content=\"https:\/\/www.facebook.com\/Site-P%c3%b3lis-Recreio-MG-181941708571019\/\" \/>\n<meta property=\"article:published_time\" content=\"2016-09-22T13:11:57+00:00\" \/>\n<meta property=\"article:modified_time\" content=\"2016-09-22T13:20:02+00:00\" \/>\n<meta property=\"og:image\" content=\"https:\/\/www.polisrecreio.com.br\/site\/wp-content\/uploads\/2016\/09\/100_4392.jpg\" \/>\n\t<meta property=\"og:image:width\" content=\"800\" \/>\n\t<meta property=\"og:image:height\" content=\"600\" \/>\n<meta name=\"twitter:card\" content=\"summary_large_image\" \/>\n<meta name=\"twitter:creator\" content=\"@PolisRecreio\" \/>\n<meta name=\"twitter:site\" content=\"@PolisRecreio\" \/>\n<meta name=\"twitter:label1\" content=\"Est. reading time\">\n\t<meta name=\"twitter:data1\" content=\"1 minuto\">\n<script type=\"application\/ld+json\" class=\"yoast-schema-graph\">{\"@context\":\"https:\/\/schema.org\",\"@graph\":[{\"@type\":\"WebSite\",\"@id\":\"https:\/\/www.polisrecreio.com.br\/site\/#website\",\"url\":\"https:\/\/www.polisrecreio.com.br\/site\/\",\"name\":\"P\\u00f3lis Recreio\",\"description\":\"\",\"potentialAction\":[{\"@type\":\"SearchAction\",\"target\":\"https:\/\/www.polisrecreio.com.br\/site\/?s={search_term_string}\",\"query-input\":\"required name=search_term_string\"}],\"inLanguage\":\"pt-BR\"},{\"@type\":\"ImageObject\",\"@id\":\"https:\/\/www.polisrecreio.com.br\/site\/2016\/09\/22\/obra-de-2015-e-ofuscada-pelo-descaso-da-prefeitura-com-o-ribeirao-dos-monos\/#primaryimage\",\"inLanguage\":\"pt-BR\",\"url\":\"https:\/\/www.polisrecreio.com.br\/site\/wp-content\/uploads\/2016\/09\/100_4392.jpg\",\"width\":800,\"height\":600,\"caption\":\"Situa\\u00e7\\u00e3o do Ribeir\\u00e3o ao lado do muro.\"},{\"@type\":\"WebPage\",\"@id\":\"https:\/\/www.polisrecreio.com.br\/site\/2016\/09\/22\/obra-de-2015-e-ofuscada-pelo-descaso-da-prefeitura-com-o-ribeirao-dos-monos\/#webpage\",\"url\":\"https:\/\/www.polisrecreio.com.br\/site\/2016\/09\/22\/obra-de-2015-e-ofuscada-pelo-descaso-da-prefeitura-com-o-ribeirao-dos-monos\/\",\"name\":\"Obra de 2015 \\u00e9 ofuscada pelo descaso da Prefeitura com o Ribeir\\u00e3o dos Monos - P\\u00f3lis Recreio\",\"isPartOf\":{\"@id\":\"https:\/\/www.polisrecreio.com.br\/site\/#website\"},\"primaryImageOfPage\":{\"@id\":\"https:\/\/www.polisrecreio.com.br\/site\/2016\/09\/22\/obra-de-2015-e-ofuscada-pelo-descaso-da-prefeitura-com-o-ribeirao-dos-monos\/#primaryimage\"},\"datePublished\":\"2016-09-22T13:11:57+00:00\",\"dateModified\":\"2016-09-22T13:20:02+00:00\",\"author\":{\"@id\":\"https:\/\/www.polisrecreio.com.br\/site\/#\/schema\/person\/3363c1c78e1e28e1329d97adb387638e\"},\"inLanguage\":\"pt-BR\",\"potentialAction\":[{\"@type\":\"ReadAction\",\"target\":[\"https:\/\/www.polisrecreio.com.br\/site\/2016\/09\/22\/obra-de-2015-e-ofuscada-pelo-descaso-da-prefeitura-com-o-ribeirao-dos-monos\/\"]}]},{\"@type\":\"Person\",\"@id\":\"https:\/\/www.polisrecreio.com.br\/site\/#\/schema\/person\/3363c1c78e1e28e1329d97adb387638e\",\"name\":\"Leonardo Ribeiro\",\"image\":{\"@type\":\"ImageObject\",\"@id\":\"https:\/\/www.polisrecreio.com.br\/site\/#personlogo\",\"inLanguage\":\"pt-BR\",\"url\":\"https:\/\/secure.gravatar.com\/avatar\/6ba92a37d621e1a83e23710251178a12?s=96&d=mm&r=g\",\"caption\":\"Leonardo Ribeiro\"},\"sameAs\":[\"http:\/\/www.polisrecreio.com.br\"]}]}<\/script>\n<!-- \/ Yoast SEO plugin. -->","_links":{"self":[{"href":"https:\/\/www.polisrecreio.com.br\/site\/wp-json\/wp\/v2\/posts\/2989"}],"collection":[{"href":"https:\/\/www.polisrecreio.com.br\/site\/wp-json\/wp\/v2\/posts"}],"about":[{"href":"https:\/\/www.polisrecreio.com.br\/site\/wp-json\/wp\/v2\/types\/post"}],"author":[{"embeddable":true,"href":"https:\/\/www.polisrecreio.com.br\/site\/wp-json\/wp\/v2\/users\/3"}],"replies":[{"embeddable":true,"href":"https:\/\/www.polisrecreio.com.br\/site\/wp-json\/wp\/v2\/comments?post=2989"}],"version-history":[{"count":2,"href":"https:\/\/www.polisrecreio.com.br\/site\/wp-json\/wp\/v2\/posts\/2989\/revisions"}],"predecessor-version":[{"id":2994,"href":"https:\/\/www.polisrecreio.com.br\/site\/wp-json\/wp\/v2\/posts\/2989\/revisions\/2994"}],"wp:featuredmedia":[{"embeddable":true,"href":"https:\/\/www.polisrecreio.com.br\/site\/wp-json\/wp\/v2\/media\/2991"}],"wp:attachment":[{"href":"https:\/\/www.polisrecreio.com.br\/site\/wp-json\/wp\/v2\/media?parent=2989"}],"wp:term":[{"taxonomy":"category","embeddable":true,"href":"https:\/\/www.polisrecreio.com.br\/site\/wp-json\/wp\/v2\/categories?post=2989"},{"taxonomy":"post_tag","embeddable":true,"href":"https:\/\/www.polisrecreio.com.br\/site\/wp-json\/wp\/v2\/tags?post=2989"}],"curies":[{"name":"wp","href":"https:\/\/api.w.org\/{rel}","templated":true}]}}