{"id":3115,"date":"2016-10-11T09:13:21","date_gmt":"2016-10-11T12:13:21","guid":{"rendered":"http:\/\/www.polisrecreio.com.br\/site\/?p=3115"},"modified":"2016-10-11T09:13:21","modified_gmt":"2016-10-11T12:13:21","slug":"quarta-feira-tem-festa-das-criancas-em-recreio","status":"publish","type":"post","link":"https:\/\/www.polisrecreio.com.br\/site\/2016\/10\/11\/quarta-feira-tem-festa-das-criancas-em-recreio\/","title":{"rendered":"Quarta-feira tem festa das crian\u00e7as em Recreio"},"content":{"rendered":"<p style=\"text-align: justify;\">Nessa quarta-feira (12), a Loja Ma\u00e7\u00f4nica Recreio Unido n\u00ba 34 estar\u00e1 realizando a 4\u00aa edi\u00e7\u00e3o da festa do dia das crian\u00e7as, na Rua Jo\u00e3o Perillo, no centro, a partir das 12h, com v\u00e1rias atividades para a garotada recreiense.<\/p>\n<p style=\"text-align: justify;\"><!--more--><\/p>\n<p style=\"text-align: justify;\"><a href=\"http:\/\/www.polisrecreio.com.br\/site\/wp-content\/uploads\/2016\/10\/crian\u00e7as.jpg\"><img loading=\"lazy\" class=\"aligncenter size-full wp-image-3116\" src=\"http:\/\/www.polisrecreio.com.br\/site\/wp-content\/uploads\/2016\/10\/crian\u00e7as.jpg\" alt=\"criancas\" width=\"801\" height=\"425\" srcset=\"https:\/\/www.polisrecreio.com.br\/site\/wp-content\/uploads\/2016\/10\/crian\u00e7as.jpg 801w, https:\/\/www.polisrecreio.com.br\/site\/wp-content\/uploads\/2016\/10\/crian\u00e7as-300x159.jpg 300w\" sizes=\"(max-width: 801px) 100vw, 801px\" \/><\/a><\/p>\n<p style=\"text-align: justify;\">Na programa\u00e7\u00e3o do evento est\u00e1 a distribui\u00e7\u00e3o de cachorros quentes, refrigerantes, algod\u00e3o doce, picol\u00e9s e brinquedos para as crian\u00e7as presentes, al\u00e9m, do sorteio de nove bicicletas, um velotrol, bonecas e carrinhos.<\/p>\n<p style=\"text-align: justify;\">Em 2016, a festa conta com apoio do com\u00e9rcio local, da sorveteria Sol &amp; Neve e do SESC de Muria\u00e9.<\/p>\n","protected":false},"excerpt":{"rendered":"<p>Nessa quarta-feira (12), a Loja Ma\u00e7\u00f4nica Recreio Unido n\u00ba 34 estar\u00e1 realizando a 4\u00aa edi\u00e7\u00e3o da festa do dia das crian\u00e7as, na Rua Jo\u00e3o Perillo, no centro, a partir das 12h, com v\u00e1rias atividades para a garotada recreiense.<\/p>\n","protected":false},"author":3,"featured_media":3116,"comment_status":"open","ping_status":"open","sticky":false,"template":"","format":"standard","meta":[],"categories":[6],"tags":[],"yoast_head":"<!-- This site is optimized with the Yoast SEO plugin v15.6.2 - https:\/\/yoast.com\/wordpress\/plugins\/seo\/ -->\n<meta name=\"robots\" content=\"index, follow, max-snippet:-1, max-image-preview:large, max-video-preview:-1\" \/>\n<link rel=\"canonical\" href=\"https:\/\/www.polisrecreio.com.br\/site\/2016\/10\/11\/quarta-feira-tem-festa-das-criancas-em-recreio\/\" \/>\n<meta property=\"og:locale\" content=\"pt_BR\" \/>\n<meta property=\"og:type\" content=\"article\" \/>\n<meta property=\"og:title\" content=\"Quarta-feira tem festa das crian\u00e7as em Recreio - P\u00f3lis Recreio\" \/>\n<meta property=\"og:description\" content=\"Nessa quarta-feira (12), a Loja Ma\u00e7\u00f4nica Recreio Unido n\u00ba 34 estar\u00e1 realizando a 4\u00aa edi\u00e7\u00e3o da festa do dia das crian\u00e7as, na Rua Jo\u00e3o Perillo, no centro, a partir das 12h, com v\u00e1rias atividades para a garotada recreiense.\" \/>\n<meta property=\"og:url\" content=\"https:\/\/www.polisrecreio.com.br\/site\/2016\/10\/11\/quarta-feira-tem-festa-das-criancas-em-recreio\/\" \/>\n<meta property=\"og:site_name\" content=\"P\u00f3lis Recreio\" \/>\n<meta property=\"article:publisher\" content=\"https:\/\/www.facebook.com\/Site-P%c3%b3lis-Recreio-MG-181941708571019\/\" \/>\n<meta property=\"article:published_time\" content=\"2016-10-11T12:13:21+00:00\" \/>\n<meta property=\"og:image\" content=\"https:\/\/www.polisrecreio.com.br\/site\/wp-content\/uploads\/2016\/10\/crian\u00e7as.jpg\" \/>\n\t<meta property=\"og:image:width\" content=\"801\" \/>\n\t<meta property=\"og:image:height\" content=\"425\" \/>\n<meta name=\"twitter:card\" content=\"summary_large_image\" \/>\n<meta name=\"twitter:creator\" content=\"@PolisRecreio\" \/>\n<meta name=\"twitter:site\" content=\"@PolisRecreio\" \/>\n<script type=\"application\/ld+json\" class=\"yoast-schema-graph\">{\"@context\":\"https:\/\/schema.org\",\"@graph\":[{\"@type\":\"WebSite\",\"@id\":\"https:\/\/www.polisrecreio.com.br\/site\/#website\",\"url\":\"https:\/\/www.polisrecreio.com.br\/site\/\",\"name\":\"P\\u00f3lis Recreio\",\"description\":\"\",\"potentialAction\":[{\"@type\":\"SearchAction\",\"target\":\"https:\/\/www.polisrecreio.com.br\/site\/?s={search_term_string}\",\"query-input\":\"required name=search_term_string\"}],\"inLanguage\":\"pt-BR\"},{\"@type\":\"ImageObject\",\"@id\":\"https:\/\/www.polisrecreio.com.br\/site\/2016\/10\/11\/quarta-feira-tem-festa-das-criancas-em-recreio\/#primaryimage\",\"inLanguage\":\"pt-BR\",\"url\":\"https:\/\/www.polisrecreio.com.br\/site\/wp-content\/uploads\/2016\/10\/crian\\u00e7as.jpg\",\"width\":801,\"height\":425},{\"@type\":\"WebPage\",\"@id\":\"https:\/\/www.polisrecreio.com.br\/site\/2016\/10\/11\/quarta-feira-tem-festa-das-criancas-em-recreio\/#webpage\",\"url\":\"https:\/\/www.polisrecreio.com.br\/site\/2016\/10\/11\/quarta-feira-tem-festa-das-criancas-em-recreio\/\",\"name\":\"Quarta-feira tem festa das crian\\u00e7as em Recreio - P\\u00f3lis Recreio\",\"isPartOf\":{\"@id\":\"https:\/\/www.polisrecreio.com.br\/site\/#website\"},\"primaryImageOfPage\":{\"@id\":\"https:\/\/www.polisrecreio.com.br\/site\/2016\/10\/11\/quarta-feira-tem-festa-das-criancas-em-recreio\/#primaryimage\"},\"datePublished\":\"2016-10-11T12:13:21+00:00\",\"dateModified\":\"2016-10-11T12:13:21+00:00\",\"author\":{\"@id\":\"https:\/\/www.polisrecreio.com.br\/site\/#\/schema\/person\/3363c1c78e1e28e1329d97adb387638e\"},\"inLanguage\":\"pt-BR\",\"potentialAction\":[{\"@type\":\"ReadAction\",\"target\":[\"https:\/\/www.polisrecreio.com.br\/site\/2016\/10\/11\/quarta-feira-tem-festa-das-criancas-em-recreio\/\"]}]},{\"@type\":\"Person\",\"@id\":\"https:\/\/www.polisrecreio.com.br\/site\/#\/schema\/person\/3363c1c78e1e28e1329d97adb387638e\",\"name\":\"Leonardo Ribeiro\",\"image\":{\"@type\":\"ImageObject\",\"@id\":\"https:\/\/www.polisrecreio.com.br\/site\/#personlogo\",\"inLanguage\":\"pt-BR\",\"url\":\"https:\/\/secure.gravatar.com\/avatar\/6ba92a37d621e1a83e23710251178a12?s=96&d=mm&r=g\",\"caption\":\"Leonardo Ribeiro\"},\"sameAs\":[\"http:\/\/www.polisrecreio.com.br\"]}]}<\/script>\n<!-- \/ Yoast SEO plugin. -->","_links":{"self":[{"href":"https:\/\/www.polisrecreio.com.br\/site\/wp-json\/wp\/v2\/posts\/3115"}],"collection":[{"href":"https:\/\/www.polisrecreio.com.br\/site\/wp-json\/wp\/v2\/posts"}],"about":[{"href":"https:\/\/www.polisrecreio.com.br\/site\/wp-json\/wp\/v2\/types\/post"}],"author":[{"embeddable":true,"href":"https:\/\/www.polisrecreio.com.br\/site\/wp-json\/wp\/v2\/users\/3"}],"replies":[{"embeddable":true,"href":"https:\/\/www.polisrecreio.com.br\/site\/wp-json\/wp\/v2\/comments?post=3115"}],"version-history":[{"count":1,"href":"https:\/\/www.polisrecreio.com.br\/site\/wp-json\/wp\/v2\/posts\/3115\/revisions"}],"predecessor-version":[{"id":3117,"href":"https:\/\/www.polisrecreio.com.br\/site\/wp-json\/wp\/v2\/posts\/3115\/revisions\/3117"}],"wp:featuredmedia":[{"embeddable":true,"href":"https:\/\/www.polisrecreio.com.br\/site\/wp-json\/wp\/v2\/media\/3116"}],"wp:attachment":[{"href":"https:\/\/www.polisrecreio.com.br\/site\/wp-json\/wp\/v2\/media?parent=3115"}],"wp:term":[{"taxonomy":"category","embeddable":true,"href":"https:\/\/www.polisrecreio.com.br\/site\/wp-json\/wp\/v2\/categories?post=3115"},{"taxonomy":"post_tag","embeddable":true,"href":"https:\/\/www.polisrecreio.com.br\/site\/wp-json\/wp\/v2\/tags?post=3115"}],"curies":[{"name":"wp","href":"https:\/\/api.w.org\/{rel}","templated":true}]}}