{"id":3118,"date":"2016-10-11T13:45:53","date_gmt":"2016-10-11T16:45:53","guid":{"rendered":"http:\/\/www.polisrecreio.com.br\/site\/?p=3118"},"modified":"2016-10-11T13:47:07","modified_gmt":"2016-10-11T16:47:07","slug":"friburguense-do-recreiense-merica-decide-vaga-na-final-da-copa-rio","status":"publish","type":"post","link":"https:\/\/www.polisrecreio.com.br\/site\/2016\/10\/11\/friburguense-do-recreiense-merica-decide-vaga-na-final-da-copa-rio\/","title":{"rendered":"Friburguense, do recreiense Merica, decide vaga na final da Copa Rio"},"content":{"rendered":"<p style=\"text-align: justify;\">No feriado de amanh\u00e3, 12 de outubro, o recreiense Merica estar\u00e1 trabalhando para chegar \u00e0 sua primeira final como t\u00e9cnico profissional pelo Friburguense A.C. O jogo decisivo da semifinal da Copa Rio ser\u00e1 em Resende contra o time da casa, \u00e0s 15h.<\/p>\n<p style=\"text-align: justify;\"><!--more--><\/p>\n<figure id=\"attachment_3119\" aria-describedby=\"caption-attachment-3119\" style=\"width: 800px\" class=\"wp-caption aligncenter\"><a href=\"http:\/\/www.polisrecreio.com.br\/site\/wp-content\/uploads\/2016\/10\/14606356_1784616671823522_4124210584240272023_n.jpg\"><img loading=\"lazy\" class=\"size-full wp-image-3119\" src=\"http:\/\/www.polisrecreio.com.br\/site\/wp-content\/uploads\/2016\/10\/14606356_1784616671823522_4124210584240272023_n.jpg\" alt=\"Merica incentivando jogadores. Foto: Facebook Jornada Interativa.\" width=\"800\" height=\"484\" srcset=\"https:\/\/www.polisrecreio.com.br\/site\/wp-content\/uploads\/2016\/10\/14606356_1784616671823522_4124210584240272023_n.jpg 800w, https:\/\/www.polisrecreio.com.br\/site\/wp-content\/uploads\/2016\/10\/14606356_1784616671823522_4124210584240272023_n-300x182.jpg 300w\" sizes=\"(max-width: 800px) 100vw, 800px\" \/><\/a><figcaption id=\"caption-attachment-3119\" class=\"wp-caption-text\">Merica incentivando jogadores. Foto: Facebook Jornada Interativa.<\/figcaption><\/figure>\n<p style=\"text-align: justify;\">A primeira partida entre as duas equipes, em Nova Friburgo, terminou 1X1, agora s\u00f3 a vit\u00f3ria interessa para o Friz\u00e3o chegar \u00e0 final, novo empate a disputa ser\u00e1 nos p\u00eanaltis. A outra semifinal ser\u00e1 entre Itabora\u00ed e Portuguesa, que venceu o primeiro jogo em casa, por 4X0.<\/p>\n<p style=\"text-align: justify;\">Nesta ter\u00e7a-feira, o Site P\u00f3lis, entrou em contato com Merica, o treinador disse que \u201ca equipe est\u00e1 confiante para fazer um bom jogo e chegar \u00e0 grande final da competi\u00e7\u00e3o\u201d.<\/p>\n<p style=\"text-align: justify;\">O campe\u00e3o da Copa Rio 2016 ter\u00e1 vaga na Copa do Brasil e o vice-campe\u00e3o ir\u00e1 para o Campeonato Brasileiro s\u00e9rie D.<\/p>\n","protected":false},"excerpt":{"rendered":"<p>No feriado de amanh\u00e3, 12 de outubro, o recreiense Merica estar\u00e1 trabalhando para chegar \u00e0 sua primeira final como t\u00e9cnico profissional pelo Friburguense A.C. O jogo decisivo da semifinal da Copa Rio ser\u00e1 em Resende contra o time da casa, \u00e0s 15h.<\/p>\n","protected":false},"author":3,"featured_media":3119,"comment_status":"open","ping_status":"open","sticky":false,"template":"","format":"standard","meta":[],"categories":[4],"tags":[],"yoast_head":"<!-- This site is optimized with the Yoast SEO plugin v15.6.2 - https:\/\/yoast.com\/wordpress\/plugins\/seo\/ -->\n<meta name=\"robots\" content=\"index, follow, max-snippet:-1, max-image-preview:large, max-video-preview:-1\" \/>\n<link rel=\"canonical\" href=\"http:\/\/www.polisrecreio.com.br\/site\/2016\/10\/11\/friburguense-do-recreiense-merica-decide-vaga-na-final-da-copa-rio\/\" \/>\n<meta property=\"og:locale\" content=\"pt_BR\" \/>\n<meta property=\"og:type\" content=\"article\" \/>\n<meta property=\"og:title\" content=\"Friburguense, do recreiense Merica, decide vaga na final da Copa Rio - P\u00f3lis Recreio\" \/>\n<meta property=\"og:description\" content=\"No feriado de amanh\u00e3, 12 de outubro, o recreiense Merica estar\u00e1 trabalhando para chegar \u00e0 sua primeira final como t\u00e9cnico profissional pelo Friburguense A.C. O jogo decisivo da semifinal da Copa Rio ser\u00e1 em Resende contra o time da casa, \u00e0s 15h.\" \/>\n<meta property=\"og:url\" content=\"http:\/\/www.polisrecreio.com.br\/site\/2016\/10\/11\/friburguense-do-recreiense-merica-decide-vaga-na-final-da-copa-rio\/\" \/>\n<meta property=\"og:site_name\" content=\"P\u00f3lis Recreio\" \/>\n<meta property=\"article:publisher\" content=\"https:\/\/www.facebook.com\/Site-P%c3%b3lis-Recreio-MG-181941708571019\/\" \/>\n<meta property=\"article:published_time\" content=\"2016-10-11T16:45:53+00:00\" \/>\n<meta property=\"article:modified_time\" content=\"2016-10-11T16:47:07+00:00\" \/>\n<meta property=\"og:image\" content=\"https:\/\/www.polisrecreio.com.br\/site\/wp-content\/uploads\/2016\/10\/14606356_1784616671823522_4124210584240272023_n.jpg\" \/>\n\t<meta property=\"og:image:width\" content=\"800\" \/>\n\t<meta property=\"og:image:height\" content=\"484\" \/>\n<meta name=\"twitter:card\" content=\"summary_large_image\" \/>\n<meta name=\"twitter:creator\" content=\"@PolisRecreio\" \/>\n<meta name=\"twitter:site\" content=\"@PolisRecreio\" \/>\n<meta name=\"twitter:label1\" content=\"Est. reading time\">\n\t<meta name=\"twitter:data1\" content=\"1 minuto\">\n<script type=\"application\/ld+json\" class=\"yoast-schema-graph\">{\"@context\":\"https:\/\/schema.org\",\"@graph\":[{\"@type\":\"WebSite\",\"@id\":\"https:\/\/www.polisrecreio.com.br\/site\/#website\",\"url\":\"https:\/\/www.polisrecreio.com.br\/site\/\",\"name\":\"P\\u00f3lis Recreio\",\"description\":\"\",\"potentialAction\":[{\"@type\":\"SearchAction\",\"target\":\"https:\/\/www.polisrecreio.com.br\/site\/?s={search_term_string}\",\"query-input\":\"required name=search_term_string\"}],\"inLanguage\":\"pt-BR\"},{\"@type\":\"ImageObject\",\"@id\":\"http:\/\/www.polisrecreio.com.br\/site\/2016\/10\/11\/friburguense-do-recreiense-merica-decide-vaga-na-final-da-copa-rio\/#primaryimage\",\"inLanguage\":\"pt-BR\",\"url\":\"https:\/\/www.polisrecreio.com.br\/site\/wp-content\/uploads\/2016\/10\/14606356_1784616671823522_4124210584240272023_n.jpg\",\"width\":800,\"height\":484,\"caption\":\"Merica incentivando jogadores. Foto: Facebook Jornada Interativa.\"},{\"@type\":\"WebPage\",\"@id\":\"http:\/\/www.polisrecreio.com.br\/site\/2016\/10\/11\/friburguense-do-recreiense-merica-decide-vaga-na-final-da-copa-rio\/#webpage\",\"url\":\"http:\/\/www.polisrecreio.com.br\/site\/2016\/10\/11\/friburguense-do-recreiense-merica-decide-vaga-na-final-da-copa-rio\/\",\"name\":\"Friburguense, do recreiense Merica, decide vaga na final da Copa Rio - P\\u00f3lis Recreio\",\"isPartOf\":{\"@id\":\"https:\/\/www.polisrecreio.com.br\/site\/#website\"},\"primaryImageOfPage\":{\"@id\":\"http:\/\/www.polisrecreio.com.br\/site\/2016\/10\/11\/friburguense-do-recreiense-merica-decide-vaga-na-final-da-copa-rio\/#primaryimage\"},\"datePublished\":\"2016-10-11T16:45:53+00:00\",\"dateModified\":\"2016-10-11T16:47:07+00:00\",\"author\":{\"@id\":\"https:\/\/www.polisrecreio.com.br\/site\/#\/schema\/person\/3363c1c78e1e28e1329d97adb387638e\"},\"inLanguage\":\"pt-BR\",\"potentialAction\":[{\"@type\":\"ReadAction\",\"target\":[\"http:\/\/www.polisrecreio.com.br\/site\/2016\/10\/11\/friburguense-do-recreiense-merica-decide-vaga-na-final-da-copa-rio\/\"]}]},{\"@type\":\"Person\",\"@id\":\"https:\/\/www.polisrecreio.com.br\/site\/#\/schema\/person\/3363c1c78e1e28e1329d97adb387638e\",\"name\":\"Leonardo Ribeiro\",\"image\":{\"@type\":\"ImageObject\",\"@id\":\"https:\/\/www.polisrecreio.com.br\/site\/#personlogo\",\"inLanguage\":\"pt-BR\",\"url\":\"https:\/\/secure.gravatar.com\/avatar\/6ba92a37d621e1a83e23710251178a12?s=96&d=mm&r=g\",\"caption\":\"Leonardo Ribeiro\"},\"sameAs\":[\"http:\/\/www.polisrecreio.com.br\"]}]}<\/script>\n<!-- \/ Yoast SEO plugin. -->","_links":{"self":[{"href":"https:\/\/www.polisrecreio.com.br\/site\/wp-json\/wp\/v2\/posts\/3118"}],"collection":[{"href":"https:\/\/www.polisrecreio.com.br\/site\/wp-json\/wp\/v2\/posts"}],"about":[{"href":"https:\/\/www.polisrecreio.com.br\/site\/wp-json\/wp\/v2\/types\/post"}],"author":[{"embeddable":true,"href":"https:\/\/www.polisrecreio.com.br\/site\/wp-json\/wp\/v2\/users\/3"}],"replies":[{"embeddable":true,"href":"https:\/\/www.polisrecreio.com.br\/site\/wp-json\/wp\/v2\/comments?post=3118"}],"version-history":[{"count":2,"href":"https:\/\/www.polisrecreio.com.br\/site\/wp-json\/wp\/v2\/posts\/3118\/revisions"}],"predecessor-version":[{"id":3121,"href":"https:\/\/www.polisrecreio.com.br\/site\/wp-json\/wp\/v2\/posts\/3118\/revisions\/3121"}],"wp:featuredmedia":[{"embeddable":true,"href":"https:\/\/www.polisrecreio.com.br\/site\/wp-json\/wp\/v2\/media\/3119"}],"wp:attachment":[{"href":"https:\/\/www.polisrecreio.com.br\/site\/wp-json\/wp\/v2\/media?parent=3118"}],"wp:term":[{"taxonomy":"category","embeddable":true,"href":"https:\/\/www.polisrecreio.com.br\/site\/wp-json\/wp\/v2\/categories?post=3118"},{"taxonomy":"post_tag","embeddable":true,"href":"https:\/\/www.polisrecreio.com.br\/site\/wp-json\/wp\/v2\/tags?post=3118"}],"curies":[{"name":"wp","href":"https:\/\/api.w.org\/{rel}","templated":true}]}}