{"id":3123,"date":"2016-10-12T22:04:58","date_gmt":"2016-10-13T01:04:58","guid":{"rendered":"http:\/\/www.polisrecreio.com.br\/site\/?p=3123"},"modified":"2016-10-12T22:10:38","modified_gmt":"2016-10-13T01:10:38","slug":"festa-das-criancas-da-maconaria-recreio-unido-pelo-4o-ano-foi-sucesso","status":"publish","type":"post","link":"https:\/\/www.polisrecreio.com.br\/site\/2016\/10\/12\/festa-das-criancas-da-maconaria-recreio-unido-pelo-4o-ano-foi-sucesso\/","title":{"rendered":"Festa das crian\u00e7as, da Ma\u00e7onaria Recreio Unido, pelo 4\u00ba ano foi sucesso"},"content":{"rendered":"<p style=\"text-align: justify;\">Em 2016, pelo 4\u00ba ano consecutivo, a Loja Ma\u00e7\u00f4nica Recreio Unido N\u00ba 34 realizou a maior festa das crian\u00e7as de Recreio em comemora\u00e7\u00e3o ao dia 12 de outubro e em mais uma edi\u00e7\u00e3o o evento foi um sucesso.<\/p>\n<p style=\"text-align: justify;\"><!--more--><\/p>\n<figure id=\"attachment_3124\" aria-describedby=\"caption-attachment-3124\" style=\"width: 800px\" class=\"wp-caption aligncenter\"><a href=\"http:\/\/www.polisrecreio.com.br\/site\/wp-content\/uploads\/2016\/10\/100_4432.jpg\"><img loading=\"lazy\" class=\"size-full wp-image-3124\" src=\"http:\/\/www.polisrecreio.com.br\/site\/wp-content\/uploads\/2016\/10\/100_4432.jpg\" alt=\"Festa das crian\u00e7as 2016.\" width=\"800\" height=\"600\" srcset=\"https:\/\/www.polisrecreio.com.br\/site\/wp-content\/uploads\/2016\/10\/100_4432.jpg 800w, https:\/\/www.polisrecreio.com.br\/site\/wp-content\/uploads\/2016\/10\/100_4432-300x225.jpg 300w\" sizes=\"(max-width: 800px) 100vw, 800px\" \/><\/a><figcaption id=\"caption-attachment-3124\" class=\"wp-caption-text\">Festa das crian\u00e7as 2016.<\/figcaption><\/figure>\n<p style=\"text-align: justify;\">A festa come\u00e7ou \u00e0s 12h e foi at\u00e9 as 16:30h, na Rua Jo\u00e3o Perillo, em frente a Ma\u00e7onaria, no Centro, com atividades para a garotada recreiense, desde brincadeiras em diversos brinquedos \u00e0 distribui\u00e7\u00e3o de cachorros quentes, refrigerantes, algod\u00e3o doce, picol\u00e9s e sorteio de nove bicicletas, um velotrol, bonecas e carrinhos.<\/p>\n<p style=\"text-align: justify;\">O evento contou com apoio do com\u00e9rcio local, da sorveteria Sol &amp; Neve e do SESC de Muria\u00e9.<\/p>\n<figure id=\"attachment_3129\" aria-describedby=\"caption-attachment-3129\" style=\"width: 800px\" class=\"wp-caption aligncenter\"><a href=\"http:\/\/www.polisrecreio.com.br\/site\/wp-content\/uploads\/2016\/10\/100_4431.jpg\"><img loading=\"lazy\" class=\"wp-image-3129 size-full\" src=\"http:\/\/www.polisrecreio.com.br\/site\/wp-content\/uploads\/2016\/10\/100_4431.jpg\" alt=\"100_4431\" width=\"800\" height=\"600\" srcset=\"https:\/\/www.polisrecreio.com.br\/site\/wp-content\/uploads\/2016\/10\/100_4431.jpg 800w, https:\/\/www.polisrecreio.com.br\/site\/wp-content\/uploads\/2016\/10\/100_4431-300x225.jpg 300w\" sizes=\"(max-width: 800px) 100vw, 800px\" \/><\/a><figcaption id=\"caption-attachment-3129\" class=\"wp-caption-text\">Festa das crian\u00e7as 2016.<\/figcaption><\/figure>\n<figure id=\"attachment_3128\" aria-describedby=\"caption-attachment-3128\" style=\"width: 800px\" class=\"wp-caption aligncenter\"><a href=\"http:\/\/www.polisrecreio.com.br\/site\/wp-content\/uploads\/2016\/10\/100_4430.jpg\"><img loading=\"lazy\" class=\"wp-image-3128 size-full\" src=\"http:\/\/www.polisrecreio.com.br\/site\/wp-content\/uploads\/2016\/10\/100_4430.jpg\" alt=\"100_4430\" width=\"800\" height=\"600\" srcset=\"https:\/\/www.polisrecreio.com.br\/site\/wp-content\/uploads\/2016\/10\/100_4430.jpg 800w, https:\/\/www.polisrecreio.com.br\/site\/wp-content\/uploads\/2016\/10\/100_4430-300x225.jpg 300w\" sizes=\"(max-width: 800px) 100vw, 800px\" \/><\/a><figcaption id=\"caption-attachment-3128\" class=\"wp-caption-text\">Festa das crian\u00e7as 2016.<\/figcaption><\/figure>\n<figure id=\"attachment_3126\" aria-describedby=\"caption-attachment-3126\" style=\"width: 800px\" class=\"wp-caption aligncenter\"><a href=\"http:\/\/www.polisrecreio.com.br\/site\/wp-content\/uploads\/2016\/10\/100_4425.jpg\"><img loading=\"lazy\" class=\"wp-image-3126 size-full\" src=\"http:\/\/www.polisrecreio.com.br\/site\/wp-content\/uploads\/2016\/10\/100_4425.jpg\" alt=\"100_4425\" width=\"800\" height=\"600\" srcset=\"https:\/\/www.polisrecreio.com.br\/site\/wp-content\/uploads\/2016\/10\/100_4425.jpg 800w, https:\/\/www.polisrecreio.com.br\/site\/wp-content\/uploads\/2016\/10\/100_4425-300x225.jpg 300w\" sizes=\"(max-width: 800px) 100vw, 800px\" \/><\/a><figcaption id=\"caption-attachment-3126\" class=\"wp-caption-text\">Festa das crian\u00e7as 2016.<\/figcaption><\/figure>\n<figure id=\"attachment_3127\" aria-describedby=\"caption-attachment-3127\" style=\"width: 800px\" class=\"wp-caption aligncenter\"><a href=\"http:\/\/www.polisrecreio.com.br\/site\/wp-content\/uploads\/2016\/10\/100_4426.jpg\"><img loading=\"lazy\" class=\"wp-image-3127 size-full\" src=\"http:\/\/www.polisrecreio.com.br\/site\/wp-content\/uploads\/2016\/10\/100_4426.jpg\" alt=\"100_4426\" width=\"800\" height=\"600\" srcset=\"https:\/\/www.polisrecreio.com.br\/site\/wp-content\/uploads\/2016\/10\/100_4426.jpg 800w, https:\/\/www.polisrecreio.com.br\/site\/wp-content\/uploads\/2016\/10\/100_4426-300x225.jpg 300w\" sizes=\"(max-width: 800px) 100vw, 800px\" \/><\/a><figcaption id=\"caption-attachment-3127\" class=\"wp-caption-text\">Festa das crian\u00e7as 2016.<\/figcaption><\/figure>\n<figure id=\"attachment_3125\" aria-describedby=\"caption-attachment-3125\" style=\"width: 800px\" class=\"wp-caption aligncenter\"><a href=\"http:\/\/www.polisrecreio.com.br\/site\/wp-content\/uploads\/2016\/10\/100_4424.jpg\"><img loading=\"lazy\" class=\"wp-image-3125 size-full\" src=\"http:\/\/www.polisrecreio.com.br\/site\/wp-content\/uploads\/2016\/10\/100_4424.jpg\" alt=\"100_4424\" width=\"800\" height=\"600\" srcset=\"https:\/\/www.polisrecreio.com.br\/site\/wp-content\/uploads\/2016\/10\/100_4424.jpg 800w, https:\/\/www.polisrecreio.com.br\/site\/wp-content\/uploads\/2016\/10\/100_4424-300x225.jpg 300w\" sizes=\"(max-width: 800px) 100vw, 800px\" \/><\/a><figcaption id=\"caption-attachment-3125\" class=\"wp-caption-text\">Festa das crian\u00e7as 2016.<\/figcaption><\/figure>\n","protected":false},"excerpt":{"rendered":"<p>Em 2016, pelo 4\u00ba ano consecutivo, a Loja Ma\u00e7\u00f4nica Recreio Unido N\u00ba 34 realizou a maior festa das crian\u00e7as de Recreio em comemora\u00e7\u00e3o ao dia 12 de outubro e em mais uma edi\u00e7\u00e3o o evento foi um sucesso.<\/p>\n","protected":false},"author":3,"featured_media":3128,"comment_status":"open","ping_status":"open","sticky":false,"template":"","format":"standard","meta":[],"categories":[6],"tags":[],"yoast_head":"<!-- This site is optimized with the Yoast SEO plugin v15.6.2 - https:\/\/yoast.com\/wordpress\/plugins\/seo\/ -->\n<meta name=\"robots\" content=\"index, follow, max-snippet:-1, max-image-preview:large, max-video-preview:-1\" \/>\n<link rel=\"canonical\" href=\"http:\/\/www.polisrecreio.com.br\/site\/2016\/10\/12\/festa-das-criancas-da-maconaria-recreio-unido-pelo-4o-ano-foi-sucesso\/\" \/>\n<meta property=\"og:locale\" content=\"pt_BR\" \/>\n<meta property=\"og:type\" content=\"article\" \/>\n<meta property=\"og:title\" content=\"Festa das crian\u00e7as, da Ma\u00e7onaria Recreio Unido, pelo 4\u00ba ano foi sucesso - P\u00f3lis Recreio\" \/>\n<meta property=\"og:description\" content=\"Em 2016, pelo 4\u00ba ano consecutivo, a Loja Ma\u00e7\u00f4nica Recreio Unido N\u00ba 34 realizou a maior festa das crian\u00e7as de Recreio em comemora\u00e7\u00e3o ao dia 12 de outubro e em mais uma edi\u00e7\u00e3o o evento foi um sucesso.\" \/>\n<meta property=\"og:url\" content=\"http:\/\/www.polisrecreio.com.br\/site\/2016\/10\/12\/festa-das-criancas-da-maconaria-recreio-unido-pelo-4o-ano-foi-sucesso\/\" \/>\n<meta property=\"og:site_name\" content=\"P\u00f3lis Recreio\" \/>\n<meta property=\"article:publisher\" content=\"https:\/\/www.facebook.com\/Site-P%c3%b3lis-Recreio-MG-181941708571019\/\" \/>\n<meta property=\"article:published_time\" content=\"2016-10-13T01:04:58+00:00\" \/>\n<meta property=\"article:modified_time\" content=\"2016-10-13T01:10:38+00:00\" \/>\n<meta property=\"og:image\" content=\"https:\/\/www.polisrecreio.com.br\/site\/wp-content\/uploads\/2016\/10\/100_4430.jpg\" \/>\n\t<meta property=\"og:image:width\" content=\"800\" \/>\n\t<meta property=\"og:image:height\" content=\"600\" \/>\n<meta name=\"twitter:card\" content=\"summary_large_image\" \/>\n<meta name=\"twitter:creator\" content=\"@PolisRecreio\" \/>\n<meta name=\"twitter:site\" content=\"@PolisRecreio\" \/>\n<meta name=\"twitter:label1\" content=\"Est. reading time\">\n\t<meta name=\"twitter:data1\" content=\"1 minuto\">\n<script type=\"application\/ld+json\" class=\"yoast-schema-graph\">{\"@context\":\"https:\/\/schema.org\",\"@graph\":[{\"@type\":\"WebSite\",\"@id\":\"https:\/\/www.polisrecreio.com.br\/site\/#website\",\"url\":\"https:\/\/www.polisrecreio.com.br\/site\/\",\"name\":\"P\\u00f3lis Recreio\",\"description\":\"\",\"potentialAction\":[{\"@type\":\"SearchAction\",\"target\":\"https:\/\/www.polisrecreio.com.br\/site\/?s={search_term_string}\",\"query-input\":\"required name=search_term_string\"}],\"inLanguage\":\"pt-BR\"},{\"@type\":\"ImageObject\",\"@id\":\"http:\/\/www.polisrecreio.com.br\/site\/2016\/10\/12\/festa-das-criancas-da-maconaria-recreio-unido-pelo-4o-ano-foi-sucesso\/#primaryimage\",\"inLanguage\":\"pt-BR\",\"url\":\"https:\/\/www.polisrecreio.com.br\/site\/wp-content\/uploads\/2016\/10\/100_4430.jpg\",\"width\":800,\"height\":600},{\"@type\":\"WebPage\",\"@id\":\"http:\/\/www.polisrecreio.com.br\/site\/2016\/10\/12\/festa-das-criancas-da-maconaria-recreio-unido-pelo-4o-ano-foi-sucesso\/#webpage\",\"url\":\"http:\/\/www.polisrecreio.com.br\/site\/2016\/10\/12\/festa-das-criancas-da-maconaria-recreio-unido-pelo-4o-ano-foi-sucesso\/\",\"name\":\"Festa das crian\\u00e7as, da Ma\\u00e7onaria Recreio Unido, pelo 4\\u00ba ano foi sucesso - P\\u00f3lis Recreio\",\"isPartOf\":{\"@id\":\"https:\/\/www.polisrecreio.com.br\/site\/#website\"},\"primaryImageOfPage\":{\"@id\":\"http:\/\/www.polisrecreio.com.br\/site\/2016\/10\/12\/festa-das-criancas-da-maconaria-recreio-unido-pelo-4o-ano-foi-sucesso\/#primaryimage\"},\"datePublished\":\"2016-10-13T01:04:58+00:00\",\"dateModified\":\"2016-10-13T01:10:38+00:00\",\"author\":{\"@id\":\"https:\/\/www.polisrecreio.com.br\/site\/#\/schema\/person\/3363c1c78e1e28e1329d97adb387638e\"},\"inLanguage\":\"pt-BR\",\"potentialAction\":[{\"@type\":\"ReadAction\",\"target\":[\"http:\/\/www.polisrecreio.com.br\/site\/2016\/10\/12\/festa-das-criancas-da-maconaria-recreio-unido-pelo-4o-ano-foi-sucesso\/\"]}]},{\"@type\":\"Person\",\"@id\":\"https:\/\/www.polisrecreio.com.br\/site\/#\/schema\/person\/3363c1c78e1e28e1329d97adb387638e\",\"name\":\"Leonardo Ribeiro\",\"image\":{\"@type\":\"ImageObject\",\"@id\":\"https:\/\/www.polisrecreio.com.br\/site\/#personlogo\",\"inLanguage\":\"pt-BR\",\"url\":\"https:\/\/secure.gravatar.com\/avatar\/6ba92a37d621e1a83e23710251178a12?s=96&d=mm&r=g\",\"caption\":\"Leonardo Ribeiro\"},\"sameAs\":[\"http:\/\/www.polisrecreio.com.br\"]}]}<\/script>\n<!-- \/ Yoast SEO plugin. -->","_links":{"self":[{"href":"https:\/\/www.polisrecreio.com.br\/site\/wp-json\/wp\/v2\/posts\/3123"}],"collection":[{"href":"https:\/\/www.polisrecreio.com.br\/site\/wp-json\/wp\/v2\/posts"}],"about":[{"href":"https:\/\/www.polisrecreio.com.br\/site\/wp-json\/wp\/v2\/types\/post"}],"author":[{"embeddable":true,"href":"https:\/\/www.polisrecreio.com.br\/site\/wp-json\/wp\/v2\/users\/3"}],"replies":[{"embeddable":true,"href":"https:\/\/www.polisrecreio.com.br\/site\/wp-json\/wp\/v2\/comments?post=3123"}],"version-history":[{"count":3,"href":"https:\/\/www.polisrecreio.com.br\/site\/wp-json\/wp\/v2\/posts\/3123\/revisions"}],"predecessor-version":[{"id":3132,"href":"https:\/\/www.polisrecreio.com.br\/site\/wp-json\/wp\/v2\/posts\/3123\/revisions\/3132"}],"wp:featuredmedia":[{"embeddable":true,"href":"https:\/\/www.polisrecreio.com.br\/site\/wp-json\/wp\/v2\/media\/3128"}],"wp:attachment":[{"href":"https:\/\/www.polisrecreio.com.br\/site\/wp-json\/wp\/v2\/media?parent=3123"}],"wp:term":[{"taxonomy":"category","embeddable":true,"href":"https:\/\/www.polisrecreio.com.br\/site\/wp-json\/wp\/v2\/categories?post=3123"},{"taxonomy":"post_tag","embeddable":true,"href":"https:\/\/www.polisrecreio.com.br\/site\/wp-json\/wp\/v2\/tags?post=3123"}],"curies":[{"name":"wp","href":"https:\/\/api.w.org\/{rel}","templated":true}]}}