{"id":3133,"date":"2016-10-13T10:08:20","date_gmt":"2016-10-13T13:08:20","guid":{"rendered":"http:\/\/www.polisrecreio.com.br\/site\/?p=3133"},"modified":"2016-10-13T10:10:48","modified_gmt":"2016-10-13T13:10:48","slug":"friburguense-do-tecnico-recreiense-merica-esta-na-final-da-copa-rio","status":"publish","type":"post","link":"https:\/\/www.polisrecreio.com.br\/site\/2016\/10\/13\/friburguense-do-tecnico-recreiense-merica-esta-na-final-da-copa-rio\/","title":{"rendered":"Friburguense, do t\u00e9cnico recreiense Merica, est\u00e1 na final da Copa Rio"},"content":{"rendered":"<p style=\"text-align: justify;\">Em sua primeira competi\u00e7\u00e3o como t\u00e9cnico profissional do Friburguense A.C, o recreiense Merica, conseguiu superar o Resende e juntos chegaram \u00e0 final da Copa Rio 2016. O Friz\u00e3o agora vai encarar a Portuguesa, nos dia 16 e 22 de outubro, o jogo de ida ser\u00e1 em Nova Friburgo.<\/p>\n<p style=\"text-align: justify;\"><!--more--><\/p>\n<figure id=\"attachment_2405\" aria-describedby=\"caption-attachment-2405\" style=\"width: 800px\" class=\"wp-caption aligncenter\"><a href=\"http:\/\/www.polisrecreio.com.br\/site\/wp-content\/uploads\/2016\/07\/13319729_526486207552798_8950612289990681017_n.jpg\"><img loading=\"lazy\" class=\"size-full wp-image-2405\" src=\"http:\/\/www.polisrecreio.com.br\/site\/wp-content\/uploads\/2016\/07\/13319729_526486207552798_8950612289990681017_n.jpg\" alt=\"Merica, novo treinador do Friburguense.\" width=\"800\" height=\"457\" srcset=\"https:\/\/www.polisrecreio.com.br\/site\/wp-content\/uploads\/2016\/07\/13319729_526486207552798_8950612289990681017_n.jpg 800w, https:\/\/www.polisrecreio.com.br\/site\/wp-content\/uploads\/2016\/07\/13319729_526486207552798_8950612289990681017_n-300x171.jpg 300w\" sizes=\"(max-width: 800px) 100vw, 800px\" \/><\/a><figcaption id=\"caption-attachment-2405\" class=\"wp-caption-text\">Merica, novo treinador do Friburguense.<\/figcaption><\/figure>\n<p style=\"text-align: justify;\">A classifica\u00e7\u00e3o do Friburguense aconteceu, ontem (12), fora de casa contra o Resende. Depois de empatar o primeiro jogo em Nova Friburgo, o Friz\u00e3o precisava vencer para decidir o t\u00edtulo e a vit\u00f3ria foi em grande estilo, com uma goleada de 4X1. O advers\u00e1rio do time de Merica, a Portuguesa, chegou \u00e0 final depois de passar pelo Itabora\u00ed.<\/p>\n<p style=\"text-align: justify;\">Al\u00e9m de se qualificar para a grande final da Copa Rio 2016, o Friburguense, j\u00e1 garantiu presen\u00e7a em uma competi\u00e7\u00e3o nacional no pr\u00f3ximo ano. O campe\u00e3o disputar\u00e1 a Copa do Brasil e o vice-campe\u00e3o a S\u00e9rie D do Campeonato Brasileiro.<\/p>\n<p style=\"text-align: justify;\"><strong>Final da Copa Rio 2016<\/strong><\/p>\n<p style=\"text-align: justify;\">16\/10 &#8211; 16h &#8211; Friburguense X Portuguesa (Est\u00e1dio Eduardo Guinle)<\/p>\n<p style=\"text-align: justify;\">22\/10 &#8211; 15:45h &#8211; Portuguesa X Friburguense (Est\u00e1dio Luso-Brasileiro)<\/p>\n","protected":false},"excerpt":{"rendered":"<p>Em sua primeira competi\u00e7\u00e3o como t\u00e9cnico profissional do Friburguense A.C, o recreiense Merica, conseguiu superar o Resende e juntos chegaram \u00e0 final da Copa Rio 2016. O Friz\u00e3o agora vai encarar a Portuguesa, nos dia 16 e 22 de outubro, o jogo de ida ser\u00e1 em Nova Friburgo.<\/p>\n","protected":false},"author":3,"featured_media":2405,"comment_status":"open","ping_status":"open","sticky":false,"template":"","format":"standard","meta":[],"categories":[4],"tags":[],"yoast_head":"<!-- This site is optimized with the Yoast SEO plugin v15.6.2 - https:\/\/yoast.com\/wordpress\/plugins\/seo\/ -->\n<meta name=\"robots\" content=\"index, follow, max-snippet:-1, max-image-preview:large, max-video-preview:-1\" \/>\n<link rel=\"canonical\" href=\"https:\/\/www.polisrecreio.com.br\/site\/2016\/10\/13\/friburguense-do-tecnico-recreiense-merica-esta-na-final-da-copa-rio\/\" \/>\n<meta property=\"og:locale\" content=\"pt_BR\" \/>\n<meta property=\"og:type\" content=\"article\" \/>\n<meta property=\"og:title\" content=\"Friburguense, do t\u00e9cnico recreiense Merica, est\u00e1 na final da Copa Rio - P\u00f3lis Recreio\" \/>\n<meta property=\"og:description\" content=\"Em sua primeira competi\u00e7\u00e3o como t\u00e9cnico profissional do Friburguense A.C, o recreiense Merica, conseguiu superar o Resende e juntos chegaram \u00e0 final da Copa Rio 2016. O Friz\u00e3o agora vai encarar a Portuguesa, nos dia 16 e 22 de outubro, o jogo de ida ser\u00e1 em Nova Friburgo.\" \/>\n<meta property=\"og:url\" content=\"https:\/\/www.polisrecreio.com.br\/site\/2016\/10\/13\/friburguense-do-tecnico-recreiense-merica-esta-na-final-da-copa-rio\/\" \/>\n<meta property=\"og:site_name\" content=\"P\u00f3lis Recreio\" \/>\n<meta property=\"article:publisher\" content=\"https:\/\/www.facebook.com\/Site-P%c3%b3lis-Recreio-MG-181941708571019\/\" \/>\n<meta property=\"article:published_time\" content=\"2016-10-13T13:08:20+00:00\" \/>\n<meta property=\"article:modified_time\" content=\"2016-10-13T13:10:48+00:00\" \/>\n<meta property=\"og:image\" content=\"https:\/\/www.polisrecreio.com.br\/site\/wp-content\/uploads\/2016\/07\/13319729_526486207552798_8950612289990681017_n.jpg\" \/>\n\t<meta property=\"og:image:width\" content=\"800\" \/>\n\t<meta property=\"og:image:height\" content=\"457\" \/>\n<meta name=\"twitter:card\" content=\"summary_large_image\" \/>\n<meta name=\"twitter:creator\" content=\"@PolisRecreio\" \/>\n<meta name=\"twitter:site\" content=\"@PolisRecreio\" \/>\n<meta name=\"twitter:label1\" content=\"Est. reading time\">\n\t<meta name=\"twitter:data1\" content=\"1 minuto\">\n<script type=\"application\/ld+json\" class=\"yoast-schema-graph\">{\"@context\":\"https:\/\/schema.org\",\"@graph\":[{\"@type\":\"WebSite\",\"@id\":\"https:\/\/www.polisrecreio.com.br\/site\/#website\",\"url\":\"https:\/\/www.polisrecreio.com.br\/site\/\",\"name\":\"P\\u00f3lis Recreio\",\"description\":\"\",\"potentialAction\":[{\"@type\":\"SearchAction\",\"target\":\"https:\/\/www.polisrecreio.com.br\/site\/?s={search_term_string}\",\"query-input\":\"required name=search_term_string\"}],\"inLanguage\":\"pt-BR\"},{\"@type\":\"ImageObject\",\"@id\":\"https:\/\/www.polisrecreio.com.br\/site\/2016\/10\/13\/friburguense-do-tecnico-recreiense-merica-esta-na-final-da-copa-rio\/#primaryimage\",\"inLanguage\":\"pt-BR\",\"url\":\"https:\/\/www.polisrecreio.com.br\/site\/wp-content\/uploads\/2016\/07\/13319729_526486207552798_8950612289990681017_n.jpg\",\"width\":800,\"height\":457,\"caption\":\"Merica, treinador do Friburguense.\"},{\"@type\":\"WebPage\",\"@id\":\"https:\/\/www.polisrecreio.com.br\/site\/2016\/10\/13\/friburguense-do-tecnico-recreiense-merica-esta-na-final-da-copa-rio\/#webpage\",\"url\":\"https:\/\/www.polisrecreio.com.br\/site\/2016\/10\/13\/friburguense-do-tecnico-recreiense-merica-esta-na-final-da-copa-rio\/\",\"name\":\"Friburguense, do t\\u00e9cnico recreiense Merica, est\\u00e1 na final da Copa Rio - P\\u00f3lis Recreio\",\"isPartOf\":{\"@id\":\"https:\/\/www.polisrecreio.com.br\/site\/#website\"},\"primaryImageOfPage\":{\"@id\":\"https:\/\/www.polisrecreio.com.br\/site\/2016\/10\/13\/friburguense-do-tecnico-recreiense-merica-esta-na-final-da-copa-rio\/#primaryimage\"},\"datePublished\":\"2016-10-13T13:08:20+00:00\",\"dateModified\":\"2016-10-13T13:10:48+00:00\",\"author\":{\"@id\":\"https:\/\/www.polisrecreio.com.br\/site\/#\/schema\/person\/3363c1c78e1e28e1329d97adb387638e\"},\"inLanguage\":\"pt-BR\",\"potentialAction\":[{\"@type\":\"ReadAction\",\"target\":[\"https:\/\/www.polisrecreio.com.br\/site\/2016\/10\/13\/friburguense-do-tecnico-recreiense-merica-esta-na-final-da-copa-rio\/\"]}]},{\"@type\":\"Person\",\"@id\":\"https:\/\/www.polisrecreio.com.br\/site\/#\/schema\/person\/3363c1c78e1e28e1329d97adb387638e\",\"name\":\"Leonardo Ribeiro\",\"image\":{\"@type\":\"ImageObject\",\"@id\":\"https:\/\/www.polisrecreio.com.br\/site\/#personlogo\",\"inLanguage\":\"pt-BR\",\"url\":\"https:\/\/secure.gravatar.com\/avatar\/6ba92a37d621e1a83e23710251178a12?s=96&d=mm&r=g\",\"caption\":\"Leonardo Ribeiro\"},\"sameAs\":[\"http:\/\/www.polisrecreio.com.br\"]}]}<\/script>\n<!-- \/ Yoast SEO plugin. -->","_links":{"self":[{"href":"https:\/\/www.polisrecreio.com.br\/site\/wp-json\/wp\/v2\/posts\/3133"}],"collection":[{"href":"https:\/\/www.polisrecreio.com.br\/site\/wp-json\/wp\/v2\/posts"}],"about":[{"href":"https:\/\/www.polisrecreio.com.br\/site\/wp-json\/wp\/v2\/types\/post"}],"author":[{"embeddable":true,"href":"https:\/\/www.polisrecreio.com.br\/site\/wp-json\/wp\/v2\/users\/3"}],"replies":[{"embeddable":true,"href":"https:\/\/www.polisrecreio.com.br\/site\/wp-json\/wp\/v2\/comments?post=3133"}],"version-history":[{"count":3,"href":"https:\/\/www.polisrecreio.com.br\/site\/wp-json\/wp\/v2\/posts\/3133\/revisions"}],"predecessor-version":[{"id":3136,"href":"https:\/\/www.polisrecreio.com.br\/site\/wp-json\/wp\/v2\/posts\/3133\/revisions\/3136"}],"wp:featuredmedia":[{"embeddable":true,"href":"https:\/\/www.polisrecreio.com.br\/site\/wp-json\/wp\/v2\/media\/2405"}],"wp:attachment":[{"href":"https:\/\/www.polisrecreio.com.br\/site\/wp-json\/wp\/v2\/media?parent=3133"}],"wp:term":[{"taxonomy":"category","embeddable":true,"href":"https:\/\/www.polisrecreio.com.br\/site\/wp-json\/wp\/v2\/categories?post=3133"},{"taxonomy":"post_tag","embeddable":true,"href":"https:\/\/www.polisrecreio.com.br\/site\/wp-json\/wp\/v2\/tags?post=3133"}],"curies":[{"name":"wp","href":"https:\/\/api.w.org\/{rel}","templated":true}]}}