{"id":3139,"date":"2016-10-13T14:09:49","date_gmt":"2016-10-13T17:09:49","guid":{"rendered":"http:\/\/www.polisrecreio.com.br\/site\/?p=3139"},"modified":"2016-10-13T14:09:49","modified_gmt":"2016-10-13T17:09:49","slug":"prefeito-manda-desligar-internet-gratuita-das-pracas-de-recreio","status":"publish","type":"post","link":"https:\/\/www.polisrecreio.com.br\/site\/2016\/10\/13\/prefeito-manda-desligar-internet-gratuita-das-pracas-de-recreio\/","title":{"rendered":"Prefeito manda desligar internet gratuita das pra\u00e7as de Recreio"},"content":{"rendered":"<p style=\"text-align: justify;\">A pouco mais de 2 meses de findar o seu terceiro mandato \u00e0 frente da Prefeitura de Recreio, o prefeito Oninho, vai \u201cenxugando a m\u00e1quina p\u00fablica\u201d. Depois de anunciar que vai exonerar todos os cargos comissionados, agora, ele mandou desligar a internet gratuita das pra\u00e7as.<\/p>\n<p style=\"text-align: justify;\"><!--more--><\/p>\n<p style=\"text-align: justify;\"><a href=\"http:\/\/www.polisrecreio.com.br\/site\/wp-content\/uploads\/2016\/04\/IMG-20160404-WA0000-e1459793165610.jpg\"><img loading=\"lazy\" class=\"aligncenter size-full wp-image-1482\" src=\"http:\/\/www.polisrecreio.com.br\/site\/wp-content\/uploads\/2016\/04\/IMG-20160404-WA0000-e1459793165610.jpg\" alt=\"IMG-20160404-WA0000\" width=\"800\" height=\"450\" \/><\/a><\/p>\n<p style=\"text-align: justify;\">O projeto \u201cPra\u00e7a Digital\u201d implantado em 2014, com recursos financeiros do Munic\u00edpio, proporcionava sinal de internet wifi gratuito nas pra\u00e7as dos distritos de Concei\u00e7\u00e3o da Boa Vista e Angaturama, no povoado do Barreiros, Ferrovi\u00e1rios, Santo Ant\u00f4nio, Am\u00e9rico Sim\u00e3o e Grotinha; no Terminal Rodovi\u00e1rio; e na Academia da Cohab.<\/p>\n<p style=\"text-align: justify;\">Outros cortes em servi\u00e7os prestados pela Prefeitura est\u00e3o previstos, como foi anunciado pelo prefeito, logo ap\u00f3s as elei\u00e7\u00f5es de 2 de outubro, quando ele perdeu o pleito para Z\u00e9 Maria Barros por uma diferen\u00e7a de 1.128 votos. Os cortes t\u00eam o objetivo de \u201cenxugar a m\u00e1quina\u201d e n\u00e3o deixar d\u00edvidas para o seu sucessor.<\/p>\n<p style=\"text-align: justify;\">O Site P\u00f3lis n\u00e3o teve acesso ao valor que era gasto com a \u201cPra\u00e7a Digital\u201d.<\/p>\n","protected":false},"excerpt":{"rendered":"<p>A pouco mais de 2 meses de findar o seu terceiro mandato \u00e0 frente da Prefeitura de Recreio, o prefeito Oninho, vai \u201cenxugando a m\u00e1quina p\u00fablica\u201d. Depois de anunciar que vai exonerar todos os cargos comissionados, agora, ele mandou desligar a internet gratuita das pra\u00e7as.<\/p>\n","protected":false},"author":3,"featured_media":0,"comment_status":"open","ping_status":"open","sticky":false,"template":"","format":"standard","meta":[],"categories":[6],"tags":[],"yoast_head":"<!-- This site is optimized with the Yoast SEO plugin v15.6.2 - https:\/\/yoast.com\/wordpress\/plugins\/seo\/ -->\n<meta name=\"robots\" content=\"index, follow, max-snippet:-1, max-image-preview:large, max-video-preview:-1\" \/>\n<link rel=\"canonical\" href=\"http:\/\/www.polisrecreio.com.br\/site\/2016\/10\/13\/prefeito-manda-desligar-internet-gratuita-das-pracas-de-recreio\/\" \/>\n<meta property=\"og:locale\" content=\"pt_BR\" \/>\n<meta property=\"og:type\" content=\"article\" \/>\n<meta property=\"og:title\" content=\"Prefeito manda desligar internet gratuita das pra\u00e7as de Recreio - P\u00f3lis Recreio\" \/>\n<meta property=\"og:description\" content=\"A pouco mais de 2 meses de findar o seu terceiro mandato \u00e0 frente da Prefeitura de Recreio, o prefeito Oninho, vai \u201cenxugando a m\u00e1quina p\u00fablica\u201d. Depois de anunciar que vai exonerar todos os cargos comissionados, agora, ele mandou desligar a internet gratuita das pra\u00e7as.\" \/>\n<meta property=\"og:url\" content=\"http:\/\/www.polisrecreio.com.br\/site\/2016\/10\/13\/prefeito-manda-desligar-internet-gratuita-das-pracas-de-recreio\/\" \/>\n<meta property=\"og:site_name\" content=\"P\u00f3lis Recreio\" \/>\n<meta property=\"article:publisher\" content=\"https:\/\/www.facebook.com\/Site-P%c3%b3lis-Recreio-MG-181941708571019\/\" \/>\n<meta property=\"article:published_time\" content=\"2016-10-13T17:09:49+00:00\" \/>\n<meta property=\"og:image\" content=\"http:\/\/www.polisrecreio.com.br\/site\/wp-content\/uploads\/2016\/04\/IMG-20160404-WA0000-e1459793165610.jpg\" \/>\n<meta name=\"twitter:card\" content=\"summary_large_image\" \/>\n<meta name=\"twitter:creator\" content=\"@PolisRecreio\" \/>\n<meta name=\"twitter:site\" content=\"@PolisRecreio\" \/>\n<meta name=\"twitter:label1\" content=\"Est. reading time\">\n\t<meta name=\"twitter:data1\" content=\"1 minuto\">\n<script type=\"application\/ld+json\" class=\"yoast-schema-graph\">{\"@context\":\"https:\/\/schema.org\",\"@graph\":[{\"@type\":\"WebSite\",\"@id\":\"https:\/\/www.polisrecreio.com.br\/site\/#website\",\"url\":\"https:\/\/www.polisrecreio.com.br\/site\/\",\"name\":\"P\\u00f3lis Recreio\",\"description\":\"\",\"potentialAction\":[{\"@type\":\"SearchAction\",\"target\":\"https:\/\/www.polisrecreio.com.br\/site\/?s={search_term_string}\",\"query-input\":\"required name=search_term_string\"}],\"inLanguage\":\"pt-BR\"},{\"@type\":\"ImageObject\",\"@id\":\"http:\/\/www.polisrecreio.com.br\/site\/2016\/10\/13\/prefeito-manda-desligar-internet-gratuita-das-pracas-de-recreio\/#primaryimage\",\"inLanguage\":\"pt-BR\",\"url\":\"http:\/\/www.polisrecreio.com.br\/site\/wp-content\/uploads\/2016\/04\/IMG-20160404-WA0000-e1459793165610.jpg\"},{\"@type\":\"WebPage\",\"@id\":\"http:\/\/www.polisrecreio.com.br\/site\/2016\/10\/13\/prefeito-manda-desligar-internet-gratuita-das-pracas-de-recreio\/#webpage\",\"url\":\"http:\/\/www.polisrecreio.com.br\/site\/2016\/10\/13\/prefeito-manda-desligar-internet-gratuita-das-pracas-de-recreio\/\",\"name\":\"Prefeito manda desligar internet gratuita das pra\\u00e7as de Recreio - P\\u00f3lis Recreio\",\"isPartOf\":{\"@id\":\"https:\/\/www.polisrecreio.com.br\/site\/#website\"},\"primaryImageOfPage\":{\"@id\":\"http:\/\/www.polisrecreio.com.br\/site\/2016\/10\/13\/prefeito-manda-desligar-internet-gratuita-das-pracas-de-recreio\/#primaryimage\"},\"datePublished\":\"2016-10-13T17:09:49+00:00\",\"dateModified\":\"2016-10-13T17:09:49+00:00\",\"author\":{\"@id\":\"https:\/\/www.polisrecreio.com.br\/site\/#\/schema\/person\/3363c1c78e1e28e1329d97adb387638e\"},\"inLanguage\":\"pt-BR\",\"potentialAction\":[{\"@type\":\"ReadAction\",\"target\":[\"http:\/\/www.polisrecreio.com.br\/site\/2016\/10\/13\/prefeito-manda-desligar-internet-gratuita-das-pracas-de-recreio\/\"]}]},{\"@type\":\"Person\",\"@id\":\"https:\/\/www.polisrecreio.com.br\/site\/#\/schema\/person\/3363c1c78e1e28e1329d97adb387638e\",\"name\":\"Leonardo Ribeiro\",\"image\":{\"@type\":\"ImageObject\",\"@id\":\"https:\/\/www.polisrecreio.com.br\/site\/#personlogo\",\"inLanguage\":\"pt-BR\",\"url\":\"https:\/\/secure.gravatar.com\/avatar\/6ba92a37d621e1a83e23710251178a12?s=96&d=mm&r=g\",\"caption\":\"Leonardo Ribeiro\"},\"sameAs\":[\"http:\/\/www.polisrecreio.com.br\"]}]}<\/script>\n<!-- \/ Yoast SEO plugin. -->","_links":{"self":[{"href":"https:\/\/www.polisrecreio.com.br\/site\/wp-json\/wp\/v2\/posts\/3139"}],"collection":[{"href":"https:\/\/www.polisrecreio.com.br\/site\/wp-json\/wp\/v2\/posts"}],"about":[{"href":"https:\/\/www.polisrecreio.com.br\/site\/wp-json\/wp\/v2\/types\/post"}],"author":[{"embeddable":true,"href":"https:\/\/www.polisrecreio.com.br\/site\/wp-json\/wp\/v2\/users\/3"}],"replies":[{"embeddable":true,"href":"https:\/\/www.polisrecreio.com.br\/site\/wp-json\/wp\/v2\/comments?post=3139"}],"version-history":[{"count":1,"href":"https:\/\/www.polisrecreio.com.br\/site\/wp-json\/wp\/v2\/posts\/3139\/revisions"}],"predecessor-version":[{"id":3140,"href":"https:\/\/www.polisrecreio.com.br\/site\/wp-json\/wp\/v2\/posts\/3139\/revisions\/3140"}],"wp:attachment":[{"href":"https:\/\/www.polisrecreio.com.br\/site\/wp-json\/wp\/v2\/media?parent=3139"}],"wp:term":[{"taxonomy":"category","embeddable":true,"href":"https:\/\/www.polisrecreio.com.br\/site\/wp-json\/wp\/v2\/categories?post=3139"},{"taxonomy":"post_tag","embeddable":true,"href":"https:\/\/www.polisrecreio.com.br\/site\/wp-json\/wp\/v2\/tags?post=3139"}],"curies":[{"name":"wp","href":"https:\/\/api.w.org\/{rel}","templated":true}]}}