{"id":3141,"date":"2016-10-14T14:36:12","date_gmt":"2016-10-14T17:36:12","guid":{"rendered":"http:\/\/www.polisrecreio.com.br\/site\/?p=3141"},"modified":"2016-10-14T14:39:51","modified_gmt":"2016-10-14T17:39:51","slug":"lago-da-uhe-barra-do-brauna-esta-improprio-para-consumo-banho-e-pesca","status":"publish","type":"post","link":"https:\/\/www.polisrecreio.com.br\/site\/2016\/10\/14\/lago-da-uhe-barra-do-brauna-esta-improprio-para-consumo-banho-e-pesca\/","title":{"rendered":"Lago da UHE Barra do Bra\u00fana est\u00e1 impr\u00f3prio para consumo, banho e pesca"},"content":{"rendered":"<p style=\"text-align: justify;\">A empresa gestora da UHE Barra do Bra\u00fana, a Brookfield Energia Renov\u00e1vel, espalhou v\u00e1rias placas nas margens do lago que atinge quatro munic\u00edpios (Laranjal, Recreio, Leopoldina e Cataguases) com a informa\u00e7\u00e3o de que a \u00e1gua do rio Pomba, neste trecho, est\u00e1 impr\u00f3pria para consumo, banho e pesca.<\/p>\n<p style=\"text-align: justify;\"><!--more--><\/p>\n<figure id=\"attachment_3142\" aria-describedby=\"caption-attachment-3142\" style=\"width: 800px\" class=\"wp-caption aligncenter\"><a href=\"http:\/\/www.polisrecreio.com.br\/site\/wp-content\/uploads\/2016\/10\/14725287_716647808489118_892056157_o.jpg\"><img loading=\"lazy\" class=\"size-full wp-image-3142\" src=\"http:\/\/www.polisrecreio.com.br\/site\/wp-content\/uploads\/2016\/10\/14725287_716647808489118_892056157_o.jpg\" alt=\"Placa instalada no lago da UHE Barra do Bra\u00fana.\" width=\"800\" height=\"450\" srcset=\"https:\/\/www.polisrecreio.com.br\/site\/wp-content\/uploads\/2016\/10\/14725287_716647808489118_892056157_o.jpg 800w, https:\/\/www.polisrecreio.com.br\/site\/wp-content\/uploads\/2016\/10\/14725287_716647808489118_892056157_o-300x169.jpg 300w\" sizes=\"(max-width: 800px) 100vw, 800px\" \/><\/a><figcaption id=\"caption-attachment-3142\" class=\"wp-caption-text\">Placa instalada no lago da UHE Barra do Bra\u00fana.<\/figcaption><\/figure>\n<p style=\"text-align: justify;\">As placas instaladas t\u00eam os seguintes dizeres: \u201cAten\u00e7\u00e3o, \u00e1gua temporariamente impr\u00f3pria devido \u00e0 presen\u00e7a de algas. A empresa pede que evite beber ou ter qualquer contato com a \u00e1gua, n\u00e3o fa\u00e7a o consumo desta pelos animais e por fim, que n\u00e3o pesque no lago&#8221;. N\u00e3o h\u00e1 nenhum comunicado sobre os perigos do contato com a \u00e1gua.<\/p>\n<p style=\"text-align: justify;\">Segundo o pescador, Luciano Ribeiro, \u201cainda h\u00e1 pescadores que est\u00e3o atuando na \u00e1rea\u201d. Luciano disse tamb\u00e9m que j\u00e1 ligou para a \u201cPol\u00edcia do Militar do Meio Ambiente, para o IBAMA e at\u00e9 para a empresa Brookfield, por\u00e9m, nenhum \u00f3rg\u00e3o conseguiu transmitir informa\u00e7\u00f5es esclarecidas sobre o assunto\u201d.<\/p>\n<p style=\"text-align: justify;\">O Site P\u00f3lis ent\u00e3o buscou contato, via e-mail, com a Brookfield e o setor de comunica\u00e7\u00e3o, atrav\u00e9s de Maria Vianna, disse que \u201ccomunicou a Superintend\u00eancia Regional de Regulariza\u00e7\u00e3o Ambiental Zona da Mata, Prefeituras e Secretaria Municipais de Sa\u00fade e demais \u00f3rg\u00e3os competentes assim que identificaram a presen\u00e7a de cianobact\u00e9rias em n\u00edvel superior ao normal nas \u00e1guas do reservat\u00f3rio da UHE Barra do Bra\u00fana. \u00c9 prov\u00e1vel que a polui\u00e7\u00e3o seja oriunda de fontes nas margens do rio, baixo n\u00edvel de oxig\u00eanio na \u00e1gua e pouca vaz\u00e3o do rio Pomba devido a seca. A recomenda\u00e7\u00e3o para proibir, temporariamente, o consumo, banho e pesca no lago foi da SUPRAM\u201d, concluiu a comunica\u00e7\u00e3o da Brookfield Energia Renov\u00e1vel.<\/p>\n<p><strong>Nota da Brookfield sobre a situa\u00e7\u00e3o do lago<br \/>\n<\/strong><\/p>\n<p style=\"text-align: justify;\"><em>A Barra do Bra\u00fana Energ\u00e9tica comunicou a Superintend\u00eancia Regional de Regulariza\u00e7\u00e3o Ambiental Zona da Mata (Supram\/ZM), Prefeituras, Secretarias de Sa\u00fade e demais \u00f3rg\u00e3os competentes assim que identificou a presen\u00e7a de cianobact\u00e9rias em n\u00edvel superior ao normal nas \u00e1guas do reservat\u00f3rio da UHE de Barra de Bra\u00fana (MG). \u00a0<\/em><\/p>\n<p style=\"text-align: justify;\"><em>Polui\u00e7\u00e3o oriunda de fontes nas margens do rio, baixo n\u00edvel de oxig\u00eanio na \u00e1gua e pouca vaz\u00e3o do rio Pomba devido ao per\u00edodo de seca s\u00e3o as causas prov\u00e1veis para a prolifera\u00e7\u00e3o deste tipo de bact\u00e9ria, que pode ser encontrada atualmente em diversos pontos do rio. <\/em><\/p>\n<p style=\"text-align: justify;\"><em>Por recomenda\u00e7\u00e3o da SUPRAM de acordo com a legisla\u00e7\u00e3o, a \u00e1gua est\u00e1 impr\u00f3pria para consumo temporariamente. Exames complementares foram realizados, com resultados previstos para breve. Todos estas an\u00e1lises fazem parte da rotina da opera\u00e7\u00e3o da usina de Barra do Bra\u00fana, e s\u00e3o realizadas a cada tr\u00eas meses, sendo a primeira vez em que ocorre registro fora do padr\u00e3o. \u00a0<\/em><\/p>\n<p style=\"text-align: justify;\"><em>\u00a0A Barra do Bra\u00fana Energ\u00e9tica reafirma seu compromisso com o Meio Ambiente e as comunidades \u00e0 jusante da barragem de sua usina.<\/em><\/p>\n<p style=\"text-align: justify;\"><em>Maria Vianna<\/em><\/p>\n<p style=\"text-align: justify;\"><em>Comunica\u00e7\u00e3o<\/em><\/p>\n","protected":false},"excerpt":{"rendered":"<p>A empresa gestora da UHE Barra do Bra\u00fana, a Brookfield Energia Renov\u00e1vel, espalhou v\u00e1rias placas nas margens do lago que atinge quatro munic\u00edpios (Laranjal, Recreio, Leopoldina e Cataguases) com a informa\u00e7\u00e3o de que a \u00e1gua do rio Pomba, neste trecho, est\u00e1 impr\u00f3pria para consumo, banho e pesca.<\/p>\n","protected":false},"author":3,"featured_media":3142,"comment_status":"open","ping_status":"open","sticky":false,"template":"","format":"standard","meta":[],"categories":[14],"tags":[],"yoast_head":"<!-- This site is optimized with the Yoast SEO plugin v15.6.2 - https:\/\/yoast.com\/wordpress\/plugins\/seo\/ -->\n<meta name=\"robots\" content=\"index, follow, max-snippet:-1, max-image-preview:large, max-video-preview:-1\" \/>\n<link rel=\"canonical\" href=\"http:\/\/www.polisrecreio.com.br\/site\/2016\/10\/14\/lago-da-uhe-barra-do-brauna-esta-improprio-para-consumo-banho-e-pesca\/\" \/>\n<meta property=\"og:locale\" content=\"pt_BR\" \/>\n<meta property=\"og:type\" content=\"article\" \/>\n<meta property=\"og:title\" content=\"Lago da UHE Barra do Bra\u00fana est\u00e1 impr\u00f3prio para consumo, banho e pesca - P\u00f3lis Recreio\" \/>\n<meta property=\"og:description\" content=\"A empresa gestora da UHE Barra do Bra\u00fana, a Brookfield Energia Renov\u00e1vel, espalhou v\u00e1rias placas nas margens do lago que atinge quatro munic\u00edpios (Laranjal, Recreio, Leopoldina e Cataguases) com a informa\u00e7\u00e3o de que a \u00e1gua do rio Pomba, neste trecho, est\u00e1 impr\u00f3pria para consumo, banho e pesca.\" \/>\n<meta property=\"og:url\" content=\"http:\/\/www.polisrecreio.com.br\/site\/2016\/10\/14\/lago-da-uhe-barra-do-brauna-esta-improprio-para-consumo-banho-e-pesca\/\" \/>\n<meta property=\"og:site_name\" content=\"P\u00f3lis Recreio\" \/>\n<meta property=\"article:publisher\" content=\"https:\/\/www.facebook.com\/Site-P%c3%b3lis-Recreio-MG-181941708571019\/\" \/>\n<meta property=\"article:published_time\" content=\"2016-10-14T17:36:12+00:00\" \/>\n<meta property=\"article:modified_time\" content=\"2016-10-14T17:39:51+00:00\" \/>\n<meta property=\"og:image\" content=\"https:\/\/www.polisrecreio.com.br\/site\/wp-content\/uploads\/2016\/10\/14725287_716647808489118_892056157_o.jpg\" \/>\n\t<meta property=\"og:image:width\" content=\"800\" \/>\n\t<meta property=\"og:image:height\" content=\"450\" \/>\n<meta name=\"twitter:card\" content=\"summary_large_image\" \/>\n<meta name=\"twitter:creator\" content=\"@PolisRecreio\" \/>\n<meta name=\"twitter:site\" content=\"@PolisRecreio\" \/>\n<meta name=\"twitter:label1\" content=\"Est. reading time\">\n\t<meta name=\"twitter:data1\" content=\"3 minutos\">\n<script type=\"application\/ld+json\" class=\"yoast-schema-graph\">{\"@context\":\"https:\/\/schema.org\",\"@graph\":[{\"@type\":\"WebSite\",\"@id\":\"https:\/\/www.polisrecreio.com.br\/site\/#website\",\"url\":\"https:\/\/www.polisrecreio.com.br\/site\/\",\"name\":\"P\\u00f3lis Recreio\",\"description\":\"\",\"potentialAction\":[{\"@type\":\"SearchAction\",\"target\":\"https:\/\/www.polisrecreio.com.br\/site\/?s={search_term_string}\",\"query-input\":\"required name=search_term_string\"}],\"inLanguage\":\"pt-BR\"},{\"@type\":\"ImageObject\",\"@id\":\"http:\/\/www.polisrecreio.com.br\/site\/2016\/10\/14\/lago-da-uhe-barra-do-brauna-esta-improprio-para-consumo-banho-e-pesca\/#primaryimage\",\"inLanguage\":\"pt-BR\",\"url\":\"https:\/\/www.polisrecreio.com.br\/site\/wp-content\/uploads\/2016\/10\/14725287_716647808489118_892056157_o.jpg\",\"width\":800,\"height\":450,\"caption\":\"Placa instalada no lago da UHE Barra do Bra\\u00fana.\"},{\"@type\":\"WebPage\",\"@id\":\"http:\/\/www.polisrecreio.com.br\/site\/2016\/10\/14\/lago-da-uhe-barra-do-brauna-esta-improprio-para-consumo-banho-e-pesca\/#webpage\",\"url\":\"http:\/\/www.polisrecreio.com.br\/site\/2016\/10\/14\/lago-da-uhe-barra-do-brauna-esta-improprio-para-consumo-banho-e-pesca\/\",\"name\":\"Lago da UHE Barra do Bra\\u00fana est\\u00e1 impr\\u00f3prio para consumo, banho e pesca - P\\u00f3lis Recreio\",\"isPartOf\":{\"@id\":\"https:\/\/www.polisrecreio.com.br\/site\/#website\"},\"primaryImageOfPage\":{\"@id\":\"http:\/\/www.polisrecreio.com.br\/site\/2016\/10\/14\/lago-da-uhe-barra-do-brauna-esta-improprio-para-consumo-banho-e-pesca\/#primaryimage\"},\"datePublished\":\"2016-10-14T17:36:12+00:00\",\"dateModified\":\"2016-10-14T17:39:51+00:00\",\"author\":{\"@id\":\"https:\/\/www.polisrecreio.com.br\/site\/#\/schema\/person\/3363c1c78e1e28e1329d97adb387638e\"},\"inLanguage\":\"pt-BR\",\"potentialAction\":[{\"@type\":\"ReadAction\",\"target\":[\"http:\/\/www.polisrecreio.com.br\/site\/2016\/10\/14\/lago-da-uhe-barra-do-brauna-esta-improprio-para-consumo-banho-e-pesca\/\"]}]},{\"@type\":\"Person\",\"@id\":\"https:\/\/www.polisrecreio.com.br\/site\/#\/schema\/person\/3363c1c78e1e28e1329d97adb387638e\",\"name\":\"Leonardo Ribeiro\",\"image\":{\"@type\":\"ImageObject\",\"@id\":\"https:\/\/www.polisrecreio.com.br\/site\/#personlogo\",\"inLanguage\":\"pt-BR\",\"url\":\"https:\/\/secure.gravatar.com\/avatar\/6ba92a37d621e1a83e23710251178a12?s=96&d=mm&r=g\",\"caption\":\"Leonardo Ribeiro\"},\"sameAs\":[\"http:\/\/www.polisrecreio.com.br\"]}]}<\/script>\n<!-- \/ Yoast SEO plugin. -->","_links":{"self":[{"href":"https:\/\/www.polisrecreio.com.br\/site\/wp-json\/wp\/v2\/posts\/3141"}],"collection":[{"href":"https:\/\/www.polisrecreio.com.br\/site\/wp-json\/wp\/v2\/posts"}],"about":[{"href":"https:\/\/www.polisrecreio.com.br\/site\/wp-json\/wp\/v2\/types\/post"}],"author":[{"embeddable":true,"href":"https:\/\/www.polisrecreio.com.br\/site\/wp-json\/wp\/v2\/users\/3"}],"replies":[{"embeddable":true,"href":"https:\/\/www.polisrecreio.com.br\/site\/wp-json\/wp\/v2\/comments?post=3141"}],"version-history":[{"count":3,"href":"https:\/\/www.polisrecreio.com.br\/site\/wp-json\/wp\/v2\/posts\/3141\/revisions"}],"predecessor-version":[{"id":3145,"href":"https:\/\/www.polisrecreio.com.br\/site\/wp-json\/wp\/v2\/posts\/3141\/revisions\/3145"}],"wp:featuredmedia":[{"embeddable":true,"href":"https:\/\/www.polisrecreio.com.br\/site\/wp-json\/wp\/v2\/media\/3142"}],"wp:attachment":[{"href":"https:\/\/www.polisrecreio.com.br\/site\/wp-json\/wp\/v2\/media?parent=3141"}],"wp:term":[{"taxonomy":"category","embeddable":true,"href":"https:\/\/www.polisrecreio.com.br\/site\/wp-json\/wp\/v2\/categories?post=3141"},{"taxonomy":"post_tag","embeddable":true,"href":"https:\/\/www.polisrecreio.com.br\/site\/wp-json\/wp\/v2\/tags?post=3141"}],"curies":[{"name":"wp","href":"https:\/\/api.w.org\/{rel}","templated":true}]}}