{"id":3146,"date":"2016-10-17T08:52:00","date_gmt":"2016-10-17T11:52:00","guid":{"rendered":"http:\/\/www.polisrecreio.com.br\/site\/?p=3146"},"modified":"2016-10-17T08:58:16","modified_gmt":"2016-10-17T11:58:16","slug":"friburguense-do-tecnico-recreiense-merica-esta-a-um-empate-de-ser-campeao-da-copa-rio","status":"publish","type":"post","link":"https:\/\/www.polisrecreio.com.br\/site\/2016\/10\/17\/friburguense-do-tecnico-recreiense-merica-esta-a-um-empate-de-ser-campeao-da-copa-rio\/","title":{"rendered":"Friburguense, do t\u00e9cnico recreiense Merica, est\u00e1 a um empate de ser campe\u00e3o da Copa Rio"},"content":{"rendered":"<p style=\"text-align: justify;\">O Friburguense A.C, do t\u00e9cnico recreiense Merica, venceu ontem (16) o primeiro jogo da final da Copa Rio contra a Portuguesa, por 3X2, e agora est\u00e1 a um empate de ser campe\u00e3o da competi\u00e7\u00e3o.<\/p>\n<p style=\"text-align: justify;\"><!--more--><\/p>\n<figure id=\"attachment_3147\" aria-describedby=\"caption-attachment-3147\" style=\"width: 800px\" class=\"wp-caption aligncenter\"><a href=\"http:\/\/www.polisrecreio.com.br\/site\/wp-content\/uploads\/2016\/10\/14572370_1117899114913189_6767068677608303144_n.jpg\"><img loading=\"lazy\" class=\"wp-image-3147 size-full\" src=\"http:\/\/www.polisrecreio.com.br\/site\/wp-content\/uploads\/2016\/10\/14572370_1117899114913189_6767068677608303144_n.jpg\" alt=\"14572370_1117899114913189_6767068677608303144_n\" width=\"800\" height=\"750\" srcset=\"https:\/\/www.polisrecreio.com.br\/site\/wp-content\/uploads\/2016\/10\/14572370_1117899114913189_6767068677608303144_n.jpg 800w, https:\/\/www.polisrecreio.com.br\/site\/wp-content\/uploads\/2016\/10\/14572370_1117899114913189_6767068677608303144_n-300x281.jpg 300w\" sizes=\"(max-width: 800px) 100vw, 800px\" \/><\/a><figcaption id=\"caption-attachment-3147\" class=\"wp-caption-text\">Fribuguense; Foto: Facebook Merica Ferreira.<\/figcaption><\/figure>\n<p style=\"text-align: justify;\">A partida aconteceu em Nova Friburgo, no Est\u00e1dio Eduardo Guinle, com um grande p\u00fablico, inclusive com torcedores de Recreio que foram prestigiar Merica. O Friz\u00e3o chegou a estar perdendo o jogo por duas vezes, mas, conseguiu virar e no pr\u00f3ximo final de semana um simples empate dar\u00e1 o t\u00edtulo ao Friburguense.<\/p>\n<p style=\"text-align: justify;\">Antes de iniciar a primeira partida da final o time entrou com uma faixa para homenagear o jogador Bernardo, camisa 10 da equipe, que faleceu de mal s\u00fabito no Est\u00e1dio Alcides Campos, em Recreio, jogando pelo Ideal E.C, em maio deste ano.<\/p>\n<p style=\"text-align: justify;\">A grande final acontecer\u00e1 s\u00e1bado (22), as 15:45h, no Est\u00e1dio Luso-Brasileiro, na Ilha do Governador.<\/p>\n<figure id=\"attachment_3148\" aria-describedby=\"caption-attachment-3148\" style=\"width: 800px\" class=\"wp-caption aligncenter\"><a href=\"http:\/\/www.polisrecreio.com.br\/site\/wp-content\/uploads\/2016\/10\/14642395_894434937353532_5071259229002344629_n.jpg\"><img loading=\"lazy\" class=\"wp-image-3148 size-full\" src=\"http:\/\/www.polisrecreio.com.br\/site\/wp-content\/uploads\/2016\/10\/14642395_894434937353532_5071259229002344629_n.jpg\" alt=\"14642395_894434937353532_5071259229002344629_n\" width=\"800\" height=\"600\" srcset=\"https:\/\/www.polisrecreio.com.br\/site\/wp-content\/uploads\/2016\/10\/14642395_894434937353532_5071259229002344629_n.jpg 800w, https:\/\/www.polisrecreio.com.br\/site\/wp-content\/uploads\/2016\/10\/14642395_894434937353532_5071259229002344629_n-300x225.jpg 300w\" sizes=\"(max-width: 800px) 100vw, 800px\" \/><\/a><figcaption id=\"caption-attachment-3148\" class=\"wp-caption-text\">Torcedores de Recreio. Foto: Facebook Merica Ferreira.<\/dd>\n<dd class=\"wp-caption-dd\"><\/figcaption><\/figure>\n<figure id=\"attachment_3151\" aria-describedby=\"caption-attachment-3151\" style=\"width: 680px\" class=\"wp-caption aligncenter\"><a href=\"http:\/\/www.polisrecreio.com.br\/site\/wp-content\/uploads\/2016\/10\/Cu6PGq2XEAARrbH.jpg-small.jpg\"><img loading=\"lazy\" class=\"wp-image-3151 size-full\" src=\"http:\/\/www.polisrecreio.com.br\/site\/wp-content\/uploads\/2016\/10\/Cu6PGq2XEAARrbH.jpg-small.jpg\" alt=\"cu6pgq2xeaarrbh-jpg-small\" width=\"680\" height=\"383\" srcset=\"https:\/\/www.polisrecreio.com.br\/site\/wp-content\/uploads\/2016\/10\/Cu6PGq2XEAARrbH.jpg-small.jpg 680w, https:\/\/www.polisrecreio.com.br\/site\/wp-content\/uploads\/2016\/10\/Cu6PGq2XEAARrbH.jpg-small-300x169.jpg 300w\" sizes=\"(max-width: 680px) 100vw, 680px\" \/><\/a><figcaption id=\"caption-attachment-3151\" class=\"wp-caption-text\">Fribruguense X Portuguesa. Foto: http:\/\/globoesporte.globo.com\/rj\/futebol\/copa-rio\/<\/figcaption><\/figure>\n<figure id=\"attachment_3150\" aria-describedby=\"caption-attachment-3150\" style=\"width: 680px\" class=\"wp-caption aligncenter\"><a href=\"http:\/\/www.polisrecreio.com.br\/site\/wp-content\/uploads\/2016\/10\/Cu6MHKaWcAEYjOY.jpg-small.jpg\"><img loading=\"lazy\" class=\"wp-image-3150 size-full\" src=\"http:\/\/www.polisrecreio.com.br\/site\/wp-content\/uploads\/2016\/10\/Cu6MHKaWcAEYjOY.jpg-small.jpg\" alt=\"cu6mhkawcaeyjoy-jpg-small\" width=\"680\" height=\"383\" srcset=\"https:\/\/www.polisrecreio.com.br\/site\/wp-content\/uploads\/2016\/10\/Cu6MHKaWcAEYjOY.jpg-small.jpg 680w, https:\/\/www.polisrecreio.com.br\/site\/wp-content\/uploads\/2016\/10\/Cu6MHKaWcAEYjOY.jpg-small-300x169.jpg 300w\" sizes=\"(max-width: 680px) 100vw, 680px\" \/><\/a><figcaption id=\"caption-attachment-3150\" class=\"wp-caption-text\">Fribruguense X Portuguesa. Foto: http:\/\/globoesporte.globo.com\/rj\/futebol\/copa-rio\/<\/figcaption><\/figure>\n<figure id=\"attachment_3149\" aria-describedby=\"caption-attachment-3149\" style=\"width: 640px\" class=\"wp-caption aligncenter\"><a href=\"http:\/\/www.polisrecreio.com.br\/site\/wp-content\/uploads\/2016\/10\/a816723d-a2bd-408e-ab92-e1430436cbb7.jpg\"><img loading=\"lazy\" class=\"wp-image-3149 size-full\" src=\"http:\/\/www.polisrecreio.com.br\/site\/wp-content\/uploads\/2016\/10\/a816723d-a2bd-408e-ab92-e1430436cbb7.jpg\" alt=\"a816723d-a2bd-408e-ab92-e1430436cbb7\" width=\"640\" height=\"360\" srcset=\"https:\/\/www.polisrecreio.com.br\/site\/wp-content\/uploads\/2016\/10\/a816723d-a2bd-408e-ab92-e1430436cbb7.jpg 640w, https:\/\/www.polisrecreio.com.br\/site\/wp-content\/uploads\/2016\/10\/a816723d-a2bd-408e-ab92-e1430436cbb7-300x169.jpg 300w\" sizes=\"(max-width: 640px) 100vw, 640px\" \/><\/a><figcaption id=\"caption-attachment-3149\" class=\"wp-caption-text\">Fribruguense X Portuguesa. Foto: http:\/\/globoesporte.globo.com\/rj\/futebol\/copa-rio\/<\/figcaption><\/figure>\n","protected":false},"excerpt":{"rendered":"<p>O Friburguense A.C, do t\u00e9cnico recreiense Merica, venceu ontem (16) o primeiro jogo da final da Copa Rio contra a Portuguesa, por 3X2, e agora est\u00e1 a um empate de ser campe\u00e3o da competi\u00e7\u00e3o.<\/p>\n","protected":false},"author":3,"featured_media":3147,"comment_status":"open","ping_status":"open","sticky":false,"template":"","format":"standard","meta":[],"categories":[4],"tags":[],"yoast_head":"<!-- This site is optimized with the Yoast SEO plugin v15.6.2 - https:\/\/yoast.com\/wordpress\/plugins\/seo\/ -->\n<meta name=\"robots\" content=\"index, follow, max-snippet:-1, max-image-preview:large, max-video-preview:-1\" \/>\n<link rel=\"canonical\" href=\"http:\/\/www.polisrecreio.com.br\/site\/2016\/10\/17\/friburguense-do-tecnico-recreiense-merica-esta-a-um-empate-de-ser-campeao-da-copa-rio\/\" \/>\n<meta property=\"og:locale\" content=\"pt_BR\" \/>\n<meta property=\"og:type\" content=\"article\" \/>\n<meta property=\"og:title\" content=\"Friburguense, do t\u00e9cnico recreiense Merica, est\u00e1 a um empate de ser campe\u00e3o da Copa Rio - P\u00f3lis Recreio\" \/>\n<meta property=\"og:description\" content=\"O Friburguense A.C, do t\u00e9cnico recreiense Merica, venceu ontem (16) o primeiro jogo da final da Copa Rio contra a Portuguesa, por 3X2, e agora est\u00e1 a um empate de ser campe\u00e3o da competi\u00e7\u00e3o.\" \/>\n<meta property=\"og:url\" content=\"http:\/\/www.polisrecreio.com.br\/site\/2016\/10\/17\/friburguense-do-tecnico-recreiense-merica-esta-a-um-empate-de-ser-campeao-da-copa-rio\/\" \/>\n<meta property=\"og:site_name\" content=\"P\u00f3lis Recreio\" \/>\n<meta property=\"article:publisher\" content=\"https:\/\/www.facebook.com\/Site-P%c3%b3lis-Recreio-MG-181941708571019\/\" \/>\n<meta property=\"article:published_time\" content=\"2016-10-17T11:52:00+00:00\" \/>\n<meta property=\"article:modified_time\" content=\"2016-10-17T11:58:16+00:00\" \/>\n<meta property=\"og:image\" content=\"https:\/\/www.polisrecreio.com.br\/site\/wp-content\/uploads\/2016\/10\/14572370_1117899114913189_6767068677608303144_n.jpg\" \/>\n\t<meta property=\"og:image:width\" content=\"800\" \/>\n\t<meta property=\"og:image:height\" content=\"750\" \/>\n<meta name=\"twitter:card\" content=\"summary_large_image\" \/>\n<meta name=\"twitter:creator\" content=\"@PolisRecreio\" \/>\n<meta name=\"twitter:site\" content=\"@PolisRecreio\" \/>\n<meta name=\"twitter:label1\" content=\"Est. reading time\">\n\t<meta name=\"twitter:data1\" content=\"1 minuto\">\n<script type=\"application\/ld+json\" class=\"yoast-schema-graph\">{\"@context\":\"https:\/\/schema.org\",\"@graph\":[{\"@type\":\"WebSite\",\"@id\":\"https:\/\/www.polisrecreio.com.br\/site\/#website\",\"url\":\"https:\/\/www.polisrecreio.com.br\/site\/\",\"name\":\"P\\u00f3lis Recreio\",\"description\":\"\",\"potentialAction\":[{\"@type\":\"SearchAction\",\"target\":\"https:\/\/www.polisrecreio.com.br\/site\/?s={search_term_string}\",\"query-input\":\"required name=search_term_string\"}],\"inLanguage\":\"pt-BR\"},{\"@type\":\"ImageObject\",\"@id\":\"http:\/\/www.polisrecreio.com.br\/site\/2016\/10\/17\/friburguense-do-tecnico-recreiense-merica-esta-a-um-empate-de-ser-campeao-da-copa-rio\/#primaryimage\",\"inLanguage\":\"pt-BR\",\"url\":\"https:\/\/www.polisrecreio.com.br\/site\/wp-content\/uploads\/2016\/10\/14572370_1117899114913189_6767068677608303144_n.jpg\",\"width\":800,\"height\":750},{\"@type\":\"WebPage\",\"@id\":\"http:\/\/www.polisrecreio.com.br\/site\/2016\/10\/17\/friburguense-do-tecnico-recreiense-merica-esta-a-um-empate-de-ser-campeao-da-copa-rio\/#webpage\",\"url\":\"http:\/\/www.polisrecreio.com.br\/site\/2016\/10\/17\/friburguense-do-tecnico-recreiense-merica-esta-a-um-empate-de-ser-campeao-da-copa-rio\/\",\"name\":\"Friburguense, do t\\u00e9cnico recreiense Merica, est\\u00e1 a um empate de ser campe\\u00e3o da Copa Rio - P\\u00f3lis Recreio\",\"isPartOf\":{\"@id\":\"https:\/\/www.polisrecreio.com.br\/site\/#website\"},\"primaryImageOfPage\":{\"@id\":\"http:\/\/www.polisrecreio.com.br\/site\/2016\/10\/17\/friburguense-do-tecnico-recreiense-merica-esta-a-um-empate-de-ser-campeao-da-copa-rio\/#primaryimage\"},\"datePublished\":\"2016-10-17T11:52:00+00:00\",\"dateModified\":\"2016-10-17T11:58:16+00:00\",\"author\":{\"@id\":\"https:\/\/www.polisrecreio.com.br\/site\/#\/schema\/person\/3363c1c78e1e28e1329d97adb387638e\"},\"inLanguage\":\"pt-BR\",\"potentialAction\":[{\"@type\":\"ReadAction\",\"target\":[\"http:\/\/www.polisrecreio.com.br\/site\/2016\/10\/17\/friburguense-do-tecnico-recreiense-merica-esta-a-um-empate-de-ser-campeao-da-copa-rio\/\"]}]},{\"@type\":\"Person\",\"@id\":\"https:\/\/www.polisrecreio.com.br\/site\/#\/schema\/person\/3363c1c78e1e28e1329d97adb387638e\",\"name\":\"Leonardo Ribeiro\",\"image\":{\"@type\":\"ImageObject\",\"@id\":\"https:\/\/www.polisrecreio.com.br\/site\/#personlogo\",\"inLanguage\":\"pt-BR\",\"url\":\"https:\/\/secure.gravatar.com\/avatar\/6ba92a37d621e1a83e23710251178a12?s=96&d=mm&r=g\",\"caption\":\"Leonardo Ribeiro\"},\"sameAs\":[\"http:\/\/www.polisrecreio.com.br\"]}]}<\/script>\n<!-- \/ Yoast SEO plugin. -->","_links":{"self":[{"href":"https:\/\/www.polisrecreio.com.br\/site\/wp-json\/wp\/v2\/posts\/3146"}],"collection":[{"href":"https:\/\/www.polisrecreio.com.br\/site\/wp-json\/wp\/v2\/posts"}],"about":[{"href":"https:\/\/www.polisrecreio.com.br\/site\/wp-json\/wp\/v2\/types\/post"}],"author":[{"embeddable":true,"href":"https:\/\/www.polisrecreio.com.br\/site\/wp-json\/wp\/v2\/users\/3"}],"replies":[{"embeddable":true,"href":"https:\/\/www.polisrecreio.com.br\/site\/wp-json\/wp\/v2\/comments?post=3146"}],"version-history":[{"count":3,"href":"https:\/\/www.polisrecreio.com.br\/site\/wp-json\/wp\/v2\/posts\/3146\/revisions"}],"predecessor-version":[{"id":3154,"href":"https:\/\/www.polisrecreio.com.br\/site\/wp-json\/wp\/v2\/posts\/3146\/revisions\/3154"}],"wp:featuredmedia":[{"embeddable":true,"href":"https:\/\/www.polisrecreio.com.br\/site\/wp-json\/wp\/v2\/media\/3147"}],"wp:attachment":[{"href":"https:\/\/www.polisrecreio.com.br\/site\/wp-json\/wp\/v2\/media?parent=3146"}],"wp:term":[{"taxonomy":"category","embeddable":true,"href":"https:\/\/www.polisrecreio.com.br\/site\/wp-json\/wp\/v2\/categories?post=3146"},{"taxonomy":"post_tag","embeddable":true,"href":"https:\/\/www.polisrecreio.com.br\/site\/wp-json\/wp\/v2\/tags?post=3146"}],"curies":[{"name":"wp","href":"https:\/\/api.w.org\/{rel}","templated":true}]}}