{"id":3210,"date":"2016-10-25T20:14:43","date_gmt":"2016-10-25T23:14:43","guid":{"rendered":"http:\/\/www.polisrecreio.com.br\/site\/?p=3210"},"modified":"2016-10-25T20:19:59","modified_gmt":"2016-10-25T23:19:59","slug":"ze-maria-barros-vai-participar-de-evento-da-cnm-para-novos-gestores","status":"publish","type":"post","link":"https:\/\/www.polisrecreio.com.br\/site\/2016\/10\/25\/ze-maria-barros-vai-participar-de-evento-da-cnm-para-novos-gestores\/","title":{"rendered":"Z\u00e9 Maria Barros vai participar de evento da CNM para novos gestores"},"content":{"rendered":"<p style=\"text-align: justify;\">O futuro prefeito de Recreio, Z\u00e9 Maria Barros, vai participar do dia 26 a 28 de outubro do semin\u00e1rio da Confedera\u00e7\u00e3o Nacional dos Munic\u00edpios, em Bras\u00edlia, para novos gestores.<\/p>\n<p style=\"text-align: justify;\"><!--more--><\/p>\n<figure id=\"attachment_3211\" aria-describedby=\"caption-attachment-3211\" style=\"width: 700px\" class=\"wp-caption aligncenter\"><a href=\"http:\/\/www.polisrecreio.com.br\/site\/wp-content\/uploads\/2016\/10\/publica\u00e7\u00e3o-sobre-concei\u00e7\u00e3o.jpg\"><img loading=\"lazy\" class=\"size-full wp-image-3211\" src=\"http:\/\/www.polisrecreio.com.br\/site\/wp-content\/uploads\/2016\/10\/publica\u00e7\u00e3o-sobre-concei\u00e7\u00e3o.jpg\" alt=\"Z\u00e9 Maria Barros, eleito prefeito de Recreio.\" width=\"700\" height=\"665\" srcset=\"https:\/\/www.polisrecreio.com.br\/site\/wp-content\/uploads\/2016\/10\/publica\u00e7\u00e3o-sobre-concei\u00e7\u00e3o.jpg 700w, https:\/\/www.polisrecreio.com.br\/site\/wp-content\/uploads\/2016\/10\/publica\u00e7\u00e3o-sobre-concei\u00e7\u00e3o-300x285.jpg 300w\" sizes=\"(max-width: 700px) 100vw, 700px\" \/><\/a><figcaption id=\"caption-attachment-3211\" class=\"wp-caption-text\">Z\u00e9 Maria Barros, eleito prefeito de Recreio.<\/figcaption><\/figure>\n<p style=\"text-align: justify;\">O evento denominado \u201cSemin\u00e1rio para Novos Gestores 2017-2020 \u2013 ponto de partida para uma gest\u00e3o de qualidade\u201d \u00e9 oferecido para todos os prefeitos eleitos no Brasil, durante o pleito de 2 de outubro. Os custos com viagem e hospedagem na capital federal ser\u00e3o todos da CNM.<\/p>\n<p style=\"text-align: justify;\">Z\u00e9 Maria Barros foi eleito prefeito de Recreio pelo PSB com 3.778 votos contra 2.650 votos do atual prefeito do PTB, Oninho. A diferen\u00e7a de 1.128 votos foi uma das maiores j\u00e1 atingidas na hist\u00f3ria pol\u00edtica recreiense.<\/p>\n","protected":false},"excerpt":{"rendered":"<p>O futuro prefeito de Recreio, Z\u00e9 Maria Barros, vai participar do dia 26 a 28 de outubro do semin\u00e1rio da Confedera\u00e7\u00e3o Nacional dos Munic\u00edpios, em Bras\u00edlia, para novos gestores.<\/p>\n","protected":false},"author":3,"featured_media":3211,"comment_status":"open","ping_status":"open","sticky":false,"template":"","format":"standard","meta":[],"categories":[6],"tags":[],"yoast_head":"<!-- This site is optimized with the Yoast SEO plugin v15.6.2 - https:\/\/yoast.com\/wordpress\/plugins\/seo\/ -->\n<meta name=\"robots\" content=\"index, follow, max-snippet:-1, max-image-preview:large, max-video-preview:-1\" \/>\n<link rel=\"canonical\" href=\"https:\/\/www.polisrecreio.com.br\/site\/2016\/10\/25\/ze-maria-barros-vai-participar-de-evento-da-cnm-para-novos-gestores\/\" \/>\n<meta property=\"og:locale\" content=\"pt_BR\" \/>\n<meta property=\"og:type\" content=\"article\" \/>\n<meta property=\"og:title\" content=\"Z\u00e9 Maria Barros vai participar de evento da CNM para novos gestores - P\u00f3lis Recreio\" \/>\n<meta property=\"og:description\" content=\"O futuro prefeito de Recreio, Z\u00e9 Maria Barros, vai participar do dia 26 a 28 de outubro do semin\u00e1rio da Confedera\u00e7\u00e3o Nacional dos Munic\u00edpios, em Bras\u00edlia, para novos gestores.\" \/>\n<meta property=\"og:url\" content=\"https:\/\/www.polisrecreio.com.br\/site\/2016\/10\/25\/ze-maria-barros-vai-participar-de-evento-da-cnm-para-novos-gestores\/\" \/>\n<meta property=\"og:site_name\" content=\"P\u00f3lis Recreio\" \/>\n<meta property=\"article:publisher\" content=\"https:\/\/www.facebook.com\/Site-P%c3%b3lis-Recreio-MG-181941708571019\/\" \/>\n<meta property=\"article:published_time\" content=\"2016-10-25T23:14:43+00:00\" \/>\n<meta property=\"article:modified_time\" content=\"2016-10-25T23:19:59+00:00\" \/>\n<meta property=\"og:image\" content=\"https:\/\/www.polisrecreio.com.br\/site\/wp-content\/uploads\/2016\/10\/publica\u00e7\u00e3o-sobre-concei\u00e7\u00e3o.jpg\" \/>\n\t<meta property=\"og:image:width\" content=\"700\" \/>\n\t<meta property=\"og:image:height\" content=\"665\" \/>\n<meta name=\"twitter:card\" content=\"summary_large_image\" \/>\n<meta name=\"twitter:creator\" content=\"@PolisRecreio\" \/>\n<meta name=\"twitter:site\" content=\"@PolisRecreio\" \/>\n<meta name=\"twitter:label1\" content=\"Est. reading time\">\n\t<meta name=\"twitter:data1\" content=\"1 minuto\">\n<script type=\"application\/ld+json\" class=\"yoast-schema-graph\">{\"@context\":\"https:\/\/schema.org\",\"@graph\":[{\"@type\":\"WebSite\",\"@id\":\"https:\/\/www.polisrecreio.com.br\/site\/#website\",\"url\":\"https:\/\/www.polisrecreio.com.br\/site\/\",\"name\":\"P\\u00f3lis Recreio\",\"description\":\"\",\"potentialAction\":[{\"@type\":\"SearchAction\",\"target\":\"https:\/\/www.polisrecreio.com.br\/site\/?s={search_term_string}\",\"query-input\":\"required name=search_term_string\"}],\"inLanguage\":\"pt-BR\"},{\"@type\":\"ImageObject\",\"@id\":\"https:\/\/www.polisrecreio.com.br\/site\/2016\/10\/25\/ze-maria-barros-vai-participar-de-evento-da-cnm-para-novos-gestores\/#primaryimage\",\"inLanguage\":\"pt-BR\",\"url\":\"https:\/\/www.polisrecreio.com.br\/site\/wp-content\/uploads\/2016\/10\/publica\\u00e7\\u00e3o-sobre-concei\\u00e7\\u00e3o.jpg\",\"width\":700,\"height\":665,\"caption\":\"Z\\u00e9 Maria Barros, eleito prefeito de Recreio.\"},{\"@type\":\"WebPage\",\"@id\":\"https:\/\/www.polisrecreio.com.br\/site\/2016\/10\/25\/ze-maria-barros-vai-participar-de-evento-da-cnm-para-novos-gestores\/#webpage\",\"url\":\"https:\/\/www.polisrecreio.com.br\/site\/2016\/10\/25\/ze-maria-barros-vai-participar-de-evento-da-cnm-para-novos-gestores\/\",\"name\":\"Z\\u00e9 Maria Barros vai participar de evento da CNM para novos gestores - P\\u00f3lis Recreio\",\"isPartOf\":{\"@id\":\"https:\/\/www.polisrecreio.com.br\/site\/#website\"},\"primaryImageOfPage\":{\"@id\":\"https:\/\/www.polisrecreio.com.br\/site\/2016\/10\/25\/ze-maria-barros-vai-participar-de-evento-da-cnm-para-novos-gestores\/#primaryimage\"},\"datePublished\":\"2016-10-25T23:14:43+00:00\",\"dateModified\":\"2016-10-25T23:19:59+00:00\",\"author\":{\"@id\":\"https:\/\/www.polisrecreio.com.br\/site\/#\/schema\/person\/3363c1c78e1e28e1329d97adb387638e\"},\"inLanguage\":\"pt-BR\",\"potentialAction\":[{\"@type\":\"ReadAction\",\"target\":[\"https:\/\/www.polisrecreio.com.br\/site\/2016\/10\/25\/ze-maria-barros-vai-participar-de-evento-da-cnm-para-novos-gestores\/\"]}]},{\"@type\":\"Person\",\"@id\":\"https:\/\/www.polisrecreio.com.br\/site\/#\/schema\/person\/3363c1c78e1e28e1329d97adb387638e\",\"name\":\"Leonardo Ribeiro\",\"image\":{\"@type\":\"ImageObject\",\"@id\":\"https:\/\/www.polisrecreio.com.br\/site\/#personlogo\",\"inLanguage\":\"pt-BR\",\"url\":\"https:\/\/secure.gravatar.com\/avatar\/6ba92a37d621e1a83e23710251178a12?s=96&d=mm&r=g\",\"caption\":\"Leonardo Ribeiro\"},\"sameAs\":[\"http:\/\/www.polisrecreio.com.br\"]}]}<\/script>\n<!-- \/ Yoast SEO plugin. -->","_links":{"self":[{"href":"https:\/\/www.polisrecreio.com.br\/site\/wp-json\/wp\/v2\/posts\/3210"}],"collection":[{"href":"https:\/\/www.polisrecreio.com.br\/site\/wp-json\/wp\/v2\/posts"}],"about":[{"href":"https:\/\/www.polisrecreio.com.br\/site\/wp-json\/wp\/v2\/types\/post"}],"author":[{"embeddable":true,"href":"https:\/\/www.polisrecreio.com.br\/site\/wp-json\/wp\/v2\/users\/3"}],"replies":[{"embeddable":true,"href":"https:\/\/www.polisrecreio.com.br\/site\/wp-json\/wp\/v2\/comments?post=3210"}],"version-history":[{"count":3,"href":"https:\/\/www.polisrecreio.com.br\/site\/wp-json\/wp\/v2\/posts\/3210\/revisions"}],"predecessor-version":[{"id":3214,"href":"https:\/\/www.polisrecreio.com.br\/site\/wp-json\/wp\/v2\/posts\/3210\/revisions\/3214"}],"wp:featuredmedia":[{"embeddable":true,"href":"https:\/\/www.polisrecreio.com.br\/site\/wp-json\/wp\/v2\/media\/3211"}],"wp:attachment":[{"href":"https:\/\/www.polisrecreio.com.br\/site\/wp-json\/wp\/v2\/media?parent=3210"}],"wp:term":[{"taxonomy":"category","embeddable":true,"href":"https:\/\/www.polisrecreio.com.br\/site\/wp-json\/wp\/v2\/categories?post=3210"},{"taxonomy":"post_tag","embeddable":true,"href":"https:\/\/www.polisrecreio.com.br\/site\/wp-json\/wp\/v2\/tags?post=3210"}],"curies":[{"name":"wp","href":"https:\/\/api.w.org\/{rel}","templated":true}]}}