{"id":3235,"date":"2016-10-27T20:27:02","date_gmt":"2016-10-27T23:27:02","guid":{"rendered":"http:\/\/www.polisrecreio.com.br\/site\/?p=3235"},"modified":"2016-10-27T20:27:02","modified_gmt":"2016-10-27T23:27:02","slug":"ze-maria-barros-conversa-com-presidente-da-cnm-sobre-a-futura-gestao-de-recreio","status":"publish","type":"post","link":"https:\/\/www.polisrecreio.com.br\/site\/2016\/10\/27\/ze-maria-barros-conversa-com-presidente-da-cnm-sobre-a-futura-gestao-de-recreio\/","title":{"rendered":"Z\u00e9 Maria Barros conversa com presidente da CNM sobre a futura gest\u00e3o de Recreio"},"content":{"rendered":"<p style=\"text-align: justify;\">Durante o \u201cSemin\u00e1rio para Novos Gestores 2017-2020 \u2013 ponto de partida para uma gest\u00e3o de qualidade\u201d, em Bras\u00edlia, o prefeito eleito de Recreio, Z\u00e9 Maria Barros, conversou com o presidente da Confedera\u00e7\u00e3o Nacional dos Munic\u00edpios, Paulo Ziulkoski, sobre a futura gest\u00e3o municipal.<\/p>\n<p style=\"text-align: justify;\"><!--more--><\/p>\n<figure id=\"attachment_3236\" aria-describedby=\"caption-attachment-3236\" style=\"width: 800px\" class=\"wp-caption aligncenter\"><a href=\"http:\/\/www.polisrecreio.com.br\/site\/wp-content\/uploads\/2016\/10\/IMG-20161027-WA0004.jpg\"><img loading=\"lazy\" class=\"size-full wp-image-3236\" src=\"http:\/\/www.polisrecreio.com.br\/site\/wp-content\/uploads\/2016\/10\/IMG-20161027-WA0004.jpg\" alt=\"Z\u00e9 Maria Barros e o presidente da CNM.\" width=\"800\" height=\"541\" srcset=\"https:\/\/www.polisrecreio.com.br\/site\/wp-content\/uploads\/2016\/10\/IMG-20161027-WA0004.jpg 800w, https:\/\/www.polisrecreio.com.br\/site\/wp-content\/uploads\/2016\/10\/IMG-20161027-WA0004-300x203.jpg 300w\" sizes=\"(max-width: 800px) 100vw, 800px\" \/><\/a><figcaption id=\"caption-attachment-3236\" class=\"wp-caption-text\">Z\u00e9 Maria Barros e o presidente da CNM.<\/figcaption><\/figure>\n<p style=\"text-align: justify;\">Segundo informa\u00e7\u00f5es obtidas pelo Site P\u00f3lis, os dois confabularam sobre as dificuldades que os pr\u00f3ximos prefeitos do Brasil ir\u00e3o enfrentar a partir de 2017, as perspectivas de melhorias, a maior participa\u00e7\u00e3o dos munic\u00edpios nas receitas e a import\u00e2ncia da CNM para a qualidade da futura administra\u00e7\u00e3o de Recreio.<\/p>\n<p style=\"text-align: justify;\">O evento promovido pela CNM come\u00e7ou ontem (26) e termina nessa sexta-feira (28).<\/p>\n","protected":false},"excerpt":{"rendered":"<p>Durante o \u201cSemin\u00e1rio para Novos Gestores 2017-2020 \u2013 ponto de partida para uma gest\u00e3o de qualidade\u201d, em Bras\u00edlia, o prefeito eleito de Recreio, Z\u00e9 Maria Barros, conversou com o presidente da Confedera\u00e7\u00e3o Nacional dos Munic\u00edpios, Paulo Ziulkoski, sobre a futura gest\u00e3o municipal.<\/p>\n","protected":false},"author":3,"featured_media":3236,"comment_status":"open","ping_status":"open","sticky":false,"template":"","format":"standard","meta":[],"categories":[6],"tags":[],"yoast_head":"<!-- This site is optimized with the Yoast SEO plugin v15.6.2 - https:\/\/yoast.com\/wordpress\/plugins\/seo\/ -->\n<meta name=\"robots\" content=\"index, follow, max-snippet:-1, max-image-preview:large, max-video-preview:-1\" \/>\n<link rel=\"canonical\" href=\"http:\/\/www.polisrecreio.com.br\/site\/2016\/10\/27\/ze-maria-barros-conversa-com-presidente-da-cnm-sobre-a-futura-gestao-de-recreio\/\" \/>\n<meta property=\"og:locale\" content=\"pt_BR\" \/>\n<meta property=\"og:type\" content=\"article\" \/>\n<meta property=\"og:title\" content=\"Z\u00e9 Maria Barros conversa com presidente da CNM sobre a futura gest\u00e3o de Recreio - P\u00f3lis Recreio\" \/>\n<meta property=\"og:description\" content=\"Durante o \u201cSemin\u00e1rio para Novos Gestores 2017-2020 \u2013 ponto de partida para uma gest\u00e3o de qualidade\u201d, em Bras\u00edlia, o prefeito eleito de Recreio, Z\u00e9 Maria Barros, conversou com o presidente da Confedera\u00e7\u00e3o Nacional dos Munic\u00edpios, Paulo Ziulkoski, sobre a futura gest\u00e3o municipal.\" \/>\n<meta property=\"og:url\" content=\"http:\/\/www.polisrecreio.com.br\/site\/2016\/10\/27\/ze-maria-barros-conversa-com-presidente-da-cnm-sobre-a-futura-gestao-de-recreio\/\" \/>\n<meta property=\"og:site_name\" content=\"P\u00f3lis Recreio\" \/>\n<meta property=\"article:publisher\" content=\"https:\/\/www.facebook.com\/Site-P%c3%b3lis-Recreio-MG-181941708571019\/\" \/>\n<meta property=\"article:published_time\" content=\"2016-10-27T23:27:02+00:00\" \/>\n<meta property=\"og:image\" content=\"https:\/\/www.polisrecreio.com.br\/site\/wp-content\/uploads\/2016\/10\/IMG-20161027-WA0004.jpg\" \/>\n\t<meta property=\"og:image:width\" content=\"800\" \/>\n\t<meta property=\"og:image:height\" content=\"541\" \/>\n<meta name=\"twitter:card\" content=\"summary_large_image\" \/>\n<meta name=\"twitter:creator\" content=\"@PolisRecreio\" \/>\n<meta name=\"twitter:site\" content=\"@PolisRecreio\" \/>\n<meta name=\"twitter:label1\" content=\"Est. reading time\">\n\t<meta name=\"twitter:data1\" content=\"1 minuto\">\n<script type=\"application\/ld+json\" class=\"yoast-schema-graph\">{\"@context\":\"https:\/\/schema.org\",\"@graph\":[{\"@type\":\"WebSite\",\"@id\":\"https:\/\/www.polisrecreio.com.br\/site\/#website\",\"url\":\"https:\/\/www.polisrecreio.com.br\/site\/\",\"name\":\"P\\u00f3lis Recreio\",\"description\":\"\",\"potentialAction\":[{\"@type\":\"SearchAction\",\"target\":\"https:\/\/www.polisrecreio.com.br\/site\/?s={search_term_string}\",\"query-input\":\"required name=search_term_string\"}],\"inLanguage\":\"pt-BR\"},{\"@type\":\"ImageObject\",\"@id\":\"http:\/\/www.polisrecreio.com.br\/site\/2016\/10\/27\/ze-maria-barros-conversa-com-presidente-da-cnm-sobre-a-futura-gestao-de-recreio\/#primaryimage\",\"inLanguage\":\"pt-BR\",\"url\":\"https:\/\/www.polisrecreio.com.br\/site\/wp-content\/uploads\/2016\/10\/IMG-20161027-WA0004.jpg\",\"width\":800,\"height\":541,\"caption\":\"Z\\u00e9 Maria Barros e o presidente da CNM.\"},{\"@type\":\"WebPage\",\"@id\":\"http:\/\/www.polisrecreio.com.br\/site\/2016\/10\/27\/ze-maria-barros-conversa-com-presidente-da-cnm-sobre-a-futura-gestao-de-recreio\/#webpage\",\"url\":\"http:\/\/www.polisrecreio.com.br\/site\/2016\/10\/27\/ze-maria-barros-conversa-com-presidente-da-cnm-sobre-a-futura-gestao-de-recreio\/\",\"name\":\"Z\\u00e9 Maria Barros conversa com presidente da CNM sobre a futura gest\\u00e3o de Recreio - P\\u00f3lis Recreio\",\"isPartOf\":{\"@id\":\"https:\/\/www.polisrecreio.com.br\/site\/#website\"},\"primaryImageOfPage\":{\"@id\":\"http:\/\/www.polisrecreio.com.br\/site\/2016\/10\/27\/ze-maria-barros-conversa-com-presidente-da-cnm-sobre-a-futura-gestao-de-recreio\/#primaryimage\"},\"datePublished\":\"2016-10-27T23:27:02+00:00\",\"dateModified\":\"2016-10-27T23:27:02+00:00\",\"author\":{\"@id\":\"https:\/\/www.polisrecreio.com.br\/site\/#\/schema\/person\/3363c1c78e1e28e1329d97adb387638e\"},\"inLanguage\":\"pt-BR\",\"potentialAction\":[{\"@type\":\"ReadAction\",\"target\":[\"http:\/\/www.polisrecreio.com.br\/site\/2016\/10\/27\/ze-maria-barros-conversa-com-presidente-da-cnm-sobre-a-futura-gestao-de-recreio\/\"]}]},{\"@type\":\"Person\",\"@id\":\"https:\/\/www.polisrecreio.com.br\/site\/#\/schema\/person\/3363c1c78e1e28e1329d97adb387638e\",\"name\":\"Leonardo Ribeiro\",\"image\":{\"@type\":\"ImageObject\",\"@id\":\"https:\/\/www.polisrecreio.com.br\/site\/#personlogo\",\"inLanguage\":\"pt-BR\",\"url\":\"https:\/\/secure.gravatar.com\/avatar\/6ba92a37d621e1a83e23710251178a12?s=96&d=mm&r=g\",\"caption\":\"Leonardo Ribeiro\"},\"sameAs\":[\"http:\/\/www.polisrecreio.com.br\"]}]}<\/script>\n<!-- \/ Yoast SEO plugin. -->","_links":{"self":[{"href":"https:\/\/www.polisrecreio.com.br\/site\/wp-json\/wp\/v2\/posts\/3235"}],"collection":[{"href":"https:\/\/www.polisrecreio.com.br\/site\/wp-json\/wp\/v2\/posts"}],"about":[{"href":"https:\/\/www.polisrecreio.com.br\/site\/wp-json\/wp\/v2\/types\/post"}],"author":[{"embeddable":true,"href":"https:\/\/www.polisrecreio.com.br\/site\/wp-json\/wp\/v2\/users\/3"}],"replies":[{"embeddable":true,"href":"https:\/\/www.polisrecreio.com.br\/site\/wp-json\/wp\/v2\/comments?post=3235"}],"version-history":[{"count":1,"href":"https:\/\/www.polisrecreio.com.br\/site\/wp-json\/wp\/v2\/posts\/3235\/revisions"}],"predecessor-version":[{"id":3237,"href":"https:\/\/www.polisrecreio.com.br\/site\/wp-json\/wp\/v2\/posts\/3235\/revisions\/3237"}],"wp:featuredmedia":[{"embeddable":true,"href":"https:\/\/www.polisrecreio.com.br\/site\/wp-json\/wp\/v2\/media\/3236"}],"wp:attachment":[{"href":"https:\/\/www.polisrecreio.com.br\/site\/wp-json\/wp\/v2\/media?parent=3235"}],"wp:term":[{"taxonomy":"category","embeddable":true,"href":"https:\/\/www.polisrecreio.com.br\/site\/wp-json\/wp\/v2\/categories?post=3235"},{"taxonomy":"post_tag","embeddable":true,"href":"https:\/\/www.polisrecreio.com.br\/site\/wp-json\/wp\/v2\/tags?post=3235"}],"curies":[{"name":"wp","href":"https:\/\/api.w.org\/{rel}","templated":true}]}}