{"id":3769,"date":"2017-01-02T11:07:45","date_gmt":"2017-01-02T14:07:45","guid":{"rendered":"http:\/\/www.polisrecreio.com.br\/site\/?p=3769"},"modified":"2017-01-02T11:07:45","modified_gmt":"2017-01-02T14:07:45","slug":"ze-maria-barros-toma-posse-e-avisa-que-o-recreiense-voltara-a-ter-orgulho-de-ser-recreiense","status":"publish","type":"post","link":"https:\/\/www.polisrecreio.com.br\/site\/2017\/01\/02\/ze-maria-barros-toma-posse-e-avisa-que-o-recreiense-voltara-a-ter-orgulho-de-ser-recreiense\/","title":{"rendered":"Z\u00e9 Maria Barros toma posse e avisa que o \u201crecreiense voltar\u00e1 a ter orgulho de ser recreiense\u201d"},"content":{"rendered":"<p style=\"text-align: justify;\">O novo prefeito de Recreio, Z\u00e9 Maria Barros, o vice Jo\u00e3o D\u00f3lar, e os nove vereadores que comp\u00f5em o legislativo municipal foram empossados em seus respectivos cargos ao final da tarde do domingo, 1\u00ba de janeiro de 2017, em solenidade no Social Country Clube, com presen\u00e7a de um grande p\u00fablico. Em seu primeiro discurso oficial, como chefe do executivo, Z\u00e9 Maria disse que \u201crecreiense voltar\u00e1 a ter orgulho de ser recreiense\u201d.<\/p>\n<p style=\"text-align: justify;\"><!--more--><\/p>\n<figure id=\"attachment_3770\" aria-describedby=\"caption-attachment-3770\" style=\"width: 750px\" class=\"wp-caption aligncenter\"><a href=\"http:\/\/www.polisrecreio.com.br\/site\/wp-content\/uploads\/2017\/01\/DSCN3724.jpg\"><img loading=\"lazy\" class=\"wp-image-3770 size-full\" src=\"http:\/\/www.polisrecreio.com.br\/site\/wp-content\/uploads\/2017\/01\/DSCN3724.jpg\" alt=\"dscn3724\" width=\"750\" height=\"563\" srcset=\"https:\/\/www.polisrecreio.com.br\/site\/wp-content\/uploads\/2017\/01\/DSCN3724.jpg 750w, https:\/\/www.polisrecreio.com.br\/site\/wp-content\/uploads\/2017\/01\/DSCN3724-300x225.jpg 300w\" sizes=\"(max-width: 750px) 100vw, 750px\" \/><\/a><figcaption id=\"caption-attachment-3770\" class=\"wp-caption-text\">Discurso do prefeito.<\/figcaption><\/figure>\n<p style=\"text-align: justify;\">Para iniciar as ordens burocr\u00e1ticas, houve a rever\u00eancia ao Hino Nacional Brasileiro, atrav\u00e9s da voz de Robson Medeiros, o popular Linguinha.<\/p>\n<p style=\"text-align: justify;\">Durante a sess\u00e3o de posse dos eleitos, houve tamb\u00e9m a elei\u00e7\u00e3o da mesa diretora (presidente, vice-presidente, 1\u00ba secret\u00e1rio e 2\u00ba secret\u00e1rio) da C\u00e2mara Municipal e de forma un\u00e2nime o vereador Paulinho Pintor foi escolhido para a fun\u00e7\u00e3o de presidente do legislativo durante este ano. A vice-presid\u00eancia estar\u00e1 a cargo de Leninha, que obteve 7 votos; 1\u00ba secret\u00e1rio, Jovane, com 7 votos; e 2\u00ba secret\u00e1rio, Pororoca, com 6 votos. Ap\u00f3s ter sido eleito, o agora, presidente Paulinho Pintor, iniciou o processo de posse do prefeito, Z\u00e9 Maria Barros e do vice-prefeito, Jo\u00e3o D\u00f3lar.<\/p>\n<p style=\"text-align: justify;\">Em seu primeiro discurso oficial como prefeito de Recreio, Z\u00e9 Maria, de forma simples e coesa focou no resgate da nossa cidade, na melhoria do servi\u00e7o de sa\u00fade, ano apoio aos servidores p\u00fablicos, nos incentivos as entidades filantr\u00f3picas, as manifesta\u00e7\u00f5es culturais e ao esporte, e na valoriza\u00e7\u00e3o da \u00e1rea rural com a cria\u00e7\u00e3o de uma secretaria planejada para desempenhar servi\u00e7os nos distritos e demais localidades. O prefeito n\u00e3o se esqueceu da sua fam\u00edlia e de todos que o ajudaram a chegar ao cargo onde seu pai, Jos\u00e9 Amaury Teixeira de Barros <em>(i.m),<\/em> j\u00e1 esteve. Ao final de seu pronunciamento, Z\u00e9 Maria, disse que o \u201crecreiense voltar\u00e1 a ter orgulho de ser recreiense\u201d.<\/p>\n<p style=\"text-align: justify;\">Aproveitando a participa\u00e7\u00e3o de um grande p\u00fablico o executivo municipal nomeou tamb\u00e9m os seus secret\u00e1rios que estar\u00e3o ao seu lado a partir de hoje (2) na responsabilidade de administrar Recreio, foram eles: Secret\u00e1ria de Administra\u00e7\u00e3o, Ana Am\u00e9lia Ara\u00fajo Oliveira; Secret\u00e1ria de Sa\u00fade, Gabriela Helena de Paula; Secret\u00e1ria de Educa\u00e7\u00e3o e Cultura, Maria Jos\u00e9 Lacerda Freitas Dorigo; Secret\u00e1rio de Desenvolvimento Econ\u00f4mico e Sustent\u00e1vel, Jo\u00e3o Guilherme Costa Ferreira; Secret\u00e1rio de Desenvolvimento Social, Diego Pena Silva; Secret\u00e1rio de Agricultura, Pecu\u00e1ria e Pesca, Luis Ot\u00e1vio Guilherme Silva; Secret\u00e1rio de Desenvolvimento Urbano, Juarez Ara\u00fajo; Secret\u00e1rio de Esporte e Lazer, Leandro Ferreira Medeiros; Secret\u00e1rio de Finan\u00e7as, Jo\u00e3o Carlos Cunha de Barros; Secret\u00e1rio de Infraestrutura Rural (a ser criada), Juarez Paiva; Diretor do SAAE, Jos\u00e9 Augusto de Souza Filho.<\/p>\n<p style=\"text-align: justify;\">Antes de encerrar a sess\u00e3o, o presidente da C\u00e2mara Municipal, Paulinho Pintor, fez um breve pronunciamento dando \u00eanfase em apoiar aos anseios da sociedade. O vereador agradeceu a confian\u00e7a de todos no seu trabalho e desejou a administra\u00e7\u00e3o 2017\/2020 um governo firme, honesto e competente.<\/p>\n<p style=\"text-align: justify;\">Terminada as ordens burocr\u00e1ticas do dia 1\u00ba de janeiro, iniciaram-se as celebra\u00e7\u00f5es religiosas e em seguida a posse ganhou um ar mais festivo de homenagens e lembran\u00e7as. No culto ecum\u00eanico estiveram: Pastor Waldir Luz, representando a Assembleia de Deus; Maria Auxiliadora, representando o Centro Esp\u00edrita Deus, Jesus e Caridade; e Wellington Siqueira, representando a Igreja Nova Alian\u00e7a. Em momento de homenagens e lembran\u00e7as da campanha vitoriosa de Z\u00e9 Maria e D\u00f3lar, houve participa\u00e7\u00e3o de funcion\u00e1rios do setor de obras da Prefeitura, Maurinho e Sandrinha, entregando simbolicamente uma vassoura e um par de luvas, que s\u00e3o materiais de trabalho, numa demonstra\u00e7\u00e3o da atitude participativa com o governo; o jovem Daniel, de Concei\u00e7\u00e3o da Boa Vista, cantou; houve sauda\u00e7\u00e3o a Dona Titida, que aos 99 anos, fez quest\u00e3o de ir votar em Z\u00e9 Maria e D\u00f3lar e esteve ao lado deles durante a posse; antes do encerramento um v\u00eddeo com v\u00e1rias fotos da campanha vitoriosa e a lembran\u00e7a do articulador pol\u00edtico e correligion\u00e1rio, Gadinho, que faleceu ao final do \u00faltimo ano foram reverenciadas. O momento festivo teve a coordena\u00e7\u00e3o de Dr. Luiz Ronaldo.<\/p>\n<p style=\"text-align: justify;\">Das m\u00e3os do assessor jur\u00eddico da C\u00e2mara Municipal as chaves da Prefeitura Municipal foram entregues ao novo prefeito, pois, o seu antecessor, \u00d4nio Fialho, havia renunciado ao cargo na \u00faltima sexta-feira (30), \u00e0s 22h, alegando motivo de foro \u00edntimo.<\/p>\n<figure id=\"attachment_3772\" aria-describedby=\"caption-attachment-3772\" style=\"width: 750px\" class=\"wp-caption aligncenter\"><a href=\"http:\/\/www.polisrecreio.com.br\/site\/wp-content\/uploads\/2017\/01\/DSCN3711.jpg\"><img loading=\"lazy\" class=\"wp-image-3772 size-full\" src=\"http:\/\/www.polisrecreio.com.br\/site\/wp-content\/uploads\/2017\/01\/DSCN3711.jpg\" alt=\"dscn3711\" width=\"750\" height=\"563\" srcset=\"https:\/\/www.polisrecreio.com.br\/site\/wp-content\/uploads\/2017\/01\/DSCN3711.jpg 750w, https:\/\/www.polisrecreio.com.br\/site\/wp-content\/uploads\/2017\/01\/DSCN3711-300x225.jpg 300w\" sizes=\"(max-width: 750px) 100vw, 750px\" \/><\/a><figcaption id=\"caption-attachment-3772\" class=\"wp-caption-text\">C\u00e2mara Municipal.<\/figcaption><\/figure>\n<figure id=\"attachment_3773\" aria-describedby=\"caption-attachment-3773\" style=\"width: 750px\" class=\"wp-caption aligncenter\"><a href=\"http:\/\/www.polisrecreio.com.br\/site\/wp-content\/uploads\/2017\/01\/DSCN3712.jpg\"><img loading=\"lazy\" class=\"wp-image-3773 size-full\" src=\"http:\/\/www.polisrecreio.com.br\/site\/wp-content\/uploads\/2017\/01\/DSCN3712.jpg\" alt=\"dscn3712\" width=\"750\" height=\"563\" srcset=\"https:\/\/www.polisrecreio.com.br\/site\/wp-content\/uploads\/2017\/01\/DSCN3712.jpg 750w, https:\/\/www.polisrecreio.com.br\/site\/wp-content\/uploads\/2017\/01\/DSCN3712-300x225.jpg 300w\" sizes=\"(max-width: 750px) 100vw, 750px\" \/><\/a><figcaption id=\"caption-attachment-3773\" class=\"wp-caption-text\">Presidente da C\u00e2mara 2017.<\/figcaption><\/figure>\n<figure id=\"attachment_3774\" aria-describedby=\"caption-attachment-3774\" style=\"width: 750px\" class=\"wp-caption aligncenter\"><a href=\"http:\/\/www.polisrecreio.com.br\/site\/wp-content\/uploads\/2017\/01\/DSCN3717.jpg\"><img loading=\"lazy\" class=\"wp-image-3774 size-full\" src=\"http:\/\/www.polisrecreio.com.br\/site\/wp-content\/uploads\/2017\/01\/DSCN3717.jpg\" alt=\"dscn3717\" width=\"750\" height=\"563\" srcset=\"https:\/\/www.polisrecreio.com.br\/site\/wp-content\/uploads\/2017\/01\/DSCN3717.jpg 750w, https:\/\/www.polisrecreio.com.br\/site\/wp-content\/uploads\/2017\/01\/DSCN3717-300x225.jpg 300w\" sizes=\"(max-width: 750px) 100vw, 750px\" \/><\/a><figcaption id=\"caption-attachment-3774\" class=\"wp-caption-text\">Juramento do prefeito.<\/figcaption><\/figure>\n<p style=\"text-align: justify;\">\n<figure id=\"attachment_3775\" aria-describedby=\"caption-attachment-3775\" style=\"width: 750px\" class=\"wp-caption aligncenter\"><a href=\"http:\/\/www.polisrecreio.com.br\/site\/wp-content\/uploads\/2017\/01\/DSCN3719.jpg\"><img loading=\"lazy\" class=\"wp-image-3775 size-full\" src=\"http:\/\/www.polisrecreio.com.br\/site\/wp-content\/uploads\/2017\/01\/DSCN3719.jpg\" alt=\"dscn3719\" width=\"750\" height=\"563\" srcset=\"https:\/\/www.polisrecreio.com.br\/site\/wp-content\/uploads\/2017\/01\/DSCN3719.jpg 750w, https:\/\/www.polisrecreio.com.br\/site\/wp-content\/uploads\/2017\/01\/DSCN3719-300x225.jpg 300w\" sizes=\"(max-width: 750px) 100vw, 750px\" \/><\/a><figcaption id=\"caption-attachment-3775\" class=\"wp-caption-text\">Discurso do prefeito.<\/figcaption><\/figure>\n<figure id=\"attachment_3776\" aria-describedby=\"caption-attachment-3776\" style=\"width: 750px\" class=\"wp-caption aligncenter\"><a href=\"http:\/\/www.polisrecreio.com.br\/site\/wp-content\/uploads\/2017\/01\/DSCN3723.jpg\"><img loading=\"lazy\" class=\"wp-image-3776 size-full\" src=\"http:\/\/www.polisrecreio.com.br\/site\/wp-content\/uploads\/2017\/01\/DSCN3723.jpg\" alt=\"dscn3723\" width=\"750\" height=\"563\" srcset=\"https:\/\/www.polisrecreio.com.br\/site\/wp-content\/uploads\/2017\/01\/DSCN3723.jpg 750w, https:\/\/www.polisrecreio.com.br\/site\/wp-content\/uploads\/2017\/01\/DSCN3723-300x225.jpg 300w\" sizes=\"(max-width: 750px) 100vw, 750px\" \/><\/a><figcaption id=\"caption-attachment-3776\" class=\"wp-caption-text\">Discurso do prefeito.<\/figcaption><\/figure>\n<figure id=\"attachment_3777\" aria-describedby=\"caption-attachment-3777\" style=\"width: 750px\" class=\"wp-caption aligncenter\"><a href=\"http:\/\/www.polisrecreio.com.br\/site\/wp-content\/uploads\/2017\/01\/DSCN3728.jpg\"><img loading=\"lazy\" class=\"wp-image-3777 size-full\" src=\"http:\/\/www.polisrecreio.com.br\/site\/wp-content\/uploads\/2017\/01\/DSCN3728.jpg\" alt=\"dscn3728\" width=\"750\" height=\"563\" srcset=\"https:\/\/www.polisrecreio.com.br\/site\/wp-content\/uploads\/2017\/01\/DSCN3728.jpg 750w, https:\/\/www.polisrecreio.com.br\/site\/wp-content\/uploads\/2017\/01\/DSCN3728-300x225.jpg 300w\" sizes=\"(max-width: 750px) 100vw, 750px\" \/><\/a><figcaption id=\"caption-attachment-3777\" class=\"wp-caption-text\">Discurso do prefeito.<\/figcaption><\/figure>\n<figure id=\"attachment_3778\" aria-describedby=\"caption-attachment-3778\" style=\"width: 750px\" class=\"wp-caption aligncenter\"><a href=\"http:\/\/www.polisrecreio.com.br\/site\/wp-content\/uploads\/2017\/01\/DSCN3744.jpg\"><img loading=\"lazy\" class=\"wp-image-3778 size-full\" src=\"http:\/\/www.polisrecreio.com.br\/site\/wp-content\/uploads\/2017\/01\/DSCN3744.jpg\" alt=\"dscn3744\" width=\"750\" height=\"563\" srcset=\"https:\/\/www.polisrecreio.com.br\/site\/wp-content\/uploads\/2017\/01\/DSCN3744.jpg 750w, https:\/\/www.polisrecreio.com.br\/site\/wp-content\/uploads\/2017\/01\/DSCN3744-300x225.jpg 300w\" sizes=\"(max-width: 750px) 100vw, 750px\" \/><\/a><figcaption id=\"caption-attachment-3778\" class=\"wp-caption-text\">Homenagens.<\/figcaption><\/figure>\n<figure id=\"attachment_3779\" aria-describedby=\"caption-attachment-3779\" style=\"width: 750px\" class=\"wp-caption aligncenter\"><a href=\"http:\/\/www.polisrecreio.com.br\/site\/wp-content\/uploads\/2017\/01\/DSCN3746.jpg\"><img loading=\"lazy\" class=\"wp-image-3779 size-full\" src=\"http:\/\/www.polisrecreio.com.br\/site\/wp-content\/uploads\/2017\/01\/DSCN3746.jpg\" alt=\"dscn3746\" width=\"750\" height=\"563\" srcset=\"https:\/\/www.polisrecreio.com.br\/site\/wp-content\/uploads\/2017\/01\/DSCN3746.jpg 750w, https:\/\/www.polisrecreio.com.br\/site\/wp-content\/uploads\/2017\/01\/DSCN3746-300x225.jpg 300w\" sizes=\"(max-width: 750px) 100vw, 750px\" \/><\/a><figcaption id=\"caption-attachment-3779\" class=\"wp-caption-text\">Homenagens.<\/figcaption><\/figure>\n<figure id=\"attachment_3780\" aria-describedby=\"caption-attachment-3780\" style=\"width: 750px\" class=\"wp-caption aligncenter\"><a href=\"http:\/\/www.polisrecreio.com.br\/site\/wp-content\/uploads\/2017\/01\/DSCN3750.jpg\"><img loading=\"lazy\" class=\"wp-image-3780 size-full\" src=\"http:\/\/www.polisrecreio.com.br\/site\/wp-content\/uploads\/2017\/01\/DSCN3750.jpg\" alt=\"dscn3750\" width=\"750\" height=\"563\" srcset=\"https:\/\/www.polisrecreio.com.br\/site\/wp-content\/uploads\/2017\/01\/DSCN3750.jpg 750w, https:\/\/www.polisrecreio.com.br\/site\/wp-content\/uploads\/2017\/01\/DSCN3750-300x225.jpg 300w\" sizes=\"(max-width: 750px) 100vw, 750px\" \/><\/a><figcaption id=\"caption-attachment-3780\" class=\"wp-caption-text\">Dona Titida, aos 99 anos, com o prefeito.<\/figcaption><\/figure>\n<figure id=\"attachment_3782\" aria-describedby=\"caption-attachment-3782\" style=\"width: 750px\" class=\"wp-caption aligncenter\"><a href=\"http:\/\/www.polisrecreio.com.br\/site\/wp-content\/uploads\/2017\/01\/DSCN3754.jpg\"><img loading=\"lazy\" class=\"wp-image-3782 size-full\" src=\"http:\/\/www.polisrecreio.com.br\/site\/wp-content\/uploads\/2017\/01\/DSCN3754.jpg\" alt=\"dscn3754\" width=\"750\" height=\"563\" srcset=\"https:\/\/www.polisrecreio.com.br\/site\/wp-content\/uploads\/2017\/01\/DSCN3754.jpg 750w, https:\/\/www.polisrecreio.com.br\/site\/wp-content\/uploads\/2017\/01\/DSCN3754-300x225.jpg 300w\" sizes=\"(max-width: 750px) 100vw, 750px\" \/><\/a><figcaption id=\"caption-attachment-3782\" class=\"wp-caption-text\">Homenagens.<\/figcaption><\/figure>\n<p style=\"text-align: justify;\">\n<figure id=\"attachment_3781\" aria-describedby=\"caption-attachment-3781\" style=\"width: 750px\" class=\"wp-caption aligncenter\"><a href=\"http:\/\/www.polisrecreio.com.br\/site\/wp-content\/uploads\/2017\/01\/DSCN3751.jpg\"><img loading=\"lazy\" class=\"wp-image-3781 size-full\" src=\"http:\/\/www.polisrecreio.com.br\/site\/wp-content\/uploads\/2017\/01\/DSCN3751.jpg\" alt=\"dscn3751\" width=\"750\" height=\"563\" srcset=\"https:\/\/www.polisrecreio.com.br\/site\/wp-content\/uploads\/2017\/01\/DSCN3751.jpg 750w, https:\/\/www.polisrecreio.com.br\/site\/wp-content\/uploads\/2017\/01\/DSCN3751-300x225.jpg 300w\" sizes=\"(max-width: 750px) 100vw, 750px\" \/><\/a><figcaption id=\"caption-attachment-3781\" class=\"wp-caption-text\">Prefeitos, vice e secret\u00e1rios.<\/figcaption><\/figure>\n<figure id=\"attachment_3783\" aria-describedby=\"caption-attachment-3783\" style=\"width: 750px\" class=\"wp-caption aligncenter\"><a href=\"http:\/\/www.polisrecreio.com.br\/site\/wp-content\/uploads\/2017\/01\/DSCN3763.jpg\"><img loading=\"lazy\" class=\"wp-image-3783 size-full\" src=\"http:\/\/www.polisrecreio.com.br\/site\/wp-content\/uploads\/2017\/01\/DSCN3763.jpg\" alt=\"dscn3763\" width=\"750\" height=\"563\" srcset=\"https:\/\/www.polisrecreio.com.br\/site\/wp-content\/uploads\/2017\/01\/DSCN3763.jpg 750w, https:\/\/www.polisrecreio.com.br\/site\/wp-content\/uploads\/2017\/01\/DSCN3763-300x225.jpg 300w\" sizes=\"(max-width: 750px) 100vw, 750px\" \/><\/a><figcaption id=\"caption-attachment-3783\" class=\"wp-caption-text\">C\u00e2mara Municipal.<\/figcaption><\/figure>\n<figure id=\"attachment_3784\" aria-describedby=\"caption-attachment-3784\" style=\"width: 750px\" class=\"wp-caption aligncenter\"><a href=\"http:\/\/www.polisrecreio.com.br\/site\/wp-content\/uploads\/2017\/01\/DSCN3772.jpg\"><img loading=\"lazy\" class=\"wp-image-3784 size-full\" src=\"http:\/\/www.polisrecreio.com.br\/site\/wp-content\/uploads\/2017\/01\/DSCN3772.jpg\" alt=\"dscn3772\" width=\"750\" height=\"563\" srcset=\"https:\/\/www.polisrecreio.com.br\/site\/wp-content\/uploads\/2017\/01\/DSCN3772.jpg 750w, https:\/\/www.polisrecreio.com.br\/site\/wp-content\/uploads\/2017\/01\/DSCN3772-300x225.jpg 300w\" sizes=\"(max-width: 750px) 100vw, 750px\" \/><\/a><figcaption id=\"caption-attachment-3784\" class=\"wp-caption-text\">Presidente da C\u00e2mara e o prefeito.<\/figcaption><\/figure>\n<figure id=\"attachment_3785\" aria-describedby=\"caption-attachment-3785\" style=\"width: 750px\" class=\"wp-caption aligncenter\"><a href=\"http:\/\/www.polisrecreio.com.br\/site\/wp-content\/uploads\/2017\/01\/DSCN3774.jpg\"><img loading=\"lazy\" class=\"wp-image-3785 size-full\" src=\"http:\/\/www.polisrecreio.com.br\/site\/wp-content\/uploads\/2017\/01\/DSCN3774.jpg\" alt=\"dscn3774\" width=\"750\" height=\"563\" srcset=\"https:\/\/www.polisrecreio.com.br\/site\/wp-content\/uploads\/2017\/01\/DSCN3774.jpg 750w, https:\/\/www.polisrecreio.com.br\/site\/wp-content\/uploads\/2017\/01\/DSCN3774-300x225.jpg 300w\" sizes=\"(max-width: 750px) 100vw, 750px\" \/><\/a><figcaption id=\"caption-attachment-3785\" class=\"wp-caption-text\">Prefeito e a primeira dama, Patr\u00edcia.<\/figcaption><\/figure>\n<p><strong>Prefeito e equipe j\u00e1 come\u00e7aram a trabalhar<\/strong><\/p>\n<p style=\"text-align: justify;\">Na manh\u00e3 desta segunda-feira (2), o prefeito Z\u00e9 Maria ao lado do vice Jo\u00e3o D\u00f3lar e sua equipe administrativa j\u00e1 come\u00e7aram os trabalhos no Munic\u00edpio, com visita de vistorias e levantamento da real situa\u00e7\u00e3o dos bens patrimoniais da Prefeitura de Recreio.<\/p>\n<p style=\"text-align: justify;\">Antes de ir \u00e0 campo, no gabinete do executivo municipal, todos deram as m\u00e3os e rezaram um \u201cPai Nosso\u201d num ato de pedir prote\u00e7\u00e3o para o enfrentamento dos futuros problemas que vir\u00e3o.<\/p>\n<figure id=\"attachment_3786\" aria-describedby=\"caption-attachment-3786\" style=\"width: 750px\" class=\"wp-caption aligncenter\"><a href=\"http:\/\/www.polisrecreio.com.br\/site\/wp-content\/uploads\/2017\/01\/DSCN3777.jpg\"><img loading=\"lazy\" class=\"wp-image-3786 size-full\" src=\"http:\/\/www.polisrecreio.com.br\/site\/wp-content\/uploads\/2017\/01\/DSCN3777.jpg\" alt=\"dscn3777\" width=\"750\" height=\"563\" srcset=\"https:\/\/www.polisrecreio.com.br\/site\/wp-content\/uploads\/2017\/01\/DSCN3777.jpg 750w, https:\/\/www.polisrecreio.com.br\/site\/wp-content\/uploads\/2017\/01\/DSCN3777-300x225.jpg 300w\" sizes=\"(max-width: 750px) 100vw, 750px\" \/><\/a><figcaption id=\"caption-attachment-3786\" class=\"wp-caption-text\">Primeiro dia de trabalho.<\/figcaption><\/figure>\n<figure id=\"attachment_3787\" aria-describedby=\"caption-attachment-3787\" style=\"width: 750px\" class=\"wp-caption aligncenter\"><a href=\"http:\/\/www.polisrecreio.com.br\/site\/wp-content\/uploads\/2017\/01\/DSCN3780.jpg\"><img loading=\"lazy\" class=\"wp-image-3787 size-full\" src=\"http:\/\/www.polisrecreio.com.br\/site\/wp-content\/uploads\/2017\/01\/DSCN3780.jpg\" alt=\"dscn3780\" width=\"750\" height=\"508\" srcset=\"https:\/\/www.polisrecreio.com.br\/site\/wp-content\/uploads\/2017\/01\/DSCN3780.jpg 750w, https:\/\/www.polisrecreio.com.br\/site\/wp-content\/uploads\/2017\/01\/DSCN3780-300x203.jpg 300w\" sizes=\"(max-width: 750px) 100vw, 750px\" \/><\/a><figcaption id=\"caption-attachment-3787\" class=\"wp-caption-text\">Z\u00e9 Maria Barros, no gabinete do prefeito.<\/figcaption><\/figure>\n<p style=\"text-align: justify;\">\n","protected":false},"excerpt":{"rendered":"<p>O novo prefeito de Recreio, Z\u00e9 Maria Barros, o vice Jo\u00e3o D\u00f3lar, e os nove vereadores que comp\u00f5em o legislativo municipal foram empossados em seus respectivos cargos ao final da tarde do domingo, 1\u00ba de janeiro de 2017, em solenidade no Social Country Clube, com presen\u00e7a de um grande p\u00fablico. Em seu primeiro discurso oficial, [&hellip;]<\/p>\n","protected":false},"author":3,"featured_media":3775,"comment_status":"open","ping_status":"open","sticky":false,"template":"","format":"standard","meta":[],"categories":[6],"tags":[],"yoast_head":"<!-- This site is optimized with the Yoast SEO plugin v15.6.2 - https:\/\/yoast.com\/wordpress\/plugins\/seo\/ -->\n<meta name=\"robots\" content=\"index, follow, max-snippet:-1, max-image-preview:large, max-video-preview:-1\" \/>\n<link rel=\"canonical\" href=\"http:\/\/www.polisrecreio.com.br\/site\/2017\/01\/02\/ze-maria-barros-toma-posse-e-avisa-que-o-recreiense-voltara-a-ter-orgulho-de-ser-recreiense\/\" \/>\n<meta property=\"og:locale\" content=\"pt_BR\" \/>\n<meta property=\"og:type\" content=\"article\" \/>\n<meta property=\"og:title\" content=\"Z\u00e9 Maria Barros toma posse e avisa que o \u201crecreiense voltar\u00e1 a ter orgulho de ser recreiense\u201d - P\u00f3lis Recreio\" \/>\n<meta property=\"og:description\" content=\"O novo prefeito de Recreio, Z\u00e9 Maria Barros, o vice Jo\u00e3o D\u00f3lar, e os nove vereadores que comp\u00f5em o legislativo municipal foram empossados em seus respectivos cargos ao final da tarde do domingo, 1\u00ba de janeiro de 2017, em solenidade no Social Country Clube, com presen\u00e7a de um grande p\u00fablico. Em seu primeiro discurso oficial, [&hellip;]\" \/>\n<meta property=\"og:url\" content=\"http:\/\/www.polisrecreio.com.br\/site\/2017\/01\/02\/ze-maria-barros-toma-posse-e-avisa-que-o-recreiense-voltara-a-ter-orgulho-de-ser-recreiense\/\" \/>\n<meta property=\"og:site_name\" content=\"P\u00f3lis Recreio\" \/>\n<meta property=\"article:publisher\" content=\"https:\/\/www.facebook.com\/Site-P%c3%b3lis-Recreio-MG-181941708571019\/\" \/>\n<meta property=\"article:published_time\" content=\"2017-01-02T14:07:45+00:00\" \/>\n<meta property=\"og:image\" content=\"https:\/\/www.polisrecreio.com.br\/site\/wp-content\/uploads\/2017\/01\/DSCN3719.jpg\" \/>\n\t<meta property=\"og:image:width\" content=\"750\" \/>\n\t<meta property=\"og:image:height\" content=\"563\" \/>\n<meta name=\"twitter:card\" content=\"summary_large_image\" \/>\n<meta name=\"twitter:creator\" content=\"@PolisRecreio\" \/>\n<meta name=\"twitter:site\" content=\"@PolisRecreio\" \/>\n<meta name=\"twitter:label1\" content=\"Est. reading time\">\n\t<meta name=\"twitter:data1\" content=\"5 minutos\">\n<script type=\"application\/ld+json\" class=\"yoast-schema-graph\">{\"@context\":\"https:\/\/schema.org\",\"@graph\":[{\"@type\":\"WebSite\",\"@id\":\"https:\/\/www.polisrecreio.com.br\/site\/#website\",\"url\":\"https:\/\/www.polisrecreio.com.br\/site\/\",\"name\":\"P\\u00f3lis Recreio\",\"description\":\"\",\"potentialAction\":[{\"@type\":\"SearchAction\",\"target\":\"https:\/\/www.polisrecreio.com.br\/site\/?s={search_term_string}\",\"query-input\":\"required name=search_term_string\"}],\"inLanguage\":\"pt-BR\"},{\"@type\":\"ImageObject\",\"@id\":\"http:\/\/www.polisrecreio.com.br\/site\/2017\/01\/02\/ze-maria-barros-toma-posse-e-avisa-que-o-recreiense-voltara-a-ter-orgulho-de-ser-recreiense\/#primaryimage\",\"inLanguage\":\"pt-BR\",\"url\":\"https:\/\/www.polisrecreio.com.br\/site\/wp-content\/uploads\/2017\/01\/DSCN3719.jpg\",\"width\":750,\"height\":563},{\"@type\":\"WebPage\",\"@id\":\"http:\/\/www.polisrecreio.com.br\/site\/2017\/01\/02\/ze-maria-barros-toma-posse-e-avisa-que-o-recreiense-voltara-a-ter-orgulho-de-ser-recreiense\/#webpage\",\"url\":\"http:\/\/www.polisrecreio.com.br\/site\/2017\/01\/02\/ze-maria-barros-toma-posse-e-avisa-que-o-recreiense-voltara-a-ter-orgulho-de-ser-recreiense\/\",\"name\":\"Z\\u00e9 Maria Barros toma posse e avisa que o \\u201crecreiense voltar\\u00e1 a ter orgulho de ser recreiense\\u201d - P\\u00f3lis Recreio\",\"isPartOf\":{\"@id\":\"https:\/\/www.polisrecreio.com.br\/site\/#website\"},\"primaryImageOfPage\":{\"@id\":\"http:\/\/www.polisrecreio.com.br\/site\/2017\/01\/02\/ze-maria-barros-toma-posse-e-avisa-que-o-recreiense-voltara-a-ter-orgulho-de-ser-recreiense\/#primaryimage\"},\"datePublished\":\"2017-01-02T14:07:45+00:00\",\"dateModified\":\"2017-01-02T14:07:45+00:00\",\"author\":{\"@id\":\"https:\/\/www.polisrecreio.com.br\/site\/#\/schema\/person\/3363c1c78e1e28e1329d97adb387638e\"},\"inLanguage\":\"pt-BR\",\"potentialAction\":[{\"@type\":\"ReadAction\",\"target\":[\"http:\/\/www.polisrecreio.com.br\/site\/2017\/01\/02\/ze-maria-barros-toma-posse-e-avisa-que-o-recreiense-voltara-a-ter-orgulho-de-ser-recreiense\/\"]}]},{\"@type\":\"Person\",\"@id\":\"https:\/\/www.polisrecreio.com.br\/site\/#\/schema\/person\/3363c1c78e1e28e1329d97adb387638e\",\"name\":\"Leonardo Ribeiro\",\"image\":{\"@type\":\"ImageObject\",\"@id\":\"https:\/\/www.polisrecreio.com.br\/site\/#personlogo\",\"inLanguage\":\"pt-BR\",\"url\":\"https:\/\/secure.gravatar.com\/avatar\/6ba92a37d621e1a83e23710251178a12?s=96&d=mm&r=g\",\"caption\":\"Leonardo Ribeiro\"},\"sameAs\":[\"http:\/\/www.polisrecreio.com.br\"]}]}<\/script>\n<!-- \/ Yoast SEO plugin. -->","_links":{"self":[{"href":"https:\/\/www.polisrecreio.com.br\/site\/wp-json\/wp\/v2\/posts\/3769"}],"collection":[{"href":"https:\/\/www.polisrecreio.com.br\/site\/wp-json\/wp\/v2\/posts"}],"about":[{"href":"https:\/\/www.polisrecreio.com.br\/site\/wp-json\/wp\/v2\/types\/post"}],"author":[{"embeddable":true,"href":"https:\/\/www.polisrecreio.com.br\/site\/wp-json\/wp\/v2\/users\/3"}],"replies":[{"embeddable":true,"href":"https:\/\/www.polisrecreio.com.br\/site\/wp-json\/wp\/v2\/comments?post=3769"}],"version-history":[{"count":2,"href":"https:\/\/www.polisrecreio.com.br\/site\/wp-json\/wp\/v2\/posts\/3769\/revisions"}],"predecessor-version":[{"id":3789,"href":"https:\/\/www.polisrecreio.com.br\/site\/wp-json\/wp\/v2\/posts\/3769\/revisions\/3789"}],"wp:featuredmedia":[{"embeddable":true,"href":"https:\/\/www.polisrecreio.com.br\/site\/wp-json\/wp\/v2\/media\/3775"}],"wp:attachment":[{"href":"https:\/\/www.polisrecreio.com.br\/site\/wp-json\/wp\/v2\/media?parent=3769"}],"wp:term":[{"taxonomy":"category","embeddable":true,"href":"https:\/\/www.polisrecreio.com.br\/site\/wp-json\/wp\/v2\/categories?post=3769"},{"taxonomy":"post_tag","embeddable":true,"href":"https:\/\/www.polisrecreio.com.br\/site\/wp-json\/wp\/v2\/tags?post=3769"}],"curies":[{"name":"wp","href":"https:\/\/api.w.org\/{rel}","templated":true}]}}