{"id":3790,"date":"2017-01-02T20:53:23","date_gmt":"2017-01-02T23:53:23","guid":{"rendered":"http:\/\/www.polisrecreio.com.br\/site\/?p=3790"},"modified":"2017-01-02T20:55:28","modified_gmt":"2017-01-02T23:55:28","slug":"e-e-pres-carlos-luz-de-conceicao-da-boa-vista-passara-por-reformas","status":"publish","type":"post","link":"https:\/\/www.polisrecreio.com.br\/site\/2017\/01\/02\/e-e-pres-carlos-luz-de-conceicao-da-boa-vista-passara-por-reformas\/","title":{"rendered":"E.E Pres. Carlos Luz, de Concei\u00e7\u00e3o da Boa Vista, passar\u00e1 por reformas"},"content":{"rendered":"<p style=\"text-align: justify;\">O diretor V\u00edtor Lemos do Bem, da E.E Presidente Carlos Luz, localizada no distrito de Concei\u00e7\u00e3o da Boa Vista, divulgou a not\u00edcia na manh\u00e3 desta segunda-feira (2) que o Governo Estadual autorizou a planilha de servi\u00e7os para reforma e amplia\u00e7\u00e3o do pr\u00e9dio escolar para, enfim, iniciar a t\u00e3o sonhada obra durante este ano de 2017.<\/p>\n<p style=\"text-align: justify;\"><!--more--><\/p>\n<figure id=\"attachment_1291\" aria-describedby=\"caption-attachment-1291\" style=\"width: 960px\" class=\"wp-caption aligncenter\"><a href=\"http:\/\/www.polisrecreio.com.br\/site\/wp-content\/uploads\/2016\/03\/12509652_1705675386312841_5785793850072874069_n.jpg\"><img loading=\"lazy\" class=\"wp-image-1291 size-full\" src=\"http:\/\/www.polisrecreio.com.br\/site\/wp-content\/uploads\/2016\/03\/12509652_1705675386312841_5785793850072874069_n.jpg\" alt=\"12509652_1705675386312841_5785793850072874069_n\" width=\"960\" height=\"539\" srcset=\"https:\/\/www.polisrecreio.com.br\/site\/wp-content\/uploads\/2016\/03\/12509652_1705675386312841_5785793850072874069_n.jpg 960w, https:\/\/www.polisrecreio.com.br\/site\/wp-content\/uploads\/2016\/03\/12509652_1705675386312841_5785793850072874069_n-300x168.jpg 300w\" sizes=\"(max-width: 960px) 100vw, 960px\" \/><\/a><figcaption id=\"caption-attachment-1291\" class=\"wp-caption-text\">E.E Presidente Carlos Luz.<\/figcaption><\/figure>\n<p style=\"text-align: justify;\">De acordo com informa\u00e7\u00f5es do diretor, \u201cdepois de autorizada a planilha de servi\u00e7os, o pr\u00f3ximo passo ser\u00e1 a realiza\u00e7\u00e3o do processo licitat\u00f3rio para contrata\u00e7\u00e3o da empresa especializada. A reforma ir\u00e1 adequar a cozinha da escola, a sala dos professores e de supervisores, al\u00e9m de respeitar as leis de acessibilidade, dentre outras melhorias no pr\u00e9dio\u201d, completou.<\/p>\n<p style=\"text-align: justify;\"><a href=\"http:\/\/www.polisrecreio.com.br\/site\/wp-content\/uploads\/2017\/01\/12109192_10207977748061991_8479436078848936141_n.jpg\"><img loading=\"lazy\" class=\"alignleft wp-image-3791 size-medium\" src=\"http:\/\/www.polisrecreio.com.br\/site\/wp-content\/uploads\/2017\/01\/12109192_10207977748061991_8479436078848936141_n-300x235.jpg\" alt=\"12109192_10207977748061991_8479436078848936141_n\" width=\"300\" height=\"235\" srcset=\"https:\/\/www.polisrecreio.com.br\/site\/wp-content\/uploads\/2017\/01\/12109192_10207977748061991_8479436078848936141_n-300x235.jpg 300w, https:\/\/www.polisrecreio.com.br\/site\/wp-content\/uploads\/2017\/01\/12109192_10207977748061991_8479436078848936141_n.jpg 530w\" sizes=\"(max-width: 300px) 100vw, 300px\" \/><\/a>O valor dos investimentos na Escola de Concei\u00e7\u00e3o da Boa Vista ser\u00e3o de R$ 250 mil e segundo V\u00edtor do Bem (foto), \u201ceste recurso foi indicado pelo deputado estadual Lafayette Andrada (PSD). Estamos tamb\u00e9m em processo de montagem da licita\u00e7\u00e3o para aquisi\u00e7\u00e3o de mobili\u00e1rios, no valor de R$ 12 mil, atrav\u00e9s de emenda parlamentar do deputado estadual Wilson Batista (PSD), em ambos os recursos os deputados acataram os pedidos do prefeito Z\u00e9 Maria Barros e da secret\u00e1ria de educa\u00e7\u00e3o e cultura, Zez\u00e9, ao lado da gestora de cultura, Daniela\u201d, concluiu.<\/p>\n<p><strong>Escolas Estaduais est\u00e3o com matr\u00edculas abertas<\/strong><\/p>\n<p style=\"text-align: justify;\">As Escolas Estaduais de Recreio, a E.E Presidente Carlos Luz e a E.E Olavo Bilac, est\u00e3o com matr\u00edculas abertas para o ano letivo de 2017.<\/p>\n<p style=\"text-align: justify;\">No Olavo Bilac est\u00e3o sendo ofertadas as seguintes modalidades: Ensino Fundamental apenas o 9\u00b0ano (manh\u00e3); Ensino M\u00e9dio, 1\u00b0ano, 2\u00b0ano e 3\u00b0 ano (manh\u00e3 e tarde); EJA fundamental, com 7\u00b0 ano e o 9\u00b0 ano (noite), idade m\u00ednima de 15 anos e o EJA Ensino m\u00e9dio (noite), com 1\u00b0 ano e 3\u00b0 ano, sendo idade m\u00ednima de 18 anos.<\/p>\n<p style=\"text-align: justify;\">No Carlos Luz h\u00e1 vagas para: Ensino Fundamental \u2013 fase inicial, 1\u00ba ao 5\u00ba ano (manh\u00e3); Ensino Fundamental \u2013 fase final, 6\u00ba ao 9\u00ba ano; Educa\u00e7\u00e3o em Tempo Integral; e para Sala de Recursos de Atendimento Educacional Especializado.<\/p>\n<p style=\"text-align: justify;\">As matr\u00edculas est\u00e3o sendo de 7h \u00e0s 12h, \u00e9 necess\u00e1rio levar declara\u00e7\u00e3o e hist\u00f3rico escolar, comprovante de resid\u00eancia, documentos pessoais (RG, CPF, certid\u00e3o de nascimento) do pai\/m\u00e3e\/respons\u00e1vel e do aluno.<\/p>\n","protected":false},"excerpt":{"rendered":"<p>O diretor V\u00edtor Lemos do Bem, da E.E Presidente Carlos Luz, localizada no distrito de Concei\u00e7\u00e3o da Boa Vista, divulgou a not\u00edcia na manh\u00e3 desta segunda-feira (2) que o Governo Estadual autorizou a planilha de servi\u00e7os para reforma e amplia\u00e7\u00e3o do pr\u00e9dio escolar para, enfim, iniciar a t\u00e3o sonhada obra durante este ano de 2017.<\/p>\n","protected":false},"author":3,"featured_media":1446,"comment_status":"open","ping_status":"open","sticky":false,"template":"","format":"standard","meta":[],"categories":[9],"tags":[],"yoast_head":"<!-- This site is optimized with the Yoast SEO plugin v15.6.2 - https:\/\/yoast.com\/wordpress\/plugins\/seo\/ -->\n<meta name=\"robots\" content=\"index, follow, max-snippet:-1, max-image-preview:large, max-video-preview:-1\" \/>\n<link rel=\"canonical\" href=\"http:\/\/www.polisrecreio.com.br\/site\/2017\/01\/02\/e-e-pres-carlos-luz-de-conceicao-da-boa-vista-passara-por-reformas\/\" \/>\n<meta property=\"og:locale\" content=\"pt_BR\" \/>\n<meta property=\"og:type\" content=\"article\" \/>\n<meta property=\"og:title\" content=\"E.E Pres. Carlos Luz, de Concei\u00e7\u00e3o da Boa Vista, passar\u00e1 por reformas - P\u00f3lis Recreio\" \/>\n<meta property=\"og:description\" content=\"O diretor V\u00edtor Lemos do Bem, da E.E Presidente Carlos Luz, localizada no distrito de Concei\u00e7\u00e3o da Boa Vista, divulgou a not\u00edcia na manh\u00e3 desta segunda-feira (2) que o Governo Estadual autorizou a planilha de servi\u00e7os para reforma e amplia\u00e7\u00e3o do pr\u00e9dio escolar para, enfim, iniciar a t\u00e3o sonhada obra durante este ano de 2017.\" \/>\n<meta property=\"og:url\" content=\"http:\/\/www.polisrecreio.com.br\/site\/2017\/01\/02\/e-e-pres-carlos-luz-de-conceicao-da-boa-vista-passara-por-reformas\/\" \/>\n<meta property=\"og:site_name\" content=\"P\u00f3lis Recreio\" \/>\n<meta property=\"article:publisher\" content=\"https:\/\/www.facebook.com\/Site-P%c3%b3lis-Recreio-MG-181941708571019\/\" \/>\n<meta property=\"article:published_time\" content=\"2017-01-02T23:53:23+00:00\" \/>\n<meta property=\"article:modified_time\" content=\"2017-01-02T23:55:28+00:00\" \/>\n<meta property=\"og:image\" content=\"https:\/\/www.polisrecreio.com.br\/site\/wp-content\/uploads\/2016\/03\/IMG-20160109-WA0003-e1459454675798.jpg\" \/>\n\t<meta property=\"og:image:width\" content=\"800\" \/>\n\t<meta property=\"og:image:height\" content=\"449\" \/>\n<meta name=\"twitter:card\" content=\"summary_large_image\" \/>\n<meta name=\"twitter:creator\" content=\"@PolisRecreio\" \/>\n<meta name=\"twitter:site\" content=\"@PolisRecreio\" \/>\n<meta name=\"twitter:label1\" content=\"Est. reading time\">\n\t<meta name=\"twitter:data1\" content=\"2 minutos\">\n<script type=\"application\/ld+json\" class=\"yoast-schema-graph\">{\"@context\":\"https:\/\/schema.org\",\"@graph\":[{\"@type\":\"WebSite\",\"@id\":\"https:\/\/www.polisrecreio.com.br\/site\/#website\",\"url\":\"https:\/\/www.polisrecreio.com.br\/site\/\",\"name\":\"P\\u00f3lis Recreio\",\"description\":\"\",\"potentialAction\":[{\"@type\":\"SearchAction\",\"target\":\"https:\/\/www.polisrecreio.com.br\/site\/?s={search_term_string}\",\"query-input\":\"required name=search_term_string\"}],\"inLanguage\":\"pt-BR\"},{\"@type\":\"ImageObject\",\"@id\":\"http:\/\/www.polisrecreio.com.br\/site\/2017\/01\/02\/e-e-pres-carlos-luz-de-conceicao-da-boa-vista-passara-por-reformas\/#primaryimage\",\"inLanguage\":\"pt-BR\",\"url\":\"https:\/\/www.polisrecreio.com.br\/site\/wp-content\/uploads\/2016\/03\/IMG-20160109-WA0003-e1459454675798.jpg\",\"width\":800,\"height\":449},{\"@type\":\"WebPage\",\"@id\":\"http:\/\/www.polisrecreio.com.br\/site\/2017\/01\/02\/e-e-pres-carlos-luz-de-conceicao-da-boa-vista-passara-por-reformas\/#webpage\",\"url\":\"http:\/\/www.polisrecreio.com.br\/site\/2017\/01\/02\/e-e-pres-carlos-luz-de-conceicao-da-boa-vista-passara-por-reformas\/\",\"name\":\"E.E Pres. Carlos Luz, de Concei\\u00e7\\u00e3o da Boa Vista, passar\\u00e1 por reformas - P\\u00f3lis Recreio\",\"isPartOf\":{\"@id\":\"https:\/\/www.polisrecreio.com.br\/site\/#website\"},\"primaryImageOfPage\":{\"@id\":\"http:\/\/www.polisrecreio.com.br\/site\/2017\/01\/02\/e-e-pres-carlos-luz-de-conceicao-da-boa-vista-passara-por-reformas\/#primaryimage\"},\"datePublished\":\"2017-01-02T23:53:23+00:00\",\"dateModified\":\"2017-01-02T23:55:28+00:00\",\"author\":{\"@id\":\"https:\/\/www.polisrecreio.com.br\/site\/#\/schema\/person\/3363c1c78e1e28e1329d97adb387638e\"},\"inLanguage\":\"pt-BR\",\"potentialAction\":[{\"@type\":\"ReadAction\",\"target\":[\"http:\/\/www.polisrecreio.com.br\/site\/2017\/01\/02\/e-e-pres-carlos-luz-de-conceicao-da-boa-vista-passara-por-reformas\/\"]}]},{\"@type\":\"Person\",\"@id\":\"https:\/\/www.polisrecreio.com.br\/site\/#\/schema\/person\/3363c1c78e1e28e1329d97adb387638e\",\"name\":\"Leonardo Ribeiro\",\"image\":{\"@type\":\"ImageObject\",\"@id\":\"https:\/\/www.polisrecreio.com.br\/site\/#personlogo\",\"inLanguage\":\"pt-BR\",\"url\":\"https:\/\/secure.gravatar.com\/avatar\/6ba92a37d621e1a83e23710251178a12?s=96&d=mm&r=g\",\"caption\":\"Leonardo Ribeiro\"},\"sameAs\":[\"http:\/\/www.polisrecreio.com.br\"]}]}<\/script>\n<!-- \/ Yoast SEO plugin. -->","_links":{"self":[{"href":"https:\/\/www.polisrecreio.com.br\/site\/wp-json\/wp\/v2\/posts\/3790"}],"collection":[{"href":"https:\/\/www.polisrecreio.com.br\/site\/wp-json\/wp\/v2\/posts"}],"about":[{"href":"https:\/\/www.polisrecreio.com.br\/site\/wp-json\/wp\/v2\/types\/post"}],"author":[{"embeddable":true,"href":"https:\/\/www.polisrecreio.com.br\/site\/wp-json\/wp\/v2\/users\/3"}],"replies":[{"embeddable":true,"href":"https:\/\/www.polisrecreio.com.br\/site\/wp-json\/wp\/v2\/comments?post=3790"}],"version-history":[{"count":2,"href":"https:\/\/www.polisrecreio.com.br\/site\/wp-json\/wp\/v2\/posts\/3790\/revisions"}],"predecessor-version":[{"id":3793,"href":"https:\/\/www.polisrecreio.com.br\/site\/wp-json\/wp\/v2\/posts\/3790\/revisions\/3793"}],"wp:featuredmedia":[{"embeddable":true,"href":"https:\/\/www.polisrecreio.com.br\/site\/wp-json\/wp\/v2\/media\/1446"}],"wp:attachment":[{"href":"https:\/\/www.polisrecreio.com.br\/site\/wp-json\/wp\/v2\/media?parent=3790"}],"wp:term":[{"taxonomy":"category","embeddable":true,"href":"https:\/\/www.polisrecreio.com.br\/site\/wp-json\/wp\/v2\/categories?post=3790"},{"taxonomy":"post_tag","embeddable":true,"href":"https:\/\/www.polisrecreio.com.br\/site\/wp-json\/wp\/v2\/tags?post=3790"}],"curies":[{"name":"wp","href":"https:\/\/api.w.org\/{rel}","templated":true}]}}