{"id":3794,"date":"2017-01-03T12:01:54","date_gmt":"2017-01-03T15:01:54","guid":{"rendered":"http:\/\/www.polisrecreio.com.br\/site\/?p=3794"},"modified":"2017-01-03T12:01:54","modified_gmt":"2017-01-03T15:01:54","slug":"professor-da-ufmg-vem-a-recreio-palestrar-sobre-doenca-que-esta-matando-gado-leiteiro","status":"publish","type":"post","link":"https:\/\/www.polisrecreio.com.br\/site\/2017\/01\/03\/professor-da-ufmg-vem-a-recreio-palestrar-sobre-doenca-que-esta-matando-gado-leiteiro\/","title":{"rendered":"Professor da UFMG vem a Recreio palestrar sobre doen\u00e7a que est\u00e1 matando gado leiteiro"},"content":{"rendered":"<p style=\"text-align: justify;\">O professor da cl\u00ednica de ruminantes da Universidade Federal de Minas Gerais, Rodrigo de Melo Meneses, atrav\u00e9s da Prefeitura Municipal vem a Recreio na pr\u00f3xima ter\u00e7a-feira (10), para palestrar sobre uma doen\u00e7a que est\u00e1 matando rebanhos de gado leiteiro e causando preju\u00edzos para pecuaristas.<\/p>\n<p style=\"text-align: justify;\"><!--more--><\/p>\n<p style=\"text-align: justify;\"><a href=\"http:\/\/www.polisrecreio.com.br\/site\/wp-content\/uploads\/2017\/01\/maxresdefault.jpg\"><img loading=\"lazy\" class=\"aligncenter size-full wp-image-3796\" src=\"http:\/\/www.polisrecreio.com.br\/site\/wp-content\/uploads\/2017\/01\/maxresdefault.jpg\" alt=\"maxresdefault\" width=\"750\" height=\"411\" srcset=\"https:\/\/www.polisrecreio.com.br\/site\/wp-content\/uploads\/2017\/01\/maxresdefault.jpg 750w, https:\/\/www.polisrecreio.com.br\/site\/wp-content\/uploads\/2017\/01\/maxresdefault-300x164.jpg 300w\" sizes=\"(max-width: 750px) 100vw, 750px\" \/><\/a><\/p>\n<p style=\"text-align: justify;\">A doen\u00e7a, tema da palestra do professor Rodrigo Meneses, \u00e9 denominada \u201ctripanossomose bovina\u201d transmitida pelo protozo\u00e1rio <em>Tripanosoma vivax. <\/em>Segundo informa\u00e7\u00f5es obtidas pelo Site P\u00f3lis os bovinos acometidos pela doen\u00e7a apresentam falta de apetite, febre, emagrecimento, anemia, hemorragias generalizadas, muitos morrem em menos de uma semana, outros sintomas como aborto, redu\u00e7\u00e3o na produ\u00e7\u00e3o de leite e cegueira, tamb\u00e9m podem ser observados. A doen\u00e7a pode ser transmitida por insetos hemat\u00f3fagos, como moscas dos est\u00e1bulos ou pelo uso da mesma agulha para v\u00e1rios animais em per\u00edodos de vacina\u00e7\u00e3o, sem passar pelo processo de esteriliza\u00e7\u00e3o.<\/p>\n<p style=\"text-align: justify;\">Em Recreio e em cidades da regi\u00e3o v\u00e1rias not\u00edcias de mortes de animais com os sintomas da tripanossomose j\u00e1 foram ouvidas pela dire\u00e7\u00e3o do P\u00f3lis, em conversas informais com produtores rurais.<\/p>\n<p style=\"text-align: justify;\">A palestra do professor da UFMG acontecer\u00e1 no Centro Cultural Aristides Dorigo, na antiga Esta\u00e7\u00e3o Ferrovi\u00e1ria, \u00e0s 19h. A entrada \u00e9 franca.<\/p>\n<figure id=\"attachment_3795\" aria-describedby=\"caption-attachment-3795\" style=\"width: 960px\" class=\"wp-caption aligncenter\"><a href=\"http:\/\/www.polisrecreio.com.br\/site\/wp-content\/uploads\/2017\/01\/317021_365087646931426_535455511_n.jpg\"><img loading=\"lazy\" class=\"wp-image-3795 size-full\" src=\"http:\/\/www.polisrecreio.com.br\/site\/wp-content\/uploads\/2017\/01\/317021_365087646931426_535455511_n.jpg\" alt=\"317021_365087646931426_535455511_n\" width=\"960\" height=\"720\" srcset=\"https:\/\/www.polisrecreio.com.br\/site\/wp-content\/uploads\/2017\/01\/317021_365087646931426_535455511_n.jpg 960w, https:\/\/www.polisrecreio.com.br\/site\/wp-content\/uploads\/2017\/01\/317021_365087646931426_535455511_n-300x225.jpg 300w\" sizes=\"(max-width: 960px) 100vw, 960px\" \/><\/a><figcaption id=\"caption-attachment-3795\" class=\"wp-caption-text\">Professor Rodrigo Meneses.<\/figcaption><\/figure>\n","protected":false},"excerpt":{"rendered":"<p>O professor da cl\u00ednica de ruminantes da Universidade Federal de Minas Gerais, Rodrigo de Melo Meneses, atrav\u00e9s da Prefeitura Municipal vem a Recreio na pr\u00f3xima ter\u00e7a-feira (10), para palestrar sobre uma doen\u00e7a que est\u00e1 matando rebanhos de gado leiteiro e causando preju\u00edzos para pecuaristas.<\/p>\n","protected":false},"author":3,"featured_media":3795,"comment_status":"open","ping_status":"open","sticky":false,"template":"","format":"standard","meta":[],"categories":[14],"tags":[],"yoast_head":"<!-- This site is optimized with the Yoast SEO plugin v15.6.2 - https:\/\/yoast.com\/wordpress\/plugins\/seo\/ -->\n<meta name=\"robots\" content=\"index, follow, max-snippet:-1, max-image-preview:large, max-video-preview:-1\" \/>\n<link rel=\"canonical\" href=\"http:\/\/www.polisrecreio.com.br\/site\/2017\/01\/03\/professor-da-ufmg-vem-a-recreio-palestrar-sobre-doenca-que-esta-matando-gado-leiteiro\/\" \/>\n<meta property=\"og:locale\" content=\"pt_BR\" \/>\n<meta property=\"og:type\" content=\"article\" \/>\n<meta property=\"og:title\" content=\"Professor da UFMG vem a Recreio palestrar sobre doen\u00e7a que est\u00e1 matando gado leiteiro - P\u00f3lis Recreio\" \/>\n<meta property=\"og:description\" content=\"O professor da cl\u00ednica de ruminantes da Universidade Federal de Minas Gerais, Rodrigo de Melo Meneses, atrav\u00e9s da Prefeitura Municipal vem a Recreio na pr\u00f3xima ter\u00e7a-feira (10), para palestrar sobre uma doen\u00e7a que est\u00e1 matando rebanhos de gado leiteiro e causando preju\u00edzos para pecuaristas.\" \/>\n<meta property=\"og:url\" content=\"http:\/\/www.polisrecreio.com.br\/site\/2017\/01\/03\/professor-da-ufmg-vem-a-recreio-palestrar-sobre-doenca-que-esta-matando-gado-leiteiro\/\" \/>\n<meta property=\"og:site_name\" content=\"P\u00f3lis Recreio\" \/>\n<meta property=\"article:publisher\" content=\"https:\/\/www.facebook.com\/Site-P%c3%b3lis-Recreio-MG-181941708571019\/\" \/>\n<meta property=\"article:published_time\" content=\"2017-01-03T15:01:54+00:00\" \/>\n<meta property=\"og:image\" content=\"https:\/\/www.polisrecreio.com.br\/site\/wp-content\/uploads\/2017\/01\/317021_365087646931426_535455511_n.jpg\" \/>\n\t<meta property=\"og:image:width\" content=\"960\" \/>\n\t<meta property=\"og:image:height\" content=\"720\" \/>\n<meta name=\"twitter:card\" content=\"summary_large_image\" \/>\n<meta name=\"twitter:creator\" content=\"@PolisRecreio\" \/>\n<meta name=\"twitter:site\" content=\"@PolisRecreio\" \/>\n<meta name=\"twitter:label1\" content=\"Est. reading time\">\n\t<meta name=\"twitter:data1\" content=\"1 minuto\">\n<script type=\"application\/ld+json\" class=\"yoast-schema-graph\">{\"@context\":\"https:\/\/schema.org\",\"@graph\":[{\"@type\":\"WebSite\",\"@id\":\"https:\/\/www.polisrecreio.com.br\/site\/#website\",\"url\":\"https:\/\/www.polisrecreio.com.br\/site\/\",\"name\":\"P\\u00f3lis Recreio\",\"description\":\"\",\"potentialAction\":[{\"@type\":\"SearchAction\",\"target\":\"https:\/\/www.polisrecreio.com.br\/site\/?s={search_term_string}\",\"query-input\":\"required name=search_term_string\"}],\"inLanguage\":\"pt-BR\"},{\"@type\":\"ImageObject\",\"@id\":\"http:\/\/www.polisrecreio.com.br\/site\/2017\/01\/03\/professor-da-ufmg-vem-a-recreio-palestrar-sobre-doenca-que-esta-matando-gado-leiteiro\/#primaryimage\",\"inLanguage\":\"pt-BR\",\"url\":\"https:\/\/www.polisrecreio.com.br\/site\/wp-content\/uploads\/2017\/01\/317021_365087646931426_535455511_n.jpg\",\"width\":960,\"height\":720},{\"@type\":\"WebPage\",\"@id\":\"http:\/\/www.polisrecreio.com.br\/site\/2017\/01\/03\/professor-da-ufmg-vem-a-recreio-palestrar-sobre-doenca-que-esta-matando-gado-leiteiro\/#webpage\",\"url\":\"http:\/\/www.polisrecreio.com.br\/site\/2017\/01\/03\/professor-da-ufmg-vem-a-recreio-palestrar-sobre-doenca-que-esta-matando-gado-leiteiro\/\",\"name\":\"Professor da UFMG vem a Recreio palestrar sobre doen\\u00e7a que est\\u00e1 matando gado leiteiro - P\\u00f3lis Recreio\",\"isPartOf\":{\"@id\":\"https:\/\/www.polisrecreio.com.br\/site\/#website\"},\"primaryImageOfPage\":{\"@id\":\"http:\/\/www.polisrecreio.com.br\/site\/2017\/01\/03\/professor-da-ufmg-vem-a-recreio-palestrar-sobre-doenca-que-esta-matando-gado-leiteiro\/#primaryimage\"},\"datePublished\":\"2017-01-03T15:01:54+00:00\",\"dateModified\":\"2017-01-03T15:01:54+00:00\",\"author\":{\"@id\":\"https:\/\/www.polisrecreio.com.br\/site\/#\/schema\/person\/3363c1c78e1e28e1329d97adb387638e\"},\"inLanguage\":\"pt-BR\",\"potentialAction\":[{\"@type\":\"ReadAction\",\"target\":[\"http:\/\/www.polisrecreio.com.br\/site\/2017\/01\/03\/professor-da-ufmg-vem-a-recreio-palestrar-sobre-doenca-que-esta-matando-gado-leiteiro\/\"]}]},{\"@type\":\"Person\",\"@id\":\"https:\/\/www.polisrecreio.com.br\/site\/#\/schema\/person\/3363c1c78e1e28e1329d97adb387638e\",\"name\":\"Leonardo Ribeiro\",\"image\":{\"@type\":\"ImageObject\",\"@id\":\"https:\/\/www.polisrecreio.com.br\/site\/#personlogo\",\"inLanguage\":\"pt-BR\",\"url\":\"https:\/\/secure.gravatar.com\/avatar\/6ba92a37d621e1a83e23710251178a12?s=96&d=mm&r=g\",\"caption\":\"Leonardo Ribeiro\"},\"sameAs\":[\"http:\/\/www.polisrecreio.com.br\"]}]}<\/script>\n<!-- \/ Yoast SEO plugin. -->","_links":{"self":[{"href":"https:\/\/www.polisrecreio.com.br\/site\/wp-json\/wp\/v2\/posts\/3794"}],"collection":[{"href":"https:\/\/www.polisrecreio.com.br\/site\/wp-json\/wp\/v2\/posts"}],"about":[{"href":"https:\/\/www.polisrecreio.com.br\/site\/wp-json\/wp\/v2\/types\/post"}],"author":[{"embeddable":true,"href":"https:\/\/www.polisrecreio.com.br\/site\/wp-json\/wp\/v2\/users\/3"}],"replies":[{"embeddable":true,"href":"https:\/\/www.polisrecreio.com.br\/site\/wp-json\/wp\/v2\/comments?post=3794"}],"version-history":[{"count":2,"href":"https:\/\/www.polisrecreio.com.br\/site\/wp-json\/wp\/v2\/posts\/3794\/revisions"}],"predecessor-version":[{"id":3798,"href":"https:\/\/www.polisrecreio.com.br\/site\/wp-json\/wp\/v2\/posts\/3794\/revisions\/3798"}],"wp:featuredmedia":[{"embeddable":true,"href":"https:\/\/www.polisrecreio.com.br\/site\/wp-json\/wp\/v2\/media\/3795"}],"wp:attachment":[{"href":"https:\/\/www.polisrecreio.com.br\/site\/wp-json\/wp\/v2\/media?parent=3794"}],"wp:term":[{"taxonomy":"category","embeddable":true,"href":"https:\/\/www.polisrecreio.com.br\/site\/wp-json\/wp\/v2\/categories?post=3794"},{"taxonomy":"post_tag","embeddable":true,"href":"https:\/\/www.polisrecreio.com.br\/site\/wp-json\/wp\/v2\/tags?post=3794"}],"curies":[{"name":"wp","href":"https:\/\/api.w.org\/{rel}","templated":true}]}}