{"id":3799,"date":"2017-01-03T17:50:58","date_gmt":"2017-01-03T20:50:58","guid":{"rendered":"http:\/\/www.polisrecreio.com.br\/site\/?p=3799"},"modified":"2017-01-03T17:54:03","modified_gmt":"2017-01-03T20:54:03","slug":"com-muito-trabalho-pela-frente-limpeza-urbana-comeca-em-recreio","status":"publish","type":"post","link":"https:\/\/www.polisrecreio.com.br\/site\/2017\/01\/03\/com-muito-trabalho-pela-frente-limpeza-urbana-comeca-em-recreio\/","title":{"rendered":"Com muito trabalho pela frente, limpeza urbana come\u00e7a em Recreio"},"content":{"rendered":"<p style=\"text-align: justify;\">Nos \u00faltimos meses de 2016 a cidade de Recreio foi praticamente abandonada, com entulhos por toda cidade, buracos abertos, lixos e muito mato nas ruas\u00a0e c\u00f3rregos abarrotados de sujeira.\u00a0Com tanto trabalho pela frente, a equipe do secret\u00e1rio municipal de obras, Juarez Ara\u00fajo, come\u00e7ou a limpeza urbana.<!--more--><\/p>\n<p style=\"text-align: justify;\"><a href=\"http:\/\/www.polisrecreio.com.br\/site\/wp-content\/uploads\/2017\/01\/11.jpg\"><img loading=\"lazy\" class=\"aligncenter size-full wp-image-3800\" src=\"http:\/\/www.polisrecreio.com.br\/site\/wp-content\/uploads\/2017\/01\/11.jpg\" alt=\"1\" width=\"750\" height=\"563\" srcset=\"https:\/\/www.polisrecreio.com.br\/site\/wp-content\/uploads\/2017\/01\/11.jpg 750w, https:\/\/www.polisrecreio.com.br\/site\/wp-content\/uploads\/2017\/01\/11-300x225.jpg 300w\" sizes=\"(max-width: 750px) 100vw, 750px\" \/><\/a><\/p>\n<p style=\"text-align: justify;\">De acordo com o secret\u00e1rio Juarez, \u201ca equipe come\u00e7ou atacando a Avenida, com capinas, recolhimento de entulhos e etc. Na sequ\u00eancia a turma vai descer para a \u00e1rea central comercial, depois estar\u00e3o limpando todo o trecho do cortejo da Festa de S\u00e3o Sebasti\u00e3o, para o dia 20 de janeiro, e por fim os demais bairros\u201d, concluiu.<\/p>\n<p style=\"text-align: justify;\">\u201cPor causa da situa\u00e7\u00e3o deixada pelo governo anterior, inclusive, com falta de ferramentas para a equipe trabalhar, a administra\u00e7\u00e3o do prefeito Z\u00e9 Maria Barros pede que o povo tenha paci\u00eancia\u201d, disse o secret\u00e1rio Juarez Ara\u00fajo.<\/p>\n<p style=\"text-align: justify;\"><a href=\"http:\/\/www.polisrecreio.com.br\/site\/wp-content\/uploads\/2017\/01\/31.jpg\"><img loading=\"lazy\" class=\"aligncenter size-full wp-image-3802\" src=\"http:\/\/www.polisrecreio.com.br\/site\/wp-content\/uploads\/2017\/01\/31.jpg\" alt=\"3\" width=\"750\" height=\"563\" srcset=\"https:\/\/www.polisrecreio.com.br\/site\/wp-content\/uploads\/2017\/01\/31.jpg 750w, https:\/\/www.polisrecreio.com.br\/site\/wp-content\/uploads\/2017\/01\/31-300x225.jpg 300w\" sizes=\"(max-width: 750px) 100vw, 750px\" \/><\/a><\/p>\n<p style=\"text-align: justify;\"><a href=\"http:\/\/www.polisrecreio.com.br\/site\/wp-content\/uploads\/2017\/01\/21.jpg\"><img loading=\"lazy\" class=\"aligncenter size-full wp-image-3801\" src=\"http:\/\/www.polisrecreio.com.br\/site\/wp-content\/uploads\/2017\/01\/21.jpg\" alt=\"2\" width=\"750\" height=\"563\" srcset=\"https:\/\/www.polisrecreio.com.br\/site\/wp-content\/uploads\/2017\/01\/21.jpg 750w, https:\/\/www.polisrecreio.com.br\/site\/wp-content\/uploads\/2017\/01\/21-300x225.jpg 300w\" sizes=\"(max-width: 750px) 100vw, 750px\" \/><\/a><\/p>\n","protected":false},"excerpt":{"rendered":"<p>Nos \u00faltimos meses de 2016 a cidade de Recreio foi praticamente abandonada, com entulhos por toda cidade, buracos abertos, lixos e muito mato nas ruas\u00a0e c\u00f3rregos abarrotados de sujeira.\u00a0Com tanto trabalho pela frente, a equipe do secret\u00e1rio municipal de obras, Juarez Ara\u00fajo, come\u00e7ou a limpeza urbana.<\/p>\n","protected":false},"author":3,"featured_media":3800,"comment_status":"open","ping_status":"open","sticky":false,"template":"","format":"standard","meta":[],"categories":[6],"tags":[],"yoast_head":"<!-- This site is optimized with the Yoast SEO plugin v15.6.2 - https:\/\/yoast.com\/wordpress\/plugins\/seo\/ -->\n<meta name=\"robots\" content=\"index, follow, max-snippet:-1, max-image-preview:large, max-video-preview:-1\" \/>\n<link rel=\"canonical\" href=\"http:\/\/www.polisrecreio.com.br\/site\/2017\/01\/03\/com-muito-trabalho-pela-frente-limpeza-urbana-comeca-em-recreio\/\" \/>\n<meta property=\"og:locale\" content=\"pt_BR\" \/>\n<meta property=\"og:type\" content=\"article\" \/>\n<meta property=\"og:title\" content=\"Com muito trabalho pela frente, limpeza urbana come\u00e7a em Recreio - P\u00f3lis Recreio\" \/>\n<meta property=\"og:description\" content=\"Nos \u00faltimos meses de 2016 a cidade de Recreio foi praticamente abandonada, com entulhos por toda cidade, buracos abertos, lixos e muito mato nas ruas\u00a0e c\u00f3rregos abarrotados de sujeira.\u00a0Com tanto trabalho pela frente, a equipe do secret\u00e1rio municipal de obras, Juarez Ara\u00fajo, come\u00e7ou a limpeza urbana.\" \/>\n<meta property=\"og:url\" content=\"http:\/\/www.polisrecreio.com.br\/site\/2017\/01\/03\/com-muito-trabalho-pela-frente-limpeza-urbana-comeca-em-recreio\/\" \/>\n<meta property=\"og:site_name\" content=\"P\u00f3lis Recreio\" \/>\n<meta property=\"article:publisher\" content=\"https:\/\/www.facebook.com\/Site-P%c3%b3lis-Recreio-MG-181941708571019\/\" \/>\n<meta property=\"article:published_time\" content=\"2017-01-03T20:50:58+00:00\" \/>\n<meta property=\"article:modified_time\" content=\"2017-01-03T20:54:03+00:00\" \/>\n<meta property=\"og:image\" content=\"https:\/\/www.polisrecreio.com.br\/site\/wp-content\/uploads\/2017\/01\/11.jpg\" \/>\n\t<meta property=\"og:image:width\" content=\"750\" \/>\n\t<meta property=\"og:image:height\" content=\"563\" \/>\n<meta name=\"twitter:card\" content=\"summary_large_image\" \/>\n<meta name=\"twitter:creator\" content=\"@PolisRecreio\" \/>\n<meta name=\"twitter:site\" content=\"@PolisRecreio\" \/>\n<meta name=\"twitter:label1\" content=\"Est. reading time\">\n\t<meta name=\"twitter:data1\" content=\"1 minuto\">\n<script type=\"application\/ld+json\" class=\"yoast-schema-graph\">{\"@context\":\"https:\/\/schema.org\",\"@graph\":[{\"@type\":\"WebSite\",\"@id\":\"https:\/\/www.polisrecreio.com.br\/site\/#website\",\"url\":\"https:\/\/www.polisrecreio.com.br\/site\/\",\"name\":\"P\\u00f3lis Recreio\",\"description\":\"\",\"potentialAction\":[{\"@type\":\"SearchAction\",\"target\":\"https:\/\/www.polisrecreio.com.br\/site\/?s={search_term_string}\",\"query-input\":\"required name=search_term_string\"}],\"inLanguage\":\"pt-BR\"},{\"@type\":\"ImageObject\",\"@id\":\"http:\/\/www.polisrecreio.com.br\/site\/2017\/01\/03\/com-muito-trabalho-pela-frente-limpeza-urbana-comeca-em-recreio\/#primaryimage\",\"inLanguage\":\"pt-BR\",\"url\":\"https:\/\/www.polisrecreio.com.br\/site\/wp-content\/uploads\/2017\/01\/11.jpg\",\"width\":750,\"height\":563},{\"@type\":\"WebPage\",\"@id\":\"http:\/\/www.polisrecreio.com.br\/site\/2017\/01\/03\/com-muito-trabalho-pela-frente-limpeza-urbana-comeca-em-recreio\/#webpage\",\"url\":\"http:\/\/www.polisrecreio.com.br\/site\/2017\/01\/03\/com-muito-trabalho-pela-frente-limpeza-urbana-comeca-em-recreio\/\",\"name\":\"Com muito trabalho pela frente, limpeza urbana come\\u00e7a em Recreio - P\\u00f3lis Recreio\",\"isPartOf\":{\"@id\":\"https:\/\/www.polisrecreio.com.br\/site\/#website\"},\"primaryImageOfPage\":{\"@id\":\"http:\/\/www.polisrecreio.com.br\/site\/2017\/01\/03\/com-muito-trabalho-pela-frente-limpeza-urbana-comeca-em-recreio\/#primaryimage\"},\"datePublished\":\"2017-01-03T20:50:58+00:00\",\"dateModified\":\"2017-01-03T20:54:03+00:00\",\"author\":{\"@id\":\"https:\/\/www.polisrecreio.com.br\/site\/#\/schema\/person\/3363c1c78e1e28e1329d97adb387638e\"},\"inLanguage\":\"pt-BR\",\"potentialAction\":[{\"@type\":\"ReadAction\",\"target\":[\"http:\/\/www.polisrecreio.com.br\/site\/2017\/01\/03\/com-muito-trabalho-pela-frente-limpeza-urbana-comeca-em-recreio\/\"]}]},{\"@type\":\"Person\",\"@id\":\"https:\/\/www.polisrecreio.com.br\/site\/#\/schema\/person\/3363c1c78e1e28e1329d97adb387638e\",\"name\":\"Leonardo Ribeiro\",\"image\":{\"@type\":\"ImageObject\",\"@id\":\"https:\/\/www.polisrecreio.com.br\/site\/#personlogo\",\"inLanguage\":\"pt-BR\",\"url\":\"https:\/\/secure.gravatar.com\/avatar\/6ba92a37d621e1a83e23710251178a12?s=96&d=mm&r=g\",\"caption\":\"Leonardo Ribeiro\"},\"sameAs\":[\"http:\/\/www.polisrecreio.com.br\"]}]}<\/script>\n<!-- \/ Yoast SEO plugin. -->","_links":{"self":[{"href":"https:\/\/www.polisrecreio.com.br\/site\/wp-json\/wp\/v2\/posts\/3799"}],"collection":[{"href":"https:\/\/www.polisrecreio.com.br\/site\/wp-json\/wp\/v2\/posts"}],"about":[{"href":"https:\/\/www.polisrecreio.com.br\/site\/wp-json\/wp\/v2\/types\/post"}],"author":[{"embeddable":true,"href":"https:\/\/www.polisrecreio.com.br\/site\/wp-json\/wp\/v2\/users\/3"}],"replies":[{"embeddable":true,"href":"https:\/\/www.polisrecreio.com.br\/site\/wp-json\/wp\/v2\/comments?post=3799"}],"version-history":[{"count":3,"href":"https:\/\/www.polisrecreio.com.br\/site\/wp-json\/wp\/v2\/posts\/3799\/revisions"}],"predecessor-version":[{"id":3805,"href":"https:\/\/www.polisrecreio.com.br\/site\/wp-json\/wp\/v2\/posts\/3799\/revisions\/3805"}],"wp:featuredmedia":[{"embeddable":true,"href":"https:\/\/www.polisrecreio.com.br\/site\/wp-json\/wp\/v2\/media\/3800"}],"wp:attachment":[{"href":"https:\/\/www.polisrecreio.com.br\/site\/wp-json\/wp\/v2\/media?parent=3799"}],"wp:term":[{"taxonomy":"category","embeddable":true,"href":"https:\/\/www.polisrecreio.com.br\/site\/wp-json\/wp\/v2\/categories?post=3799"},{"taxonomy":"post_tag","embeddable":true,"href":"https:\/\/www.polisrecreio.com.br\/site\/wp-json\/wp\/v2\/tags?post=3799"}],"curies":[{"name":"wp","href":"https:\/\/api.w.org\/{rel}","templated":true}]}}