{"id":3809,"date":"2017-01-04T13:46:18","date_gmt":"2017-01-04T16:46:18","guid":{"rendered":"http:\/\/www.polisrecreio.com.br\/site\/?p=3809"},"modified":"2017-01-04T13:58:23","modified_gmt":"2017-01-04T16:58:23","slug":"smec-tem-menos-de-30-dias-para-reestruturar-escolas-municipais","status":"publish","type":"post","link":"https:\/\/www.polisrecreio.com.br\/site\/2017\/01\/04\/smec-tem-menos-de-30-dias-para-reestruturar-escolas-municipais\/","title":{"rendered":"SMEC tem menos de 30 dias para reestruturar escolas municipais"},"content":{"rendered":"<p style=\"text-align: justify;\">A 30 dias do in\u00edcio do ano letivo de 2017, a Secretaria Municipal de Educa\u00e7\u00e3o e Cultura de Recreio, tem muito trabalho para reestruturar as escolas municipais, por conta da precariedade de alguns espa\u00e7os. A situa\u00e7\u00e3o de maior inseguran\u00e7a \u00e9 da E.M Jo\u00e3o Damasceno Ferreira, onde a cozinha est\u00e1 com o teto vindo ao ch\u00e3o.<\/p>\n<p style=\"text-align: justify;\"><!--more--><\/p>\n<figure id=\"attachment_3810\" aria-describedby=\"caption-attachment-3810\" style=\"width: 750px\" class=\"wp-caption aligncenter\"><a href=\"http:\/\/www.polisrecreio.com.br\/site\/wp-content\/uploads\/2017\/01\/12.jpg\"><img loading=\"lazy\" class=\"size-full wp-image-3810\" src=\"http:\/\/www.polisrecreio.com.br\/site\/wp-content\/uploads\/2017\/01\/12.jpg\" alt=\"Cozinha da E.M Jo\u00e3o Damasceno Ferreira.\" width=\"750\" height=\"563\" srcset=\"https:\/\/www.polisrecreio.com.br\/site\/wp-content\/uploads\/2017\/01\/12.jpg 750w, https:\/\/www.polisrecreio.com.br\/site\/wp-content\/uploads\/2017\/01\/12-300x225.jpg 300w\" sizes=\"(max-width: 750px) 100vw, 750px\" \/><\/a><figcaption id=\"caption-attachment-3810\" class=\"wp-caption-text\">Cozinha da E.M Jo\u00e3o Damasceno Ferreira.<\/figcaption><\/figure>\n<p style=\"text-align: justify;\">Durante dois dias a secret\u00e1ria municipal, Maria Jos\u00e9 Lacerda \u201cZez\u00e9\u201d, esteve visitando as escolas, tanto de Recreio como tamb\u00e9m dos distritos, acompanhada de suas diretoras. A pior situa\u00e7\u00e3o que ela se deparou foi com na Escola do bairro Mandioca, o Jo\u00e3o Damasceno Ferreira, onde h\u00e1 salas sem porta; arm\u00e1rios aos peda\u00e7os e enferrujados; a sala de inform\u00e1tica tomada por mofos; a quadra, inaugurada h\u00e1 pouco tempo, repleta de mato e sujeira; e a pior das situa\u00e7\u00f5es, a cozinha onde \u00e9 produzida a refei\u00e7\u00e3o das crian\u00e7as com o teto vindo ao ch\u00e3o.<\/p>\n<figure id=\"attachment_3811\" aria-describedby=\"caption-attachment-3811\" style=\"width: 750px\" class=\"wp-caption aligncenter\"><a href=\"http:\/\/www.polisrecreio.com.br\/site\/wp-content\/uploads\/2017\/01\/22.jpg\"><img loading=\"lazy\" class=\"size-full wp-image-3811\" src=\"http:\/\/www.polisrecreio.com.br\/site\/wp-content\/uploads\/2017\/01\/22.jpg\" alt=\"Cozinha da E.M Jo\u00e3o Damasceno Ferreira.\" width=\"750\" height=\"563\" srcset=\"https:\/\/www.polisrecreio.com.br\/site\/wp-content\/uploads\/2017\/01\/22.jpg 750w, https:\/\/www.polisrecreio.com.br\/site\/wp-content\/uploads\/2017\/01\/22-300x225.jpg 300w\" sizes=\"(max-width: 750px) 100vw, 750px\" \/><\/a><figcaption id=\"caption-attachment-3811\" class=\"wp-caption-text\">Cozinha da E.M Jo\u00e3o Damasceno Ferreira.<\/figcaption><\/figure>\n<p style=\"text-align: justify;\">Na E.M Prof\u00aa. Nice Damasceno de Almeida Muniz alguns reparos ter\u00e3o que ser feitos, nos banheiros v\u00e1rias portas est\u00e3o danificadas e na cozinha os azulejos est\u00e3o caindo. Nesta Escola tr\u00eas salas no segundo andar foram constru\u00eddas no final do \u00faltimo ano. Nos demais col\u00e9gios a secret\u00e1ria disse que \u201cos reparos a serem feitos ser\u00e3o menores, em algumas apenas para adequa\u00e7\u00f5es dos espa\u00e7os\u201d. Segundo Zez\u00e9, &#8220;os funcion\u00e1rios do setor de obras j\u00e1 foram acionados para realizar os servi\u00e7os emergenciais&#8221;.<\/p>\n<figure id=\"attachment_3812\" aria-describedby=\"caption-attachment-3812\" style=\"width: 750px\" class=\"wp-caption aligncenter\"><a href=\"http:\/\/www.polisrecreio.com.br\/site\/wp-content\/uploads\/2017\/01\/32.jpg\"><img loading=\"lazy\" class=\"size-full wp-image-3812\" src=\"http:\/\/www.polisrecreio.com.br\/site\/wp-content\/uploads\/2017\/01\/32.jpg\" alt=\"Cozinha da E.M Prof\u00aa. Nice.\" width=\"750\" height=\"563\" srcset=\"https:\/\/www.polisrecreio.com.br\/site\/wp-content\/uploads\/2017\/01\/32.jpg 750w, https:\/\/www.polisrecreio.com.br\/site\/wp-content\/uploads\/2017\/01\/32-300x225.jpg 300w\" sizes=\"(max-width: 750px) 100vw, 750px\" \/><\/a><figcaption id=\"caption-attachment-3812\" class=\"wp-caption-text\">Cozinha da E.M Prof\u00aa. Nice.<\/figcaption><\/figure>\n<p style=\"text-align: justify;\">O ano letivo de 2017 come\u00e7a dia 6 de fevereiro.<\/p>\n","protected":false},"excerpt":{"rendered":"<p>A 30 dias do in\u00edcio do ano letivo de 2017, a Secretaria Municipal de Educa\u00e7\u00e3o e Cultura de Recreio, tem muito trabalho para reestruturar as escolas municipais, por conta da precariedade de alguns espa\u00e7os. A situa\u00e7\u00e3o de maior inseguran\u00e7a \u00e9 da E.M Jo\u00e3o Damasceno Ferreira, onde a cozinha est\u00e1 com o teto vindo ao ch\u00e3o.<\/p>\n","protected":false},"author":3,"featured_media":3810,"comment_status":"open","ping_status":"open","sticky":false,"template":"","format":"standard","meta":[],"categories":[9],"tags":[],"yoast_head":"<!-- This site is optimized with the Yoast SEO plugin v15.6.2 - https:\/\/yoast.com\/wordpress\/plugins\/seo\/ -->\n<meta name=\"robots\" content=\"index, follow, max-snippet:-1, max-image-preview:large, max-video-preview:-1\" \/>\n<link rel=\"canonical\" href=\"http:\/\/www.polisrecreio.com.br\/site\/2017\/01\/04\/smec-tem-menos-de-30-dias-para-reestruturar-escolas-municipais\/\" \/>\n<meta property=\"og:locale\" content=\"pt_BR\" \/>\n<meta property=\"og:type\" content=\"article\" \/>\n<meta property=\"og:title\" content=\"SMEC tem menos de 30 dias para reestruturar escolas municipais - P\u00f3lis Recreio\" \/>\n<meta property=\"og:description\" content=\"A 30 dias do in\u00edcio do ano letivo de 2017, a Secretaria Municipal de Educa\u00e7\u00e3o e Cultura de Recreio, tem muito trabalho para reestruturar as escolas municipais, por conta da precariedade de alguns espa\u00e7os. A situa\u00e7\u00e3o de maior inseguran\u00e7a \u00e9 da E.M Jo\u00e3o Damasceno Ferreira, onde a cozinha est\u00e1 com o teto vindo ao ch\u00e3o.\" \/>\n<meta property=\"og:url\" content=\"http:\/\/www.polisrecreio.com.br\/site\/2017\/01\/04\/smec-tem-menos-de-30-dias-para-reestruturar-escolas-municipais\/\" \/>\n<meta property=\"og:site_name\" content=\"P\u00f3lis Recreio\" \/>\n<meta property=\"article:publisher\" content=\"https:\/\/www.facebook.com\/Site-P%c3%b3lis-Recreio-MG-181941708571019\/\" \/>\n<meta property=\"article:published_time\" content=\"2017-01-04T16:46:18+00:00\" \/>\n<meta property=\"article:modified_time\" content=\"2017-01-04T16:58:23+00:00\" \/>\n<meta property=\"og:image\" content=\"https:\/\/www.polisrecreio.com.br\/site\/wp-content\/uploads\/2017\/01\/12.jpg\" \/>\n\t<meta property=\"og:image:width\" content=\"750\" \/>\n\t<meta property=\"og:image:height\" content=\"563\" \/>\n<meta name=\"twitter:card\" content=\"summary_large_image\" \/>\n<meta name=\"twitter:creator\" content=\"@PolisRecreio\" \/>\n<meta name=\"twitter:site\" content=\"@PolisRecreio\" \/>\n<meta name=\"twitter:label1\" content=\"Est. reading time\">\n\t<meta name=\"twitter:data1\" content=\"2 minutos\">\n<script type=\"application\/ld+json\" class=\"yoast-schema-graph\">{\"@context\":\"https:\/\/schema.org\",\"@graph\":[{\"@type\":\"WebSite\",\"@id\":\"https:\/\/www.polisrecreio.com.br\/site\/#website\",\"url\":\"https:\/\/www.polisrecreio.com.br\/site\/\",\"name\":\"P\\u00f3lis Recreio\",\"description\":\"\",\"potentialAction\":[{\"@type\":\"SearchAction\",\"target\":\"https:\/\/www.polisrecreio.com.br\/site\/?s={search_term_string}\",\"query-input\":\"required name=search_term_string\"}],\"inLanguage\":\"pt-BR\"},{\"@type\":\"ImageObject\",\"@id\":\"http:\/\/www.polisrecreio.com.br\/site\/2017\/01\/04\/smec-tem-menos-de-30-dias-para-reestruturar-escolas-municipais\/#primaryimage\",\"inLanguage\":\"pt-BR\",\"url\":\"https:\/\/www.polisrecreio.com.br\/site\/wp-content\/uploads\/2017\/01\/12.jpg\",\"width\":750,\"height\":563,\"caption\":\"Cozinha da E.M Jo\\u00e3o Damasceno Ferreira.\"},{\"@type\":\"WebPage\",\"@id\":\"http:\/\/www.polisrecreio.com.br\/site\/2017\/01\/04\/smec-tem-menos-de-30-dias-para-reestruturar-escolas-municipais\/#webpage\",\"url\":\"http:\/\/www.polisrecreio.com.br\/site\/2017\/01\/04\/smec-tem-menos-de-30-dias-para-reestruturar-escolas-municipais\/\",\"name\":\"SMEC tem menos de 30 dias para reestruturar escolas municipais - P\\u00f3lis Recreio\",\"isPartOf\":{\"@id\":\"https:\/\/www.polisrecreio.com.br\/site\/#website\"},\"primaryImageOfPage\":{\"@id\":\"http:\/\/www.polisrecreio.com.br\/site\/2017\/01\/04\/smec-tem-menos-de-30-dias-para-reestruturar-escolas-municipais\/#primaryimage\"},\"datePublished\":\"2017-01-04T16:46:18+00:00\",\"dateModified\":\"2017-01-04T16:58:23+00:00\",\"author\":{\"@id\":\"https:\/\/www.polisrecreio.com.br\/site\/#\/schema\/person\/3363c1c78e1e28e1329d97adb387638e\"},\"inLanguage\":\"pt-BR\",\"potentialAction\":[{\"@type\":\"ReadAction\",\"target\":[\"http:\/\/www.polisrecreio.com.br\/site\/2017\/01\/04\/smec-tem-menos-de-30-dias-para-reestruturar-escolas-municipais\/\"]}]},{\"@type\":\"Person\",\"@id\":\"https:\/\/www.polisrecreio.com.br\/site\/#\/schema\/person\/3363c1c78e1e28e1329d97adb387638e\",\"name\":\"Leonardo Ribeiro\",\"image\":{\"@type\":\"ImageObject\",\"@id\":\"https:\/\/www.polisrecreio.com.br\/site\/#personlogo\",\"inLanguage\":\"pt-BR\",\"url\":\"https:\/\/secure.gravatar.com\/avatar\/6ba92a37d621e1a83e23710251178a12?s=96&d=mm&r=g\",\"caption\":\"Leonardo Ribeiro\"},\"sameAs\":[\"http:\/\/www.polisrecreio.com.br\"]}]}<\/script>\n<!-- \/ Yoast SEO plugin. -->","_links":{"self":[{"href":"https:\/\/www.polisrecreio.com.br\/site\/wp-json\/wp\/v2\/posts\/3809"}],"collection":[{"href":"https:\/\/www.polisrecreio.com.br\/site\/wp-json\/wp\/v2\/posts"}],"about":[{"href":"https:\/\/www.polisrecreio.com.br\/site\/wp-json\/wp\/v2\/types\/post"}],"author":[{"embeddable":true,"href":"https:\/\/www.polisrecreio.com.br\/site\/wp-json\/wp\/v2\/users\/3"}],"replies":[{"embeddable":true,"href":"https:\/\/www.polisrecreio.com.br\/site\/wp-json\/wp\/v2\/comments?post=3809"}],"version-history":[{"count":4,"href":"https:\/\/www.polisrecreio.com.br\/site\/wp-json\/wp\/v2\/posts\/3809\/revisions"}],"predecessor-version":[{"id":3816,"href":"https:\/\/www.polisrecreio.com.br\/site\/wp-json\/wp\/v2\/posts\/3809\/revisions\/3816"}],"wp:featuredmedia":[{"embeddable":true,"href":"https:\/\/www.polisrecreio.com.br\/site\/wp-json\/wp\/v2\/media\/3810"}],"wp:attachment":[{"href":"https:\/\/www.polisrecreio.com.br\/site\/wp-json\/wp\/v2\/media?parent=3809"}],"wp:term":[{"taxonomy":"category","embeddable":true,"href":"https:\/\/www.polisrecreio.com.br\/site\/wp-json\/wp\/v2\/categories?post=3809"},{"taxonomy":"post_tag","embeddable":true,"href":"https:\/\/www.polisrecreio.com.br\/site\/wp-json\/wp\/v2\/tags?post=3809"}],"curies":[{"name":"wp","href":"https:\/\/api.w.org\/{rel}","templated":true}]}}