{"id":3819,"date":"2017-01-05T17:57:39","date_gmt":"2017-01-05T20:57:39","guid":{"rendered":"http:\/\/www.polisrecreio.com.br\/site\/?p=3819"},"modified":"2017-01-05T18:00:06","modified_gmt":"2017-01-05T21:00:06","slug":"prefeitura-de-recreio-esta-com-nome-sujo-na-praca-por-conta-de-r-8-mil","status":"publish","type":"post","link":"https:\/\/www.polisrecreio.com.br\/site\/2017\/01\/05\/prefeitura-de-recreio-esta-com-nome-sujo-na-praca-por-conta-de-r-8-mil\/","title":{"rendered":"Prefeitura de Recreio est\u00e1 com \u201cnome sujo na pra\u00e7a\u201d por conta de R$ 8 mil"},"content":{"rendered":"<p style=\"text-align: justify;\">\u00c9 muito comum ouvirmos a frase intitulada as pessoas m\u00e1s pagadoras, \u201cele est\u00e1 com o nome sujo na pra\u00e7a\u201d, mas, institui\u00e7\u00e3o p\u00fablica com esse t\u00edtulo n\u00e3o \u00e9 muito comum, s\u00f3 que em Recreio o incomum \u00e0s vezes aparece e o caso \u00e9 justamente com a Prefeitura que est\u00e1 com o nome negativado no SPC\/SERASA por causa de uma d\u00edvida de pouco mais de R$ 8 mil, contra\u00edda entre 2013 e 2015.<\/p>\n<p style=\"text-align: justify;\"><!--more--><\/p>\n<p style=\"text-align: justify;\"><a href=\"http:\/\/www.polisrecreio.com.br\/site\/wp-content\/uploads\/2016\/11\/prefeitura.jpg\"><img loading=\"lazy\" class=\"aligncenter size-full wp-image-3282\" src=\"http:\/\/www.polisrecreio.com.br\/site\/wp-content\/uploads\/2016\/11\/prefeitura.jpg\" alt=\"prefeitura\" width=\"800\" height=\"486\" srcset=\"https:\/\/www.polisrecreio.com.br\/site\/wp-content\/uploads\/2016\/11\/prefeitura.jpg 800w, https:\/\/www.polisrecreio.com.br\/site\/wp-content\/uploads\/2016\/11\/prefeitura-300x182.jpg 300w\" sizes=\"(max-width: 800px) 100vw, 800px\" \/><\/a><\/p>\n<p style=\"text-align: justify;\">O caso da inadimpl\u00eancia com credores ainda n\u00e3o identificados pela atual administra\u00e7\u00e3o foi descoberto ontem (4), quando houve a necessidade de realizar reparos no autom\u00f3vel do executivo, com quita\u00e7\u00e3o do servi\u00e7o a prazo, por\u00e9m, o pagamento posterior n\u00e3o foi aceito, pois, ao pesquisar o CNPJ da Prefeitura a empresa verificou que o Munic\u00edpio est\u00e1 com o \u201cnome sujo na pra\u00e7a\u201d.<\/p>\n<p style=\"text-align: justify;\">Segundo informa\u00e7\u00f5es obtidas pelo Site P\u00f3lis, os valores que levaram a Prefeitura ao SPC\/SERASA totalizam R$ 8.176,38, com ocorr\u00eancia e gastos n\u00e3o pagos nas seguintes datas, referentes \u00e0 gest\u00e3o 2013\/2016: 1\u00ba de mar\u00e7o de 2013, R$ 1.594,80; 14 de janeiro de 2015, R$ 168,65; 26 de mar\u00e7o de 2015, R$ 3.146,37; 2 de abril de 2015, R$ 3.146,37; e 21 de maio de 2015, R$ 120,19.<\/p>\n<p style=\"text-align: justify;\">A equipe administrativa do prefeito Z\u00e9 Maria Barros disse que j\u00e1 acionou o Cart\u00f3rio de Registros de Protestos de Leopoldina para analisar os gastos n\u00e3o pagos e quem a gest\u00e3o anterior do Munic\u00edpio deixou de pagar. At\u00e9 na pr\u00f3xima semana o caso dever\u00e1 estar resolvido.<\/p>\n<p style=\"text-align: justify;\">Enquanto n\u00e3o resolve o caso da inadimpl\u00eancia a Prefeitura de Recreio n\u00e3o pode contrair nenhum servi\u00e7o a prazo e atrapalha a celebra\u00e7\u00e3o de conv\u00eanios com Estado e Uni\u00e3o. J\u00e1, ao gestor que comprou e n\u00e3o pagou, poder\u00e1 acarretar a ele um\u00a0ato de improbidade administrativa.<\/p>\n<figure id=\"attachment_3820\" aria-describedby=\"caption-attachment-3820\" style=\"width: 300px\" class=\"wp-caption alignleft\"><a href=\"http:\/\/www.polisrecreio.com.br\/site\/wp-content\/uploads\/2017\/01\/IMG-20170105-WA0001.jpg\"><img loading=\"lazy\" class=\"wp-image-3820 size-medium\" src=\"http:\/\/www.polisrecreio.com.br\/site\/wp-content\/uploads\/2017\/01\/IMG-20170105-WA0001-300x188.jpg\" alt=\"img-20170105-wa0001\" width=\"300\" height=\"188\" srcset=\"https:\/\/www.polisrecreio.com.br\/site\/wp-content\/uploads\/2017\/01\/IMG-20170105-WA0001-300x188.jpg 300w, https:\/\/www.polisrecreio.com.br\/site\/wp-content\/uploads\/2017\/01\/IMG-20170105-WA0001.jpg 750w\" sizes=\"(max-width: 300px) 100vw, 300px\" \/><\/a><figcaption id=\"caption-attachment-3820\" class=\"wp-caption-text\">Extrato da d\u00edvida.<\/figcaption><\/figure>\n","protected":false},"excerpt":{"rendered":"<p>\u00c9 muito comum ouvirmos a frase intitulada as pessoas m\u00e1s pagadoras, \u201cele est\u00e1 com o nome sujo na pra\u00e7a\u201d, mas, institui\u00e7\u00e3o p\u00fablica com esse t\u00edtulo n\u00e3o \u00e9 muito comum, s\u00f3 que em Recreio o incomum \u00e0s vezes aparece e o caso \u00e9 justamente com a Prefeitura que est\u00e1 com o nome negativado no SPC\/SERASA por [&hellip;]<\/p>\n","protected":false},"author":3,"featured_media":3282,"comment_status":"open","ping_status":"open","sticky":false,"template":"","format":"standard","meta":[],"categories":[6],"tags":[],"yoast_head":"<!-- This site is optimized with the Yoast SEO plugin v15.6.2 - https:\/\/yoast.com\/wordpress\/plugins\/seo\/ -->\n<meta name=\"robots\" content=\"index, follow, max-snippet:-1, max-image-preview:large, max-video-preview:-1\" \/>\n<link rel=\"canonical\" href=\"http:\/\/www.polisrecreio.com.br\/site\/2017\/01\/05\/prefeitura-de-recreio-esta-com-nome-sujo-na-praca-por-conta-de-r-8-mil\/\" \/>\n<meta property=\"og:locale\" content=\"pt_BR\" \/>\n<meta property=\"og:type\" content=\"article\" \/>\n<meta property=\"og:title\" content=\"Prefeitura de Recreio est\u00e1 com \u201cnome sujo na pra\u00e7a\u201d por conta de R$ 8 mil - P\u00f3lis Recreio\" \/>\n<meta property=\"og:description\" content=\"\u00c9 muito comum ouvirmos a frase intitulada as pessoas m\u00e1s pagadoras, \u201cele est\u00e1 com o nome sujo na pra\u00e7a\u201d, mas, institui\u00e7\u00e3o p\u00fablica com esse t\u00edtulo n\u00e3o \u00e9 muito comum, s\u00f3 que em Recreio o incomum \u00e0s vezes aparece e o caso \u00e9 justamente com a Prefeitura que est\u00e1 com o nome negativado no SPC\/SERASA por [&hellip;]\" \/>\n<meta property=\"og:url\" content=\"http:\/\/www.polisrecreio.com.br\/site\/2017\/01\/05\/prefeitura-de-recreio-esta-com-nome-sujo-na-praca-por-conta-de-r-8-mil\/\" \/>\n<meta property=\"og:site_name\" content=\"P\u00f3lis Recreio\" \/>\n<meta property=\"article:publisher\" content=\"https:\/\/www.facebook.com\/Site-P%c3%b3lis-Recreio-MG-181941708571019\/\" \/>\n<meta property=\"article:published_time\" content=\"2017-01-05T20:57:39+00:00\" \/>\n<meta property=\"article:modified_time\" content=\"2017-01-05T21:00:06+00:00\" \/>\n<meta property=\"og:image\" content=\"https:\/\/www.polisrecreio.com.br\/site\/wp-content\/uploads\/2016\/11\/prefeitura.jpg\" \/>\n\t<meta property=\"og:image:width\" content=\"800\" \/>\n\t<meta property=\"og:image:height\" content=\"486\" \/>\n<meta name=\"twitter:card\" content=\"summary_large_image\" \/>\n<meta name=\"twitter:creator\" content=\"@PolisRecreio\" \/>\n<meta name=\"twitter:site\" content=\"@PolisRecreio\" \/>\n<meta name=\"twitter:label1\" content=\"Est. reading time\">\n\t<meta name=\"twitter:data1\" content=\"2 minutos\">\n<script type=\"application\/ld+json\" class=\"yoast-schema-graph\">{\"@context\":\"https:\/\/schema.org\",\"@graph\":[{\"@type\":\"WebSite\",\"@id\":\"https:\/\/www.polisrecreio.com.br\/site\/#website\",\"url\":\"https:\/\/www.polisrecreio.com.br\/site\/\",\"name\":\"P\\u00f3lis Recreio\",\"description\":\"\",\"potentialAction\":[{\"@type\":\"SearchAction\",\"target\":\"https:\/\/www.polisrecreio.com.br\/site\/?s={search_term_string}\",\"query-input\":\"required name=search_term_string\"}],\"inLanguage\":\"pt-BR\"},{\"@type\":\"ImageObject\",\"@id\":\"http:\/\/www.polisrecreio.com.br\/site\/2017\/01\/05\/prefeitura-de-recreio-esta-com-nome-sujo-na-praca-por-conta-de-r-8-mil\/#primaryimage\",\"inLanguage\":\"pt-BR\",\"url\":\"https:\/\/www.polisrecreio.com.br\/site\/wp-content\/uploads\/2016\/11\/prefeitura.jpg\",\"width\":800,\"height\":486},{\"@type\":\"WebPage\",\"@id\":\"http:\/\/www.polisrecreio.com.br\/site\/2017\/01\/05\/prefeitura-de-recreio-esta-com-nome-sujo-na-praca-por-conta-de-r-8-mil\/#webpage\",\"url\":\"http:\/\/www.polisrecreio.com.br\/site\/2017\/01\/05\/prefeitura-de-recreio-esta-com-nome-sujo-na-praca-por-conta-de-r-8-mil\/\",\"name\":\"Prefeitura de Recreio est\\u00e1 com \\u201cnome sujo na pra\\u00e7a\\u201d por conta de R$ 8 mil - P\\u00f3lis Recreio\",\"isPartOf\":{\"@id\":\"https:\/\/www.polisrecreio.com.br\/site\/#website\"},\"primaryImageOfPage\":{\"@id\":\"http:\/\/www.polisrecreio.com.br\/site\/2017\/01\/05\/prefeitura-de-recreio-esta-com-nome-sujo-na-praca-por-conta-de-r-8-mil\/#primaryimage\"},\"datePublished\":\"2017-01-05T20:57:39+00:00\",\"dateModified\":\"2017-01-05T21:00:06+00:00\",\"author\":{\"@id\":\"https:\/\/www.polisrecreio.com.br\/site\/#\/schema\/person\/3363c1c78e1e28e1329d97adb387638e\"},\"inLanguage\":\"pt-BR\",\"potentialAction\":[{\"@type\":\"ReadAction\",\"target\":[\"http:\/\/www.polisrecreio.com.br\/site\/2017\/01\/05\/prefeitura-de-recreio-esta-com-nome-sujo-na-praca-por-conta-de-r-8-mil\/\"]}]},{\"@type\":\"Person\",\"@id\":\"https:\/\/www.polisrecreio.com.br\/site\/#\/schema\/person\/3363c1c78e1e28e1329d97adb387638e\",\"name\":\"Leonardo Ribeiro\",\"image\":{\"@type\":\"ImageObject\",\"@id\":\"https:\/\/www.polisrecreio.com.br\/site\/#personlogo\",\"inLanguage\":\"pt-BR\",\"url\":\"https:\/\/secure.gravatar.com\/avatar\/6ba92a37d621e1a83e23710251178a12?s=96&d=mm&r=g\",\"caption\":\"Leonardo Ribeiro\"},\"sameAs\":[\"http:\/\/www.polisrecreio.com.br\"]}]}<\/script>\n<!-- \/ Yoast SEO plugin. -->","_links":{"self":[{"href":"https:\/\/www.polisrecreio.com.br\/site\/wp-json\/wp\/v2\/posts\/3819"}],"collection":[{"href":"https:\/\/www.polisrecreio.com.br\/site\/wp-json\/wp\/v2\/posts"}],"about":[{"href":"https:\/\/www.polisrecreio.com.br\/site\/wp-json\/wp\/v2\/types\/post"}],"author":[{"embeddable":true,"href":"https:\/\/www.polisrecreio.com.br\/site\/wp-json\/wp\/v2\/users\/3"}],"replies":[{"embeddable":true,"href":"https:\/\/www.polisrecreio.com.br\/site\/wp-json\/wp\/v2\/comments?post=3819"}],"version-history":[{"count":4,"href":"https:\/\/www.polisrecreio.com.br\/site\/wp-json\/wp\/v2\/posts\/3819\/revisions"}],"predecessor-version":[{"id":3824,"href":"https:\/\/www.polisrecreio.com.br\/site\/wp-json\/wp\/v2\/posts\/3819\/revisions\/3824"}],"wp:featuredmedia":[{"embeddable":true,"href":"https:\/\/www.polisrecreio.com.br\/site\/wp-json\/wp\/v2\/media\/3282"}],"wp:attachment":[{"href":"https:\/\/www.polisrecreio.com.br\/site\/wp-json\/wp\/v2\/media?parent=3819"}],"wp:term":[{"taxonomy":"category","embeddable":true,"href":"https:\/\/www.polisrecreio.com.br\/site\/wp-json\/wp\/v2\/categories?post=3819"},{"taxonomy":"post_tag","embeddable":true,"href":"https:\/\/www.polisrecreio.com.br\/site\/wp-json\/wp\/v2\/tags?post=3819"}],"curies":[{"name":"wp","href":"https:\/\/api.w.org\/{rel}","templated":true}]}}