{"id":3825,"date":"2017-01-06T12:39:10","date_gmt":"2017-01-06T15:39:10","guid":{"rendered":"http:\/\/www.polisrecreio.com.br\/site\/?p=3825"},"modified":"2017-01-06T12:44:06","modified_gmt":"2017-01-06T15:44:06","slug":"usina-de-r-641-mil-abandonada-em-2015-esta-perecendo-em-conceicao-da-boa-vista","status":"publish","type":"post","link":"https:\/\/www.polisrecreio.com.br\/site\/2017\/01\/06\/usina-de-r-641-mil-abandonada-em-2015-esta-perecendo-em-conceicao-da-boa-vista\/","title":{"rendered":"Usina de R$ 641 mil, abandonada em 2015, est\u00e1 perecendo em Concei\u00e7\u00e3o da Boa Vista"},"content":{"rendered":"<p style=\"text-align: justify;\">Em tempos de escassez de empregos em\u00a0milhares de munic\u00edpios do Brasil e n\u00e3o \u00e9 diferente em Recreio, um investimento de R$ 641 mil, que chegou a gerar 15 empregos diretos no distrito de Concei\u00e7\u00e3o da Boa Vista, hoje est\u00e1 perecendo por causa da neglig\u00eancia da ex-administra\u00e7\u00e3o municipal. Sujeira, matagal por todos os lados, equipamentos sofrendo a\u00e7\u00e3o do tempo e v\u00e1rios outros furtados, essa \u00e9 a melanc\u00f3lica realidade da Usina de Triagem e Compostagem de Res\u00edduos S\u00f3lidos \u201cUTC\u201d, constru\u00edda em 2012 e abandonada em 2015.<\/p>\n<p style=\"text-align: justify;\"><!--more--><\/p>\n<figure id=\"attachment_3828\" aria-describedby=\"caption-attachment-3828\" style=\"width: 750px\" class=\"wp-caption aligncenter\"><a href=\"http:\/\/www.polisrecreio.com.br\/site\/wp-content\/uploads\/2017\/01\/33.jpg\"><img loading=\"lazy\" class=\"size-full wp-image-3828\" src=\"http:\/\/www.polisrecreio.com.br\/site\/wp-content\/uploads\/2017\/01\/33.jpg\" alt=\"Local onde eram separados os res\u00edduos.\" width=\"750\" height=\"563\" srcset=\"https:\/\/www.polisrecreio.com.br\/site\/wp-content\/uploads\/2017\/01\/33.jpg 750w, https:\/\/www.polisrecreio.com.br\/site\/wp-content\/uploads\/2017\/01\/33-300x225.jpg 300w\" sizes=\"(max-width: 750px) 100vw, 750px\" \/><\/a><figcaption id=\"caption-attachment-3828\" class=\"wp-caption-text\">Local onde eram separados os res\u00edduos.<\/figcaption><\/figure>\n<p style=\"text-align: justify;\">Na \u00e9poca da inaugura\u00e7\u00e3o, durante a administra\u00e7\u00e3o do prefeito Fernando de Almeida Coimbra (2005\/2012) a UTC de Concei\u00e7\u00e3o da Boa Vista era vista como um marco para a hist\u00f3ria de Recreio e at\u00e9 mesmo da regi\u00e3o, integrando responsabilidade socioambiental com gera\u00e7\u00e3o de emprego e renda, por\u00e9m, veio a mudan\u00e7a de governo e durante a gest\u00e3o do prefeito \u00d4nio Fialho Miranda (2013\/2016), o investimento que tinha objetivo de mudar a forma de descarte dos res\u00edduos s\u00f3lidos e de gerar emprego no distrito que tem\u00a0altos \u00edndices de vulnerabilidade social, acabou fechando as portas por causa de neglig\u00eancia em conduzir a Usina.<\/p>\n<figure id=\"attachment_3829\" aria-describedby=\"caption-attachment-3829\" style=\"width: 750px\" class=\"wp-caption aligncenter\"><a href=\"http:\/\/www.polisrecreio.com.br\/site\/wp-content\/uploads\/2017\/01\/41.jpg\"><img loading=\"lazy\" class=\"wp-image-3829 size-full\" src=\"http:\/\/www.polisrecreio.com.br\/site\/wp-content\/uploads\/2017\/01\/41.jpg\" alt=\"4\" width=\"750\" height=\"563\" srcset=\"https:\/\/www.polisrecreio.com.br\/site\/wp-content\/uploads\/2017\/01\/41.jpg 750w, https:\/\/www.polisrecreio.com.br\/site\/wp-content\/uploads\/2017\/01\/41-300x225.jpg 300w\" sizes=\"(max-width: 750px) 100vw, 750px\" \/><\/a><figcaption id=\"caption-attachment-3829\" class=\"wp-caption-text\">Usina tomada pelo matagal.<\/figcaption><\/figure>\n<p style=\"text-align: justify;\">Na \u00e9poca do abandono, a gest\u00e3o 2013\/2016 informou que o motivo seria den\u00fancias feitas ao Minist\u00e9rio P\u00fablico de Minas Gerais sobre o sistema operacional e diante do ocorrido a administra\u00e7\u00e3o havia optado por interromper as atividades da Usina e os res\u00edduos s\u00f3lidos passaram a ser encaminhados ao aterro sanit\u00e1rio Uni\u00e3o Recicl\u00e1veis, localizado na BR-116. Quando fechou a UTC contava com onze funcion\u00e1rios.<\/p>\n<p style=\"text-align: justify;\">Na manh\u00e3 desta sexta-feira (6), o atual prefeito de Recreio, Z\u00e9 Maria Barros, visitou a Usina e em entrevista ao Site P\u00f3lis, ele disse que est\u00e1 realizando estudos junto com a equipe administrativa para viabilizar o retorno das atividades. \u201cN\u00e3o podemos deixar um investimento deste porte acabar sem ao menos estudarmos as ideias para solucionar mais este problema herdado da administra\u00e7\u00e3o que nos antecedeu\u201d, disse o prefeito.<\/p>\n<figure id=\"attachment_3826\" aria-describedby=\"caption-attachment-3826\" style=\"width: 750px\" class=\"wp-caption aligncenter\"><a href=\"http:\/\/www.polisrecreio.com.br\/site\/wp-content\/uploads\/2017\/01\/13.jpg\"><img loading=\"lazy\" class=\"size-full wp-image-3826\" src=\"http:\/\/www.polisrecreio.com.br\/site\/wp-content\/uploads\/2017\/01\/13.jpg\" alt=\"Prefeito, Z\u00e9 Maria Barros, na UTC.\" width=\"750\" height=\"549\" srcset=\"https:\/\/www.polisrecreio.com.br\/site\/wp-content\/uploads\/2017\/01\/13.jpg 750w, https:\/\/www.polisrecreio.com.br\/site\/wp-content\/uploads\/2017\/01\/13-300x220.jpg 300w\" sizes=\"(max-width: 750px) 100vw, 750px\" \/><\/a><figcaption id=\"caption-attachment-3826\" class=\"wp-caption-text\">Prefeito, Z\u00e9 Maria Barros, na UTC.<\/figcaption><\/figure>\n<p style=\"text-align: justify;\">A Usina de Triagem\u00a0foi um investimento realizado pela Brookfield Renewable atrav\u00e9s de recursos do Banco Nacional do Desenvolvimento Econ\u00f4mico e Social, no valor de R$ 641 mil. A UTC tem capacidade para atender uma popula\u00e7\u00e3o de at\u00e9 20 mil habitantes.<\/p>\n<figure id=\"attachment_3831\" aria-describedby=\"caption-attachment-3831\" style=\"width: 750px\" class=\"wp-caption aligncenter\"><a href=\"http:\/\/www.polisrecreio.com.br\/site\/wp-content\/uploads\/2017\/01\/61.jpg\"><img loading=\"lazy\" class=\"wp-image-3831 size-full\" src=\"http:\/\/www.polisrecreio.com.br\/site\/wp-content\/uploads\/2017\/01\/61.jpg\" alt=\"6\" width=\"750\" height=\"563\" srcset=\"https:\/\/www.polisrecreio.com.br\/site\/wp-content\/uploads\/2017\/01\/61.jpg 750w, https:\/\/www.polisrecreio.com.br\/site\/wp-content\/uploads\/2017\/01\/61-300x225.jpg 300w\" sizes=\"(max-width: 750px) 100vw, 750px\" \/><\/a><figcaption id=\"caption-attachment-3831\" class=\"wp-caption-text\">Casa da UTC.<\/figcaption><\/figure>\n<figure id=\"attachment_3830\" aria-describedby=\"caption-attachment-3830\" style=\"width: 750px\" class=\"wp-caption aligncenter\"><a href=\"http:\/\/www.polisrecreio.com.br\/site\/wp-content\/uploads\/2017\/01\/51.jpg\"><img loading=\"lazy\" class=\"wp-image-3830 size-full\" src=\"http:\/\/www.polisrecreio.com.br\/site\/wp-content\/uploads\/2017\/01\/51.jpg\" alt=\"5\" width=\"750\" height=\"563\" srcset=\"https:\/\/www.polisrecreio.com.br\/site\/wp-content\/uploads\/2017\/01\/51.jpg 750w, https:\/\/www.polisrecreio.com.br\/site\/wp-content\/uploads\/2017\/01\/51-300x225.jpg 300w\" sizes=\"(max-width: 750px) 100vw, 750px\" \/><\/a><figcaption id=\"caption-attachment-3830\" class=\"wp-caption-text\">Equipamento sofrendo a\u00e7\u00e3o do tempo.<\/figcaption><\/figure>\n<figure id=\"attachment_3827\" aria-describedby=\"caption-attachment-3827\" style=\"width: 750px\" class=\"wp-caption aligncenter\"><a href=\"http:\/\/www.polisrecreio.com.br\/site\/wp-content\/uploads\/2017\/01\/23.jpg\"><img loading=\"lazy\" class=\"wp-image-3827 size-full\" src=\"http:\/\/www.polisrecreio.com.br\/site\/wp-content\/uploads\/2017\/01\/23.jpg\" alt=\"2\" width=\"750\" height=\"563\" srcset=\"https:\/\/www.polisrecreio.com.br\/site\/wp-content\/uploads\/2017\/01\/23.jpg 750w, https:\/\/www.polisrecreio.com.br\/site\/wp-content\/uploads\/2017\/01\/23-300x225.jpg 300w\" sizes=\"(max-width: 750px) 100vw, 750px\" \/><\/a><figcaption id=\"caption-attachment-3827\" class=\"wp-caption-text\">Equipamento sofrendo a\u00e7\u00e3o do tempo.<\/figcaption><\/figure>\n","protected":false},"excerpt":{"rendered":"<p>Em tempos de escassez de empregos em\u00a0milhares de munic\u00edpios do Brasil e n\u00e3o \u00e9 diferente em Recreio, um investimento de R$ 641 mil, que chegou a gerar 15 empregos diretos no distrito de Concei\u00e7\u00e3o da Boa Vista, hoje est\u00e1 perecendo por causa da neglig\u00eancia da ex-administra\u00e7\u00e3o municipal. Sujeira, matagal por todos os lados, equipamentos sofrendo [&hellip;]<\/p>\n","protected":false},"author":3,"featured_media":3828,"comment_status":"open","ping_status":"open","sticky":false,"template":"","format":"standard","meta":[],"categories":[14],"tags":[],"yoast_head":"<!-- This site is optimized with the Yoast SEO plugin v15.6.2 - https:\/\/yoast.com\/wordpress\/plugins\/seo\/ -->\n<meta name=\"robots\" content=\"index, follow, max-snippet:-1, max-image-preview:large, max-video-preview:-1\" \/>\n<link rel=\"canonical\" href=\"http:\/\/www.polisrecreio.com.br\/site\/2017\/01\/06\/usina-de-r-641-mil-abandonada-em-2015-esta-perecendo-em-conceicao-da-boa-vista\/\" \/>\n<meta property=\"og:locale\" content=\"pt_BR\" \/>\n<meta property=\"og:type\" content=\"article\" \/>\n<meta property=\"og:title\" content=\"Usina de R$ 641 mil, abandonada em 2015, est\u00e1 perecendo em Concei\u00e7\u00e3o da Boa Vista - P\u00f3lis Recreio\" \/>\n<meta property=\"og:description\" content=\"Em tempos de escassez de empregos em\u00a0milhares de munic\u00edpios do Brasil e n\u00e3o \u00e9 diferente em Recreio, um investimento de R$ 641 mil, que chegou a gerar 15 empregos diretos no distrito de Concei\u00e7\u00e3o da Boa Vista, hoje est\u00e1 perecendo por causa da neglig\u00eancia da ex-administra\u00e7\u00e3o municipal. Sujeira, matagal por todos os lados, equipamentos sofrendo [&hellip;]\" \/>\n<meta property=\"og:url\" content=\"http:\/\/www.polisrecreio.com.br\/site\/2017\/01\/06\/usina-de-r-641-mil-abandonada-em-2015-esta-perecendo-em-conceicao-da-boa-vista\/\" \/>\n<meta property=\"og:site_name\" content=\"P\u00f3lis Recreio\" \/>\n<meta property=\"article:publisher\" content=\"https:\/\/www.facebook.com\/Site-P%c3%b3lis-Recreio-MG-181941708571019\/\" \/>\n<meta property=\"article:published_time\" content=\"2017-01-06T15:39:10+00:00\" \/>\n<meta property=\"article:modified_time\" content=\"2017-01-06T15:44:06+00:00\" \/>\n<meta property=\"og:image\" content=\"https:\/\/www.polisrecreio.com.br\/site\/wp-content\/uploads\/2017\/01\/33.jpg\" \/>\n\t<meta property=\"og:image:width\" content=\"750\" \/>\n\t<meta property=\"og:image:height\" content=\"563\" \/>\n<meta name=\"twitter:card\" content=\"summary_large_image\" \/>\n<meta name=\"twitter:creator\" content=\"@PolisRecreio\" \/>\n<meta name=\"twitter:site\" content=\"@PolisRecreio\" \/>\n<meta name=\"twitter:label1\" content=\"Est. reading time\">\n\t<meta name=\"twitter:data1\" content=\"2 minutos\">\n<script type=\"application\/ld+json\" class=\"yoast-schema-graph\">{\"@context\":\"https:\/\/schema.org\",\"@graph\":[{\"@type\":\"WebSite\",\"@id\":\"https:\/\/www.polisrecreio.com.br\/site\/#website\",\"url\":\"https:\/\/www.polisrecreio.com.br\/site\/\",\"name\":\"P\\u00f3lis Recreio\",\"description\":\"\",\"potentialAction\":[{\"@type\":\"SearchAction\",\"target\":\"https:\/\/www.polisrecreio.com.br\/site\/?s={search_term_string}\",\"query-input\":\"required name=search_term_string\"}],\"inLanguage\":\"pt-BR\"},{\"@type\":\"ImageObject\",\"@id\":\"http:\/\/www.polisrecreio.com.br\/site\/2017\/01\/06\/usina-de-r-641-mil-abandonada-em-2015-esta-perecendo-em-conceicao-da-boa-vista\/#primaryimage\",\"inLanguage\":\"pt-BR\",\"url\":\"https:\/\/www.polisrecreio.com.br\/site\/wp-content\/uploads\/2017\/01\/33.jpg\",\"width\":750,\"height\":563,\"caption\":\"Local onde eram separados os res\\u00edduos.\"},{\"@type\":\"WebPage\",\"@id\":\"http:\/\/www.polisrecreio.com.br\/site\/2017\/01\/06\/usina-de-r-641-mil-abandonada-em-2015-esta-perecendo-em-conceicao-da-boa-vista\/#webpage\",\"url\":\"http:\/\/www.polisrecreio.com.br\/site\/2017\/01\/06\/usina-de-r-641-mil-abandonada-em-2015-esta-perecendo-em-conceicao-da-boa-vista\/\",\"name\":\"Usina de R$ 641 mil, abandonada em 2015, est\\u00e1 perecendo em Concei\\u00e7\\u00e3o da Boa Vista - P\\u00f3lis Recreio\",\"isPartOf\":{\"@id\":\"https:\/\/www.polisrecreio.com.br\/site\/#website\"},\"primaryImageOfPage\":{\"@id\":\"http:\/\/www.polisrecreio.com.br\/site\/2017\/01\/06\/usina-de-r-641-mil-abandonada-em-2015-esta-perecendo-em-conceicao-da-boa-vista\/#primaryimage\"},\"datePublished\":\"2017-01-06T15:39:10+00:00\",\"dateModified\":\"2017-01-06T15:44:06+00:00\",\"author\":{\"@id\":\"https:\/\/www.polisrecreio.com.br\/site\/#\/schema\/person\/3363c1c78e1e28e1329d97adb387638e\"},\"inLanguage\":\"pt-BR\",\"potentialAction\":[{\"@type\":\"ReadAction\",\"target\":[\"http:\/\/www.polisrecreio.com.br\/site\/2017\/01\/06\/usina-de-r-641-mil-abandonada-em-2015-esta-perecendo-em-conceicao-da-boa-vista\/\"]}]},{\"@type\":\"Person\",\"@id\":\"https:\/\/www.polisrecreio.com.br\/site\/#\/schema\/person\/3363c1c78e1e28e1329d97adb387638e\",\"name\":\"Leonardo Ribeiro\",\"image\":{\"@type\":\"ImageObject\",\"@id\":\"https:\/\/www.polisrecreio.com.br\/site\/#personlogo\",\"inLanguage\":\"pt-BR\",\"url\":\"https:\/\/secure.gravatar.com\/avatar\/6ba92a37d621e1a83e23710251178a12?s=96&d=mm&r=g\",\"caption\":\"Leonardo Ribeiro\"},\"sameAs\":[\"http:\/\/www.polisrecreio.com.br\"]}]}<\/script>\n<!-- \/ Yoast SEO plugin. -->","_links":{"self":[{"href":"https:\/\/www.polisrecreio.com.br\/site\/wp-json\/wp\/v2\/posts\/3825"}],"collection":[{"href":"https:\/\/www.polisrecreio.com.br\/site\/wp-json\/wp\/v2\/posts"}],"about":[{"href":"https:\/\/www.polisrecreio.com.br\/site\/wp-json\/wp\/v2\/types\/post"}],"author":[{"embeddable":true,"href":"https:\/\/www.polisrecreio.com.br\/site\/wp-json\/wp\/v2\/users\/3"}],"replies":[{"embeddable":true,"href":"https:\/\/www.polisrecreio.com.br\/site\/wp-json\/wp\/v2\/comments?post=3825"}],"version-history":[{"count":6,"href":"https:\/\/www.polisrecreio.com.br\/site\/wp-json\/wp\/v2\/posts\/3825\/revisions"}],"predecessor-version":[{"id":3837,"href":"https:\/\/www.polisrecreio.com.br\/site\/wp-json\/wp\/v2\/posts\/3825\/revisions\/3837"}],"wp:featuredmedia":[{"embeddable":true,"href":"https:\/\/www.polisrecreio.com.br\/site\/wp-json\/wp\/v2\/media\/3828"}],"wp:attachment":[{"href":"https:\/\/www.polisrecreio.com.br\/site\/wp-json\/wp\/v2\/media?parent=3825"}],"wp:term":[{"taxonomy":"category","embeddable":true,"href":"https:\/\/www.polisrecreio.com.br\/site\/wp-json\/wp\/v2\/categories?post=3825"},{"taxonomy":"post_tag","embeddable":true,"href":"https:\/\/www.polisrecreio.com.br\/site\/wp-json\/wp\/v2\/tags?post=3825"}],"curies":[{"name":"wp","href":"https:\/\/api.w.org\/{rel}","templated":true}]}}