{"id":3838,"date":"2017-01-06T17:22:44","date_gmt":"2017-01-06T20:22:44","guid":{"rendered":"http:\/\/www.polisrecreio.com.br\/site\/?p=3838"},"modified":"2017-01-06T17:22:44","modified_gmt":"2017-01-06T20:22:44","slug":"merica-prepara-friburguense-para-copa-do-brasil","status":"publish","type":"post","link":"https:\/\/www.polisrecreio.com.br\/site\/2017\/01\/06\/merica-prepara-friburguense-para-copa-do-brasil\/","title":{"rendered":"Merica prepara Friburguense para Copa do Brasil"},"content":{"rendered":"<p style=\"text-align: justify;\">O recreiense Merica, campe\u00e3o dentro de campo da Copa Rio 2016 e escolhido o melhor treinador da competi\u00e7\u00e3o, come\u00e7ou a preparar o Friburguense A.C para a Copa do Brasil, a estreia \u00e9 dia 15 de fevereiro, as 20:30h, contra o Oeste (SP), em Nova Friburgo.<\/p>\n<p style=\"text-align: justify;\"><!--more--><\/p>\n<figure id=\"attachment_3839\" aria-describedby=\"caption-attachment-3839\" style=\"width: 750px\" class=\"wp-caption aligncenter\"><a href=\"http:\/\/www.polisrecreio.com.br\/site\/wp-content\/uploads\/2017\/01\/90_foto_1_2_0.jpg\"><img loading=\"lazy\" class=\"size-full wp-image-3839\" src=\"http:\/\/www.polisrecreio.com.br\/site\/wp-content\/uploads\/2017\/01\/90_foto_1_2_0.jpg\" alt=\"Merica. Foto: A Voz da Serra.\" width=\"750\" height=\"562\" srcset=\"https:\/\/www.polisrecreio.com.br\/site\/wp-content\/uploads\/2017\/01\/90_foto_1_2_0.jpg 750w, https:\/\/www.polisrecreio.com.br\/site\/wp-content\/uploads\/2017\/01\/90_foto_1_2_0-300x225.jpg 300w\" sizes=\"(max-width: 750px) 100vw, 750px\" \/><\/a><figcaption id=\"caption-attachment-3839\" class=\"wp-caption-text\">Merica. Foto: A Voz da Serra.<\/figcaption><\/figure>\n<p style=\"text-align: justify;\">A prepara\u00e7\u00e3o do Friz\u00e3o come\u00e7ou essa semana e em contato com o Site P\u00f3lis, Merica disse que vai trabalhar duro pra fazer um bom ano com a equipe. Em 2017 o time do recreiense vai disputar a segunda maior competi\u00e7\u00e3o nacional ap\u00f3s 12 anos.<\/p>\n<p style=\"text-align: justify;\">Merica chegou ao profissional do Friburguense depois que o time caiu para a S\u00e9rie B do Campeonato Carioca, com a miss\u00e3o de renovar o time e trazer a confian\u00e7a de volta ao grupo e na primeira competi\u00e7\u00e3o ap\u00f3s a sua efetiva\u00e7\u00e3o ele foi campe\u00e3o dentro de campo, por\u00e9m, perdeu o t\u00edtulo para a Portuguesa nos tribunais por conta de uma irregularidade na inscri\u00e7\u00e3o de um jogador, e ao final recebeu o pr\u00eamio de melhor treinador da Copa Rio.<\/p>\n<p style=\"text-align: justify;\">O recreiense est\u00e1 no clube h\u00e1 tr\u00eas anos, onde foi jogador na d\u00e9cada de 1990, por l\u00e1, passou pela equipes da divis\u00e3o de base e trabalhou como auxiliar t\u00e9cnico do profissional por duas temporadas na disputa do Campeonato Carioca.<\/p>\n","protected":false},"excerpt":{"rendered":"<p>O recreiense Merica, campe\u00e3o dentro de campo da Copa Rio 2016 e escolhido o melhor treinador da competi\u00e7\u00e3o, come\u00e7ou a preparar o Friburguense A.C para a Copa do Brasil, a estreia \u00e9 dia 15 de fevereiro, as 20:30h, contra o Oeste (SP), em Nova Friburgo.<\/p>\n","protected":false},"author":3,"featured_media":3839,"comment_status":"open","ping_status":"open","sticky":false,"template":"","format":"standard","meta":[],"categories":[4],"tags":[],"yoast_head":"<!-- This site is optimized with the Yoast SEO plugin v15.6.2 - https:\/\/yoast.com\/wordpress\/plugins\/seo\/ -->\n<meta name=\"robots\" content=\"index, follow, max-snippet:-1, max-image-preview:large, max-video-preview:-1\" \/>\n<link rel=\"canonical\" href=\"http:\/\/www.polisrecreio.com.br\/site\/2017\/01\/06\/merica-prepara-friburguense-para-copa-do-brasil\/\" \/>\n<meta property=\"og:locale\" content=\"pt_BR\" \/>\n<meta property=\"og:type\" content=\"article\" \/>\n<meta property=\"og:title\" content=\"Merica prepara Friburguense para Copa do Brasil - P\u00f3lis Recreio\" \/>\n<meta property=\"og:description\" content=\"O recreiense Merica, campe\u00e3o dentro de campo da Copa Rio 2016 e escolhido o melhor treinador da competi\u00e7\u00e3o, come\u00e7ou a preparar o Friburguense A.C para a Copa do Brasil, a estreia \u00e9 dia 15 de fevereiro, as 20:30h, contra o Oeste (SP), em Nova Friburgo.\" \/>\n<meta property=\"og:url\" content=\"http:\/\/www.polisrecreio.com.br\/site\/2017\/01\/06\/merica-prepara-friburguense-para-copa-do-brasil\/\" \/>\n<meta property=\"og:site_name\" content=\"P\u00f3lis Recreio\" \/>\n<meta property=\"article:publisher\" content=\"https:\/\/www.facebook.com\/Site-P%c3%b3lis-Recreio-MG-181941708571019\/\" \/>\n<meta property=\"article:published_time\" content=\"2017-01-06T20:22:44+00:00\" \/>\n<meta property=\"og:image\" content=\"https:\/\/www.polisrecreio.com.br\/site\/wp-content\/uploads\/2017\/01\/90_foto_1_2_0.jpg\" \/>\n\t<meta property=\"og:image:width\" content=\"750\" \/>\n\t<meta property=\"og:image:height\" content=\"562\" \/>\n<meta name=\"twitter:card\" content=\"summary_large_image\" \/>\n<meta name=\"twitter:creator\" content=\"@PolisRecreio\" \/>\n<meta name=\"twitter:site\" content=\"@PolisRecreio\" \/>\n<meta name=\"twitter:label1\" content=\"Est. reading time\">\n\t<meta name=\"twitter:data1\" content=\"1 minuto\">\n<script type=\"application\/ld+json\" class=\"yoast-schema-graph\">{\"@context\":\"https:\/\/schema.org\",\"@graph\":[{\"@type\":\"WebSite\",\"@id\":\"https:\/\/www.polisrecreio.com.br\/site\/#website\",\"url\":\"https:\/\/www.polisrecreio.com.br\/site\/\",\"name\":\"P\\u00f3lis Recreio\",\"description\":\"\",\"potentialAction\":[{\"@type\":\"SearchAction\",\"target\":\"https:\/\/www.polisrecreio.com.br\/site\/?s={search_term_string}\",\"query-input\":\"required name=search_term_string\"}],\"inLanguage\":\"pt-BR\"},{\"@type\":\"ImageObject\",\"@id\":\"http:\/\/www.polisrecreio.com.br\/site\/2017\/01\/06\/merica-prepara-friburguense-para-copa-do-brasil\/#primaryimage\",\"inLanguage\":\"pt-BR\",\"url\":\"https:\/\/www.polisrecreio.com.br\/site\/wp-content\/uploads\/2017\/01\/90_foto_1_2_0.jpg\",\"width\":750,\"height\":562,\"caption\":\"Merica. Foto: A Voz da Serra.\"},{\"@type\":\"WebPage\",\"@id\":\"http:\/\/www.polisrecreio.com.br\/site\/2017\/01\/06\/merica-prepara-friburguense-para-copa-do-brasil\/#webpage\",\"url\":\"http:\/\/www.polisrecreio.com.br\/site\/2017\/01\/06\/merica-prepara-friburguense-para-copa-do-brasil\/\",\"name\":\"Merica prepara Friburguense para Copa do Brasil - P\\u00f3lis Recreio\",\"isPartOf\":{\"@id\":\"https:\/\/www.polisrecreio.com.br\/site\/#website\"},\"primaryImageOfPage\":{\"@id\":\"http:\/\/www.polisrecreio.com.br\/site\/2017\/01\/06\/merica-prepara-friburguense-para-copa-do-brasil\/#primaryimage\"},\"datePublished\":\"2017-01-06T20:22:44+00:00\",\"dateModified\":\"2017-01-06T20:22:44+00:00\",\"author\":{\"@id\":\"https:\/\/www.polisrecreio.com.br\/site\/#\/schema\/person\/3363c1c78e1e28e1329d97adb387638e\"},\"inLanguage\":\"pt-BR\",\"potentialAction\":[{\"@type\":\"ReadAction\",\"target\":[\"http:\/\/www.polisrecreio.com.br\/site\/2017\/01\/06\/merica-prepara-friburguense-para-copa-do-brasil\/\"]}]},{\"@type\":\"Person\",\"@id\":\"https:\/\/www.polisrecreio.com.br\/site\/#\/schema\/person\/3363c1c78e1e28e1329d97adb387638e\",\"name\":\"Leonardo Ribeiro\",\"image\":{\"@type\":\"ImageObject\",\"@id\":\"https:\/\/www.polisrecreio.com.br\/site\/#personlogo\",\"inLanguage\":\"pt-BR\",\"url\":\"https:\/\/secure.gravatar.com\/avatar\/6ba92a37d621e1a83e23710251178a12?s=96&d=mm&r=g\",\"caption\":\"Leonardo Ribeiro\"},\"sameAs\":[\"http:\/\/www.polisrecreio.com.br\"]}]}<\/script>\n<!-- \/ Yoast SEO plugin. -->","_links":{"self":[{"href":"https:\/\/www.polisrecreio.com.br\/site\/wp-json\/wp\/v2\/posts\/3838"}],"collection":[{"href":"https:\/\/www.polisrecreio.com.br\/site\/wp-json\/wp\/v2\/posts"}],"about":[{"href":"https:\/\/www.polisrecreio.com.br\/site\/wp-json\/wp\/v2\/types\/post"}],"author":[{"embeddable":true,"href":"https:\/\/www.polisrecreio.com.br\/site\/wp-json\/wp\/v2\/users\/3"}],"replies":[{"embeddable":true,"href":"https:\/\/www.polisrecreio.com.br\/site\/wp-json\/wp\/v2\/comments?post=3838"}],"version-history":[{"count":1,"href":"https:\/\/www.polisrecreio.com.br\/site\/wp-json\/wp\/v2\/posts\/3838\/revisions"}],"predecessor-version":[{"id":3840,"href":"https:\/\/www.polisrecreio.com.br\/site\/wp-json\/wp\/v2\/posts\/3838\/revisions\/3840"}],"wp:featuredmedia":[{"embeddable":true,"href":"https:\/\/www.polisrecreio.com.br\/site\/wp-json\/wp\/v2\/media\/3839"}],"wp:attachment":[{"href":"https:\/\/www.polisrecreio.com.br\/site\/wp-json\/wp\/v2\/media?parent=3838"}],"wp:term":[{"taxonomy":"category","embeddable":true,"href":"https:\/\/www.polisrecreio.com.br\/site\/wp-json\/wp\/v2\/categories?post=3838"},{"taxonomy":"post_tag","embeddable":true,"href":"https:\/\/www.polisrecreio.com.br\/site\/wp-json\/wp\/v2\/tags?post=3838"}],"curies":[{"name":"wp","href":"https:\/\/api.w.org\/{rel}","templated":true}]}}