{"id":3841,"date":"2017-01-07T13:49:57","date_gmt":"2017-01-07T16:49:57","guid":{"rendered":"http:\/\/www.polisrecreio.com.br\/site\/?p=3841"},"modified":"2017-01-07T14:13:02","modified_gmt":"2017-01-07T17:13:02","slug":"ex-prefeito-de-recreio-critica-imprensa","status":"publish","type":"post","link":"https:\/\/www.polisrecreio.com.br\/site\/2017\/01\/07\/ex-prefeito-de-recreio-critica-imprensa\/","title":{"rendered":"Ex-prefeito de Recreio critica imprensa"},"content":{"rendered":"<p style=\"text-align: justify;\">Por meio do Facebook, o ex-prefeito de Recreio, \u00d4nio Fialho, criticou a imprensa por causa da divulga\u00e7\u00e3o dos caos administrativo na Prefeitura de Recreio encontrado pelo seu sucessor, Z\u00e9 Maria Barros. \u00d4nio disse que a m\u00eddia est\u00e1 \u201crealizando uma campanha odiosa e organizada\u201d.<\/p>\n<p style=\"text-align: justify;\"><!--more--><\/p>\n<figure id=\"attachment_2252\" aria-describedby=\"caption-attachment-2252\" style=\"width: 800px\" class=\"wp-caption aligncenter\"><a href=\"http:\/\/www.polisrecreio.com.br\/site\/wp-content\/uploads\/2016\/06\/DSCF4349.jpg\"><img loading=\"lazy\" class=\"size-full wp-image-2252\" src=\"http:\/\/www.polisrecreio.com.br\/site\/wp-content\/uploads\/2016\/06\/DSCF4349.jpg\" alt=\"Ex-prefeito de Recreio, \u00d4nio. Foto: Arquivo.\" width=\"800\" height=\"533\" srcset=\"https:\/\/www.polisrecreio.com.br\/site\/wp-content\/uploads\/2016\/06\/DSCF4349.jpg 800w, https:\/\/www.polisrecreio.com.br\/site\/wp-content\/uploads\/2016\/06\/DSCF4349-300x200.jpg 300w\" sizes=\"(max-width: 800px) 100vw, 800px\" \/><\/a><figcaption id=\"caption-attachment-2252\" class=\"wp-caption-text\">Ex-prefeito de Recreio, \u00d4nio. Foto: Arquivo.<\/figcaption><\/figure>\n<p style=\"text-align: justify;\">Em sua publica\u00e7\u00e3o, o ex-prefeito descreveu que a divulga\u00e7\u00e3o da situa\u00e7\u00e3o da Prefeitura teve o intuito de atingi-lo, desqualificar a gest\u00e3o 2013\/2016 e tentar que ele seja condenado a ficar de fora da pr\u00f3xima disputa eleitoral.<\/p>\n<p style=\"text-align: justify;\"><a href=\"http:\/\/www.polisrecreio.com.br\/site\/wp-content\/uploads\/2017\/01\/DSCN3719.jpg\"><img loading=\"lazy\" class=\"alignright size-medium wp-image-3775\" src=\"http:\/\/www.polisrecreio.com.br\/site\/wp-content\/uploads\/2017\/01\/DSCN3719-300x225.jpg\" alt=\"dscn3719\" width=\"300\" height=\"225\" srcset=\"https:\/\/www.polisrecreio.com.br\/site\/wp-content\/uploads\/2017\/01\/DSCN3719-300x225.jpg 300w, https:\/\/www.polisrecreio.com.br\/site\/wp-content\/uploads\/2017\/01\/DSCN3719.jpg 750w\" sizes=\"(max-width: 300px) 100vw, 300px\" \/><\/a><\/p>\n<p style=\"text-align: justify;\">Na \u00faltima ter\u00e7a-feira (3), o prefeito Z\u00e9 Maria Barros (foto) expediu o\u00a0decreto n\u00ba 001\/2017 declarando estado anormal, caracterizado como situa\u00e7\u00e3o de calamidade administrativa, financeira e de infraestrutura, diante do caos herdado da gest\u00e3o do ex-prefeito \u00d4nio Fialho.<\/p>\n<p style=\"text-align: justify;\">Segundo o prefeito, \u201co caos administrativo \u00e9 justificado pela falta de transmiss\u00e3o do cargo; por atos de recusa no fornecimento de informa\u00e7\u00f5es nos trabalhos de transi\u00e7\u00e3o de governo; por n\u00e3o conhecer a real situa\u00e7\u00e3o financeira do Munic\u00edpio, inclusive, quanto \u00e0 exist\u00eancia de d\u00e9ficit nas contas da Prefeitura no dia 1\u00ba de janeiro; devido ao sistema de arrecada\u00e7\u00e3o ter sido encontrado inoperante, impossibilitando a sua opera\u00e7\u00e3o e o atendimento ao contribuinte; porque n\u00e3o houve transmiss\u00e3o das senhas de todos os programas governamentais, conv\u00eanios, sistemas de controle e contas do Munic\u00edpio, sistema de inform\u00e1tica e correios eletr\u00f4nicos; por ter sido deletado todos os arquivos da Prefeitura, fato que impede o acesso a informa\u00e7\u00e3o de programas, contas e sistema de controle; e devido \u00e0 desorganiza\u00e7\u00e3o do departamento de pessoal. Por considerar que existe a necessidade de trabalhos emergenciais referentes \u00e0 organiza\u00e7\u00e3o administrativa da Prefeitura decretamos esta situa\u00e7\u00e3o de calamidade, a fim de possibilitar minimamente o funcionamento dos servi\u00e7os municipais\u201d, concluiu.<\/p>\n<p style=\"text-align: justify;\">A situa\u00e7\u00e3o da Prefeitura ganhou repercuss\u00e3o em v\u00e1rios meios de comunica\u00e7\u00e3o da cidade, regi\u00e3o e do Brasil. Diante da amplitude da not\u00edcia, o ex-prefeito resolveu criticar os ve\u00edculos de comunica\u00e7\u00e3o, para \u00d4nio existe uma \u201cmanobra midi\u00e1tica\u201d. Ele disse que \u201cessa imprensa n\u00e3o tem nem a dignidade de procurar a outra parte\u201d.<\/p>\n<p style=\"text-align: justify;\">A dire\u00e7\u00e3o do Site P\u00f3lis, assim como os demais meios de comunica\u00e7\u00e3o, informam que est\u00e3o dispon\u00edveis em ouvir o ex-prefeito, por\u00e9m, desde a \u00faltima semana de governo e antes mesmo da ren\u00fancia, fato ocorrido \u00e0s 22h, do dia 30 de dezembro de 2016, atrav\u00e9s de carta entregue por sua irm\u00e3, V\u00e2nia Fialho, ao ex-presidente da C\u00e2mara Municipal, Fabr\u00edsio Brito de Barros, o mesmo n\u00e3o \u00e9 visto na cidade.<\/p>\n<p style=\"text-align: justify;\">Veja os sites que divulgaram o caos administrativo da Prefeitura de Recreio:<\/p>\n<p style=\"text-align: justify;\">Portal Minas:\u00a0<a href=\"http:\/\/www.portalminas.com\/news\/prefeito-de-recreio-decreta-situacao-de-calamidade-apos-assumir-gestao?uid=1255\">http:\/\/www.portalminas.com\/news\/prefeito-de-recreio-decreta-situacao-de-calamidade-apos-assumir-gestao?uid=1255<\/a><\/p>\n<p style=\"text-align: justify;\">Portal G1:\u00a0<a href=\"http:\/\/g1.globo.com\/mg\/zona-da-mata\/noticia\/2017\/01\/prefeito-de-recreio-decreta-situacao-de-calamidade-apos-assumir-gestao.html\">http:\/\/g1.globo.com\/mg\/zona-da-mata\/noticia\/2017\/01\/prefeito-de-recreio-decreta-situacao-de-calamidade-apos-assumir-gestao.html<\/a><\/p>\n<p style=\"text-align: justify;\">Site Interligado Online:\u00a0<a href=\"http:\/\/www.interligadonline.com\/site\/2017\/01\/05\/prefeito-de-recreio-decreta-situacao-de-calamidade-apos-assumir-gestao\/\">http:\/\/www.interligadonline.com\/site\/2017\/01\/05\/prefeito-de-recreio-decreta-situacao-de-calamidade-apos-assumir-gestao\/<\/a><\/p>\n<p style=\"text-align: justify;\">Site P\u00f3lis:\u00a0<a href=\"http:\/\/www.polisrecreio.com.br\/site\/2017\/01\/04\/prefeito-de-recreio-decreta-situacao-de-calamidade-administrativa\/\">http:\/\/www.polisrecreio.com.br\/site\/2017\/01\/04\/prefeito-de-recreio-decreta-situacao-de-calamidade-administrativa\/<\/a><\/p>\n<p style=\"text-align: justify;\">O Vigilante Online:\u00a0<a href=\"http:\/\/ovigilanteonline.com\/novo-prefeito-de-recreio-baixa-decreto-administrativo-emergencial-para-governar\/\">http:\/\/ovigilanteonline.com\/novo-prefeito-de-recreio-baixa-decreto-administrativo-emergencial-para-governar\/<\/a><\/p>\n<p style=\"text-align: justify;\">Jornal O Tempo:\u00a0<a href=\"http:\/\/www.otempo.com.br\/cidades\/sem-dados-da-%C3%BAltima-gest%C3%A3o-prefeito-decreta-calamidade-administrativa-1.1419735\">http:\/\/www.otempo.com.br\/cidades\/sem-dados-da-%C3%BAltima-gest%C3%A3o-prefeito-decreta-calamidade-administrativa-1.1419735<\/a><\/p>\n<p style=\"text-align: justify;\">Gazeta de Rond\u00f4nia:\u00a0<a href=\"http:\/\/www.gazetaderondonia.com.br\/index.php\/brasil\/12764-prefeito-de-recreio-decreta-situaao-de-calamidade-apos-assumir-gestao\">http:\/\/www.gazetaderondonia.com.br\/index.php\/brasil\/12764-prefeito-de-recreio-decreta-situaao-de-calamidade-apos-assumir-gestao<\/a><\/p>\n<p style=\"text-align: justify;\">Di\u00e1rio Regional JF:\u00a0<a href=\"http:\/\/www.diarioregionaljf.com.br\/geral\/12189-prefeito-de-recreio-decreta-situacao-de-calamidade-administrativa-financeira-e-de-infraestrutura\">http:\/\/www.diarioregionaljf.com.br\/geral\/12189-prefeito-de-recreio-decreta-situacao-de-calamidade-administrativa-financeira-e-de-infraestrutura<\/a><\/p>\n<p style=\"text-align: justify;\">Coluna Acontecendo:\u00a0<a href=\"http:\/\/colunaacontecendo.blogspot.com.br\/2017\/01\/prefeito-de-recreio-decreta-estado-de.html\">http:\/\/colunaacontecendo.blogspot.com.br\/2017\/01\/prefeito-de-recreio-decreta-estado-de.html<\/a><\/p>\n<p style=\"text-align: justify;\">Site Marcelo Lopes:\u00a0<a href=\"http:\/\/www.marcelolopes.jor.br\/noticia\/detalhe\/19760\/prefeito-decreta-situacao-de-calamidade-administrativa-financeira-e-de-infraestrutura-em-recreio\">http:\/\/www.marcelolopes.jor.br\/noticia\/detalhe\/19760\/prefeito-decreta-situacao-de-calamidade-administrativa-financeira-e-de-infraestrutura-em-recreio<\/a><\/p>\n<p style=\"text-align: justify;\">Blog Adenilsom Mendes: <a href=\"http:\/\/adenilsonmendes.blogspot.com.br\/2017\/01\/novo-prefeito-de-recreio-mg-pega.html\">http:\/\/adenilsonmendes.blogspot.com.br\/2017\/01\/novo-prefeito-de-recreio-mg-pega.html<\/a><\/p>\n<figure id=\"attachment_3847\" aria-describedby=\"caption-attachment-3847\" style=\"width: 230px\" class=\"wp-caption alignleft\"><a href=\"http:\/\/www.polisrecreio.com.br\/site\/wp-content\/uploads\/2017\/01\/14.jpg\"><img loading=\"lazy\" class=\"size-medium wp-image-3847\" src=\"http:\/\/www.polisrecreio.com.br\/site\/wp-content\/uploads\/2017\/01\/14-230x300.jpg\" alt=\"Postagem do ex-prefeito, \u00d4nio.\" width=\"230\" height=\"300\" srcset=\"https:\/\/www.polisrecreio.com.br\/site\/wp-content\/uploads\/2017\/01\/14-230x300.jpg 230w, https:\/\/www.polisrecreio.com.br\/site\/wp-content\/uploads\/2017\/01\/14.jpg 505w\" sizes=\"(max-width: 230px) 100vw, 230px\" \/><\/a><figcaption id=\"caption-attachment-3847\" class=\"wp-caption-text\">Postagem do ex-prefeito, \u00d4nio.<\/figcaption><\/figure>\n<p>&nbsp;<\/p>\n<p>&nbsp;<\/p>\n<p>&nbsp;<\/p>\n<p>&nbsp;<\/p>\n<p style=\"text-align: justify;\">\n","protected":false},"excerpt":{"rendered":"<p>Por meio do Facebook, o ex-prefeito de Recreio, \u00d4nio Fialho, criticou a imprensa por causa da divulga\u00e7\u00e3o dos caos administrativo na Prefeitura de Recreio encontrado pelo seu sucessor, Z\u00e9 Maria Barros. \u00d4nio disse que a m\u00eddia est\u00e1 \u201crealizando uma campanha odiosa e organizada\u201d.<\/p>\n","protected":false},"author":3,"featured_media":3718,"comment_status":"open","ping_status":"open","sticky":false,"template":"","format":"standard","meta":[],"categories":[6],"tags":[],"yoast_head":"<!-- This site is optimized with the Yoast SEO plugin v15.6.2 - https:\/\/yoast.com\/wordpress\/plugins\/seo\/ -->\n<meta name=\"robots\" content=\"index, follow, max-snippet:-1, max-image-preview:large, max-video-preview:-1\" \/>\n<link rel=\"canonical\" href=\"https:\/\/www.polisrecreio.com.br\/site\/2017\/01\/07\/ex-prefeito-de-recreio-critica-imprensa\/\" \/>\n<meta property=\"og:locale\" content=\"pt_BR\" \/>\n<meta property=\"og:type\" content=\"article\" \/>\n<meta property=\"og:title\" content=\"Ex-prefeito de Recreio critica imprensa - P\u00f3lis Recreio\" \/>\n<meta property=\"og:description\" content=\"Por meio do Facebook, o ex-prefeito de Recreio, \u00d4nio Fialho, criticou a imprensa por causa da divulga\u00e7\u00e3o dos caos administrativo na Prefeitura de Recreio encontrado pelo seu sucessor, Z\u00e9 Maria Barros. \u00d4nio disse que a m\u00eddia est\u00e1 \u201crealizando uma campanha odiosa e organizada\u201d.\" \/>\n<meta property=\"og:url\" content=\"https:\/\/www.polisrecreio.com.br\/site\/2017\/01\/07\/ex-prefeito-de-recreio-critica-imprensa\/\" \/>\n<meta property=\"og:site_name\" content=\"P\u00f3lis Recreio\" \/>\n<meta property=\"article:publisher\" content=\"https:\/\/www.facebook.com\/Site-P%c3%b3lis-Recreio-MG-181941708571019\/\" \/>\n<meta property=\"article:published_time\" content=\"2017-01-07T16:49:57+00:00\" \/>\n<meta property=\"article:modified_time\" content=\"2017-01-07T17:13:02+00:00\" \/>\n<meta property=\"og:image\" content=\"https:\/\/www.polisrecreio.com.br\/site\/wp-content\/uploads\/2016\/12\/DSCF3251.jpg\" \/>\n\t<meta property=\"og:image:width\" content=\"750\" \/>\n\t<meta property=\"og:image:height\" content=\"494\" \/>\n<meta name=\"twitter:card\" content=\"summary_large_image\" \/>\n<meta name=\"twitter:creator\" content=\"@PolisRecreio\" \/>\n<meta name=\"twitter:site\" content=\"@PolisRecreio\" \/>\n<meta name=\"twitter:label1\" content=\"Est. reading time\">\n\t<meta name=\"twitter:data1\" content=\"3 minutos\">\n<script type=\"application\/ld+json\" class=\"yoast-schema-graph\">{\"@context\":\"https:\/\/schema.org\",\"@graph\":[{\"@type\":\"WebSite\",\"@id\":\"https:\/\/www.polisrecreio.com.br\/site\/#website\",\"url\":\"https:\/\/www.polisrecreio.com.br\/site\/\",\"name\":\"P\\u00f3lis Recreio\",\"description\":\"\",\"potentialAction\":[{\"@type\":\"SearchAction\",\"target\":\"https:\/\/www.polisrecreio.com.br\/site\/?s={search_term_string}\",\"query-input\":\"required name=search_term_string\"}],\"inLanguage\":\"pt-BR\"},{\"@type\":\"ImageObject\",\"@id\":\"https:\/\/www.polisrecreio.com.br\/site\/2017\/01\/07\/ex-prefeito-de-recreio-critica-imprensa\/#primaryimage\",\"inLanguage\":\"pt-BR\",\"url\":\"https:\/\/www.polisrecreio.com.br\/site\/wp-content\/uploads\/2016\/12\/DSCF3251.jpg\",\"width\":750,\"height\":494,\"caption\":\"Prefeito \\u00d4nio. Foto: Arquivo.\"},{\"@type\":\"WebPage\",\"@id\":\"https:\/\/www.polisrecreio.com.br\/site\/2017\/01\/07\/ex-prefeito-de-recreio-critica-imprensa\/#webpage\",\"url\":\"https:\/\/www.polisrecreio.com.br\/site\/2017\/01\/07\/ex-prefeito-de-recreio-critica-imprensa\/\",\"name\":\"Ex-prefeito de Recreio critica imprensa - P\\u00f3lis Recreio\",\"isPartOf\":{\"@id\":\"https:\/\/www.polisrecreio.com.br\/site\/#website\"},\"primaryImageOfPage\":{\"@id\":\"https:\/\/www.polisrecreio.com.br\/site\/2017\/01\/07\/ex-prefeito-de-recreio-critica-imprensa\/#primaryimage\"},\"datePublished\":\"2017-01-07T16:49:57+00:00\",\"dateModified\":\"2017-01-07T17:13:02+00:00\",\"author\":{\"@id\":\"https:\/\/www.polisrecreio.com.br\/site\/#\/schema\/person\/3363c1c78e1e28e1329d97adb387638e\"},\"inLanguage\":\"pt-BR\",\"potentialAction\":[{\"@type\":\"ReadAction\",\"target\":[\"https:\/\/www.polisrecreio.com.br\/site\/2017\/01\/07\/ex-prefeito-de-recreio-critica-imprensa\/\"]}]},{\"@type\":\"Person\",\"@id\":\"https:\/\/www.polisrecreio.com.br\/site\/#\/schema\/person\/3363c1c78e1e28e1329d97adb387638e\",\"name\":\"Leonardo Ribeiro\",\"image\":{\"@type\":\"ImageObject\",\"@id\":\"https:\/\/www.polisrecreio.com.br\/site\/#personlogo\",\"inLanguage\":\"pt-BR\",\"url\":\"https:\/\/secure.gravatar.com\/avatar\/6ba92a37d621e1a83e23710251178a12?s=96&d=mm&r=g\",\"caption\":\"Leonardo Ribeiro\"},\"sameAs\":[\"http:\/\/www.polisrecreio.com.br\"]}]}<\/script>\n<!-- \/ Yoast SEO plugin. -->","_links":{"self":[{"href":"https:\/\/www.polisrecreio.com.br\/site\/wp-json\/wp\/v2\/posts\/3841"}],"collection":[{"href":"https:\/\/www.polisrecreio.com.br\/site\/wp-json\/wp\/v2\/posts"}],"about":[{"href":"https:\/\/www.polisrecreio.com.br\/site\/wp-json\/wp\/v2\/types\/post"}],"author":[{"embeddable":true,"href":"https:\/\/www.polisrecreio.com.br\/site\/wp-json\/wp\/v2\/users\/3"}],"replies":[{"embeddable":true,"href":"https:\/\/www.polisrecreio.com.br\/site\/wp-json\/wp\/v2\/comments?post=3841"}],"version-history":[{"count":9,"href":"https:\/\/www.polisrecreio.com.br\/site\/wp-json\/wp\/v2\/posts\/3841\/revisions"}],"predecessor-version":[{"id":3852,"href":"https:\/\/www.polisrecreio.com.br\/site\/wp-json\/wp\/v2\/posts\/3841\/revisions\/3852"}],"wp:featuredmedia":[{"embeddable":true,"href":"https:\/\/www.polisrecreio.com.br\/site\/wp-json\/wp\/v2\/media\/3718"}],"wp:attachment":[{"href":"https:\/\/www.polisrecreio.com.br\/site\/wp-json\/wp\/v2\/media?parent=3841"}],"wp:term":[{"taxonomy":"category","embeddable":true,"href":"https:\/\/www.polisrecreio.com.br\/site\/wp-json\/wp\/v2\/categories?post=3841"},{"taxonomy":"post_tag","embeddable":true,"href":"https:\/\/www.polisrecreio.com.br\/site\/wp-json\/wp\/v2\/tags?post=3841"}],"curies":[{"name":"wp","href":"https:\/\/api.w.org\/{rel}","templated":true}]}}