{"id":3853,"date":"2017-01-08T09:17:16","date_gmt":"2017-01-08T12:17:16","guid":{"rendered":"http:\/\/www.polisrecreio.com.br\/site\/?p=3853"},"modified":"2017-01-08T09:17:58","modified_gmt":"2017-01-08T12:17:58","slug":"cozinha-da-e-m-joao-damasceno-ferreira-passa-por-obras","status":"publish","type":"post","link":"https:\/\/www.polisrecreio.com.br\/site\/2017\/01\/08\/cozinha-da-e-m-joao-damasceno-ferreira-passa-por-obras\/","title":{"rendered":"Cozinha da E.M Jo\u00e3o Damasceno Ferreira passa por obras"},"content":{"rendered":"<p style=\"text-align: justify;\">A menos de 30 dias do ano letivo de 2017, a Secretaria Municipal de Educa\u00e7\u00e3o e Cultura \u201ccorre contra o tempo\u201d para reestruturar as instala\u00e7\u00f5es das escolas municipais, por causa da precariedade de alguns espa\u00e7os. Na\u00a0E.M Jo\u00e3o Damasceno Ferreira a cozinha passou por\u00a0obras para recuperar o teto que estava vindo ao ch\u00e3o.<\/p>\n<p style=\"text-align: justify;\"><!--more--><\/p>\n<figure id=\"attachment_3854\" aria-describedby=\"caption-attachment-3854\" style=\"width: 750px\" class=\"wp-caption alignright\"><a href=\"http:\/\/www.polisrecreio.com.br\/site\/wp-content\/uploads\/2017\/01\/15.jpg\"><img loading=\"lazy\" class=\"wp-image-3854 size-full\" src=\"http:\/\/www.polisrecreio.com.br\/site\/wp-content\/uploads\/2017\/01\/15.jpg\" alt=\"Pedreiros na cozinha da E.M Jo\u00e3o Damasceno Ferreira.\" width=\"750\" height=\"563\" srcset=\"https:\/\/www.polisrecreio.com.br\/site\/wp-content\/uploads\/2017\/01\/15.jpg 750w, https:\/\/www.polisrecreio.com.br\/site\/wp-content\/uploads\/2017\/01\/15-300x225.jpg 300w\" sizes=\"(max-width: 750px) 100vw, 750px\" \/><\/a><figcaption id=\"caption-attachment-3854\" class=\"wp-caption-text\">Pedreiros na cozinha da E.M Jo\u00e3o Damasceno Ferreira.<\/figcaption><\/figure>\n<p style=\"text-align: justify;\">Segundo os pedreiros que est\u00e3o trabalhando na Escola do bairro Mandioca, o teto j\u00e1 foi todo recuperado, a dispensa onde ficam os alimentos tamb\u00e9m passou por melhorias por causa de mofos e na\u00a0cobertura houve trocas de algumas telhas quebradas. Durante esta semana os trabalhos continuam no col\u00e9gio.<\/p>\n<p style=\"text-align: justify;\">O ano letivo come\u00e7a dia 6 de fevereiro.<\/p>\n<figure id=\"attachment_3811\" aria-describedby=\"caption-attachment-3811\" style=\"width: 750px\" class=\"wp-caption aligncenter\"><a href=\"http:\/\/www.polisrecreio.com.br\/site\/wp-content\/uploads\/2017\/01\/22.jpg\"><img loading=\"lazy\" class=\"wp-image-3811 size-full\" src=\"http:\/\/www.polisrecreio.com.br\/site\/wp-content\/uploads\/2017\/01\/22.jpg\" alt=\"Cozinha da E.M Jo\u00e3o Damasceno Ferreira.\" width=\"750\" height=\"563\" srcset=\"https:\/\/www.polisrecreio.com.br\/site\/wp-content\/uploads\/2017\/01\/22.jpg 750w, https:\/\/www.polisrecreio.com.br\/site\/wp-content\/uploads\/2017\/01\/22-300x225.jpg 300w\" sizes=\"(max-width: 750px) 100vw, 750px\" \/><\/a><figcaption id=\"caption-attachment-3811\" class=\"wp-caption-text\">Cozinha da E.M Jo\u00e3o Damasceno Ferreira, no dia 2 de janeiro.<\/figcaption><\/figure>\n<figure id=\"attachment_3855\" aria-describedby=\"caption-attachment-3855\" style=\"width: 750px\" class=\"wp-caption aligncenter\"><a href=\"http:\/\/www.polisrecreio.com.br\/site\/wp-content\/uploads\/2017\/01\/24.jpg\"><img loading=\"lazy\" class=\"size-full wp-image-3855\" src=\"http:\/\/www.polisrecreio.com.br\/site\/wp-content\/uploads\/2017\/01\/24.jpg\" alt=\"Pedreiros na cozinha da E.M Jo\u00e3o Damasceno Ferreira.\" width=\"750\" height=\"563\" srcset=\"https:\/\/www.polisrecreio.com.br\/site\/wp-content\/uploads\/2017\/01\/24.jpg 750w, https:\/\/www.polisrecreio.com.br\/site\/wp-content\/uploads\/2017\/01\/24-300x225.jpg 300w\" sizes=\"(max-width: 750px) 100vw, 750px\" \/><\/a><figcaption id=\"caption-attachment-3855\" class=\"wp-caption-text\">Pedreiros na cozinha da E.M Jo\u00e3o Damasceno Ferreira.<\/figcaption><\/figure>\n","protected":false},"excerpt":{"rendered":"<p>A menos de 30 dias do ano letivo de 2017, a Secretaria Municipal de Educa\u00e7\u00e3o e Cultura \u201ccorre contra o tempo\u201d para reestruturar as instala\u00e7\u00f5es das escolas municipais, por causa da precariedade de alguns espa\u00e7os. Na\u00a0E.M Jo\u00e3o Damasceno Ferreira a cozinha passou por\u00a0obras para recuperar o teto que estava vindo ao ch\u00e3o.<\/p>\n","protected":false},"author":3,"featured_media":3854,"comment_status":"open","ping_status":"open","sticky":false,"template":"","format":"standard","meta":[],"categories":[9],"tags":[],"yoast_head":"<!-- This site is optimized with the Yoast SEO plugin v15.6.2 - https:\/\/yoast.com\/wordpress\/plugins\/seo\/ -->\n<meta name=\"robots\" content=\"index, follow, max-snippet:-1, max-image-preview:large, max-video-preview:-1\" \/>\n<link rel=\"canonical\" href=\"https:\/\/www.polisrecreio.com.br\/site\/2017\/01\/08\/cozinha-da-e-m-joao-damasceno-ferreira-passa-por-obras\/\" \/>\n<meta property=\"og:locale\" content=\"pt_BR\" \/>\n<meta property=\"og:type\" content=\"article\" \/>\n<meta property=\"og:title\" content=\"Cozinha da E.M Jo\u00e3o Damasceno Ferreira passa por obras - P\u00f3lis Recreio\" \/>\n<meta property=\"og:description\" content=\"A menos de 30 dias do ano letivo de 2017, a Secretaria Municipal de Educa\u00e7\u00e3o e Cultura \u201ccorre contra o tempo\u201d para reestruturar as instala\u00e7\u00f5es das escolas municipais, por causa da precariedade de alguns espa\u00e7os. Na\u00a0E.M Jo\u00e3o Damasceno Ferreira a cozinha passou por\u00a0obras para recuperar o teto que estava vindo ao ch\u00e3o.\" \/>\n<meta property=\"og:url\" content=\"https:\/\/www.polisrecreio.com.br\/site\/2017\/01\/08\/cozinha-da-e-m-joao-damasceno-ferreira-passa-por-obras\/\" \/>\n<meta property=\"og:site_name\" content=\"P\u00f3lis Recreio\" \/>\n<meta property=\"article:publisher\" content=\"https:\/\/www.facebook.com\/Site-P%c3%b3lis-Recreio-MG-181941708571019\/\" \/>\n<meta property=\"article:published_time\" content=\"2017-01-08T12:17:16+00:00\" \/>\n<meta property=\"article:modified_time\" content=\"2017-01-08T12:17:58+00:00\" \/>\n<meta property=\"og:image\" content=\"https:\/\/www.polisrecreio.com.br\/site\/wp-content\/uploads\/2017\/01\/15.jpg\" \/>\n\t<meta property=\"og:image:width\" content=\"750\" \/>\n\t<meta property=\"og:image:height\" content=\"563\" \/>\n<meta name=\"twitter:card\" content=\"summary_large_image\" \/>\n<meta name=\"twitter:creator\" content=\"@PolisRecreio\" \/>\n<meta name=\"twitter:site\" content=\"@PolisRecreio\" \/>\n<meta name=\"twitter:label1\" content=\"Est. reading time\">\n\t<meta name=\"twitter:data1\" content=\"1 minuto\">\n<script type=\"application\/ld+json\" class=\"yoast-schema-graph\">{\"@context\":\"https:\/\/schema.org\",\"@graph\":[{\"@type\":\"WebSite\",\"@id\":\"https:\/\/www.polisrecreio.com.br\/site\/#website\",\"url\":\"https:\/\/www.polisrecreio.com.br\/site\/\",\"name\":\"P\\u00f3lis Recreio\",\"description\":\"\",\"potentialAction\":[{\"@type\":\"SearchAction\",\"target\":\"https:\/\/www.polisrecreio.com.br\/site\/?s={search_term_string}\",\"query-input\":\"required name=search_term_string\"}],\"inLanguage\":\"pt-BR\"},{\"@type\":\"ImageObject\",\"@id\":\"https:\/\/www.polisrecreio.com.br\/site\/2017\/01\/08\/cozinha-da-e-m-joao-damasceno-ferreira-passa-por-obras\/#primaryimage\",\"inLanguage\":\"pt-BR\",\"url\":\"https:\/\/www.polisrecreio.com.br\/site\/wp-content\/uploads\/2017\/01\/15.jpg\",\"width\":750,\"height\":563,\"caption\":\"Pedreiros na cozinha da E.M Jo\\u00e3o Damasceno Ferreira.\"},{\"@type\":\"WebPage\",\"@id\":\"https:\/\/www.polisrecreio.com.br\/site\/2017\/01\/08\/cozinha-da-e-m-joao-damasceno-ferreira-passa-por-obras\/#webpage\",\"url\":\"https:\/\/www.polisrecreio.com.br\/site\/2017\/01\/08\/cozinha-da-e-m-joao-damasceno-ferreira-passa-por-obras\/\",\"name\":\"Cozinha da E.M Jo\\u00e3o Damasceno Ferreira passa por obras - P\\u00f3lis Recreio\",\"isPartOf\":{\"@id\":\"https:\/\/www.polisrecreio.com.br\/site\/#website\"},\"primaryImageOfPage\":{\"@id\":\"https:\/\/www.polisrecreio.com.br\/site\/2017\/01\/08\/cozinha-da-e-m-joao-damasceno-ferreira-passa-por-obras\/#primaryimage\"},\"datePublished\":\"2017-01-08T12:17:16+00:00\",\"dateModified\":\"2017-01-08T12:17:58+00:00\",\"author\":{\"@id\":\"https:\/\/www.polisrecreio.com.br\/site\/#\/schema\/person\/3363c1c78e1e28e1329d97adb387638e\"},\"inLanguage\":\"pt-BR\",\"potentialAction\":[{\"@type\":\"ReadAction\",\"target\":[\"https:\/\/www.polisrecreio.com.br\/site\/2017\/01\/08\/cozinha-da-e-m-joao-damasceno-ferreira-passa-por-obras\/\"]}]},{\"@type\":\"Person\",\"@id\":\"https:\/\/www.polisrecreio.com.br\/site\/#\/schema\/person\/3363c1c78e1e28e1329d97adb387638e\",\"name\":\"Leonardo Ribeiro\",\"image\":{\"@type\":\"ImageObject\",\"@id\":\"https:\/\/www.polisrecreio.com.br\/site\/#personlogo\",\"inLanguage\":\"pt-BR\",\"url\":\"https:\/\/secure.gravatar.com\/avatar\/6ba92a37d621e1a83e23710251178a12?s=96&d=mm&r=g\",\"caption\":\"Leonardo Ribeiro\"},\"sameAs\":[\"http:\/\/www.polisrecreio.com.br\"]}]}<\/script>\n<!-- \/ Yoast SEO plugin. -->","_links":{"self":[{"href":"https:\/\/www.polisrecreio.com.br\/site\/wp-json\/wp\/v2\/posts\/3853"}],"collection":[{"href":"https:\/\/www.polisrecreio.com.br\/site\/wp-json\/wp\/v2\/posts"}],"about":[{"href":"https:\/\/www.polisrecreio.com.br\/site\/wp-json\/wp\/v2\/types\/post"}],"author":[{"embeddable":true,"href":"https:\/\/www.polisrecreio.com.br\/site\/wp-json\/wp\/v2\/users\/3"}],"replies":[{"embeddable":true,"href":"https:\/\/www.polisrecreio.com.br\/site\/wp-json\/wp\/v2\/comments?post=3853"}],"version-history":[{"count":4,"href":"https:\/\/www.polisrecreio.com.br\/site\/wp-json\/wp\/v2\/posts\/3853\/revisions"}],"predecessor-version":[{"id":3859,"href":"https:\/\/www.polisrecreio.com.br\/site\/wp-json\/wp\/v2\/posts\/3853\/revisions\/3859"}],"wp:featuredmedia":[{"embeddable":true,"href":"https:\/\/www.polisrecreio.com.br\/site\/wp-json\/wp\/v2\/media\/3854"}],"wp:attachment":[{"href":"https:\/\/www.polisrecreio.com.br\/site\/wp-json\/wp\/v2\/media?parent=3853"}],"wp:term":[{"taxonomy":"category","embeddable":true,"href":"https:\/\/www.polisrecreio.com.br\/site\/wp-json\/wp\/v2\/categories?post=3853"},{"taxonomy":"post_tag","embeddable":true,"href":"https:\/\/www.polisrecreio.com.br\/site\/wp-json\/wp\/v2\/tags?post=3853"}],"curies":[{"name":"wp","href":"https:\/\/api.w.org\/{rel}","templated":true}]}}