{"id":3860,"date":"2017-01-09T11:48:37","date_gmt":"2017-01-09T14:48:37","guid":{"rendered":"http:\/\/www.polisrecreio.com.br\/site\/?p=3860"},"modified":"2017-01-09T11:54:09","modified_gmt":"2017-01-09T14:54:09","slug":"cras-planeja-retorno-das-atividades-e-atendimento-exclusivo-em-conceicao-da-boa-vista","status":"publish","type":"post","link":"https:\/\/www.polisrecreio.com.br\/site\/2017\/01\/09\/cras-planeja-retorno-das-atividades-e-atendimento-exclusivo-em-conceicao-da-boa-vista\/","title":{"rendered":"CRAS planeja retorno das atividades e atendimento exclusivo em Concei\u00e7\u00e3o da Boa Vista"},"content":{"rendered":"<p style=\"text-align: justify;\">Depois de uma semana de muito trabalho para reestruturar a equipe e normalizar os servi\u00e7os de atendimento, o secret\u00e1rio municipal de Desenvolvimento Social, Diego Pena, e o coordenador do Centro de Refer\u00eancia de Assist\u00eancia Social de Recreio \u201cCRAS\u201d, Marcelo Andrade, j\u00e1 planejam o retorno das atividades de socializa\u00e7\u00e3o para jovens e idosos e uma novidade, o atendimento exclusivo em Concei\u00e7\u00e3o da Boa Vista.<\/p>\n<p style=\"text-align: justify;\"><!--more--><\/p>\n<figure id=\"attachment_3862\" aria-describedby=\"caption-attachment-3862\" style=\"width: 750px\" class=\"wp-caption aligncenter\"><a href=\"http:\/\/www.polisrecreio.com.br\/site\/wp-content\/uploads\/2017\/01\/25.jpg\"><img loading=\"lazy\" class=\"size-full wp-image-3862\" src=\"http:\/\/www.polisrecreio.com.br\/site\/wp-content\/uploads\/2017\/01\/25.jpg\" alt=\"Equipe do CRAS e usu\u00e1rios.\" width=\"750\" height=\"422\" srcset=\"https:\/\/www.polisrecreio.com.br\/site\/wp-content\/uploads\/2017\/01\/25.jpg 750w, https:\/\/www.polisrecreio.com.br\/site\/wp-content\/uploads\/2017\/01\/25-300x169.jpg 300w\" sizes=\"(max-width: 750px) 100vw, 750px\" \/><\/a><figcaption id=\"caption-attachment-3862\" class=\"wp-caption-text\">Equipe do CRAS e usu\u00e1rios.<\/figcaption><\/figure>\n<p style=\"text-align: justify;\">Segundo o secret\u00e1rio Diego Pena, \u201ca primeira semana n\u00e3o foi f\u00e1cil. Trabalhamos muito para normalizar os servi\u00e7os\u201d. Os cadernos do Cad\u00danico n\u00e3o estavam organizados, senhas e programas foram extintos; of\u00edcios do Minist\u00e9rio P\u00fablico Federal estavam pendentes desde agosto de 2016; e a equipe precisou ser reestruturada\u201d, concluiu.<\/p>\n<p style=\"text-align: justify;\">Para retorno das atividades sociais aos jovens e idosos, assim como o atendimento exclusivo para os moradores de Concei\u00e7\u00e3o da Boa Vista, os usu\u00e1rios ter\u00e3o que\u00a0aguardar as contrata\u00e7\u00f5es dos profissionais, entre eles assistente social e psic\u00f3loga, que ir\u00e3o compor a equipe do CRAS. As contrata\u00e7\u00f5es ser\u00e3o atrav\u00e9s de processo seletivo, por\u00e9m, o edital ainda n\u00e3o foi divulgado pela Prefeitura Municipal.<\/p>\n<p style=\"text-align: justify;\">\u201cO projeto de levar o atendimento aos moradores de Concei\u00e7\u00e3o da Boa Vista ter\u00e1 a parceria da Secretaria Municipal de Sa\u00fade, que ir\u00e1 ceder uma sala na Unidade de Sa\u00fade. A ideia \u00e9 evitar que os usu\u00e1rios do distrito tenham que se deslocar at\u00e9 Recreio. Este atendimento exclusivo, uma vez na semana em um dia pr\u00e9-definido, dar\u00e1 mais agilidade na solu\u00e7\u00e3o de quest\u00f5es sociais dos moradores do distrito\u201d, disse o coordenador do CRAS, Marcelo Andrade.<\/p>\n<p style=\"text-align: justify;\"><a href=\"http:\/\/www.polisrecreio.com.br\/site\/wp-content\/uploads\/2017\/01\/16.jpg\"><img loading=\"lazy\" class=\"aligncenter size-full wp-image-3861\" src=\"http:\/\/www.polisrecreio.com.br\/site\/wp-content\/uploads\/2017\/01\/16.jpg\" alt=\"1\" width=\"748\" height=\"464\" srcset=\"https:\/\/www.polisrecreio.com.br\/site\/wp-content\/uploads\/2017\/01\/16.jpg 748w, https:\/\/www.polisrecreio.com.br\/site\/wp-content\/uploads\/2017\/01\/16-300x186.jpg 300w\" sizes=\"(max-width: 748px) 100vw, 748px\" \/><\/a><\/p>\n<p style=\"text-align: justify;\">O CRAS funciona na Rua Governador Valadores, de segunda-feira a sexta-feira, de 7h \u00e0s 16h. Na sala de espera o usu\u00e1rio agora conta com TV exibindo programas educacionais; WiFi liberado; e cafezinho.<\/p>\n","protected":false},"excerpt":{"rendered":"<p>Depois de uma semana de muito trabalho para reestruturar a equipe e normalizar os servi\u00e7os de atendimento, o secret\u00e1rio municipal de Desenvolvimento Social, Diego Pena, e o coordenador do Centro de Refer\u00eancia de Assist\u00eancia Social de Recreio \u201cCRAS\u201d, Marcelo Andrade, j\u00e1 planejam o retorno das atividades de socializa\u00e7\u00e3o para jovens e idosos e uma novidade, [&hellip;]<\/p>\n","protected":false},"author":3,"featured_media":3861,"comment_status":"open","ping_status":"open","sticky":false,"template":"","format":"standard","meta":[],"categories":[6],"tags":[],"yoast_head":"<!-- This site is optimized with the Yoast SEO plugin v15.6.2 - https:\/\/yoast.com\/wordpress\/plugins\/seo\/ -->\n<meta name=\"robots\" content=\"index, follow, max-snippet:-1, max-image-preview:large, max-video-preview:-1\" \/>\n<link rel=\"canonical\" href=\"https:\/\/www.polisrecreio.com.br\/site\/2017\/01\/09\/cras-planeja-retorno-das-atividades-e-atendimento-exclusivo-em-conceicao-da-boa-vista\/\" \/>\n<meta property=\"og:locale\" content=\"pt_BR\" \/>\n<meta property=\"og:type\" content=\"article\" \/>\n<meta property=\"og:title\" content=\"CRAS planeja retorno das atividades e atendimento exclusivo em Concei\u00e7\u00e3o da Boa Vista - P\u00f3lis Recreio\" \/>\n<meta property=\"og:description\" content=\"Depois de uma semana de muito trabalho para reestruturar a equipe e normalizar os servi\u00e7os de atendimento, o secret\u00e1rio municipal de Desenvolvimento Social, Diego Pena, e o coordenador do Centro de Refer\u00eancia de Assist\u00eancia Social de Recreio \u201cCRAS\u201d, Marcelo Andrade, j\u00e1 planejam o retorno das atividades de socializa\u00e7\u00e3o para jovens e idosos e uma novidade, [&hellip;]\" \/>\n<meta property=\"og:url\" content=\"https:\/\/www.polisrecreio.com.br\/site\/2017\/01\/09\/cras-planeja-retorno-das-atividades-e-atendimento-exclusivo-em-conceicao-da-boa-vista\/\" \/>\n<meta property=\"og:site_name\" content=\"P\u00f3lis Recreio\" \/>\n<meta property=\"article:publisher\" content=\"https:\/\/www.facebook.com\/Site-P%c3%b3lis-Recreio-MG-181941708571019\/\" \/>\n<meta property=\"article:published_time\" content=\"2017-01-09T14:48:37+00:00\" \/>\n<meta property=\"article:modified_time\" content=\"2017-01-09T14:54:09+00:00\" \/>\n<meta property=\"og:image\" content=\"https:\/\/www.polisrecreio.com.br\/site\/wp-content\/uploads\/2017\/01\/16.jpg\" \/>\n\t<meta property=\"og:image:width\" content=\"748\" \/>\n\t<meta property=\"og:image:height\" content=\"464\" \/>\n<meta name=\"twitter:card\" content=\"summary_large_image\" \/>\n<meta name=\"twitter:creator\" content=\"@PolisRecreio\" \/>\n<meta name=\"twitter:site\" content=\"@PolisRecreio\" \/>\n<meta name=\"twitter:label1\" content=\"Est. reading time\">\n\t<meta name=\"twitter:data1\" content=\"2 minutos\">\n<script type=\"application\/ld+json\" class=\"yoast-schema-graph\">{\"@context\":\"https:\/\/schema.org\",\"@graph\":[{\"@type\":\"WebSite\",\"@id\":\"https:\/\/www.polisrecreio.com.br\/site\/#website\",\"url\":\"https:\/\/www.polisrecreio.com.br\/site\/\",\"name\":\"P\\u00f3lis Recreio\",\"description\":\"\",\"potentialAction\":[{\"@type\":\"SearchAction\",\"target\":\"https:\/\/www.polisrecreio.com.br\/site\/?s={search_term_string}\",\"query-input\":\"required name=search_term_string\"}],\"inLanguage\":\"pt-BR\"},{\"@type\":\"ImageObject\",\"@id\":\"https:\/\/www.polisrecreio.com.br\/site\/2017\/01\/09\/cras-planeja-retorno-das-atividades-e-atendimento-exclusivo-em-conceicao-da-boa-vista\/#primaryimage\",\"inLanguage\":\"pt-BR\",\"url\":\"https:\/\/www.polisrecreio.com.br\/site\/wp-content\/uploads\/2017\/01\/16.jpg\",\"width\":748,\"height\":464},{\"@type\":\"WebPage\",\"@id\":\"https:\/\/www.polisrecreio.com.br\/site\/2017\/01\/09\/cras-planeja-retorno-das-atividades-e-atendimento-exclusivo-em-conceicao-da-boa-vista\/#webpage\",\"url\":\"https:\/\/www.polisrecreio.com.br\/site\/2017\/01\/09\/cras-planeja-retorno-das-atividades-e-atendimento-exclusivo-em-conceicao-da-boa-vista\/\",\"name\":\"CRAS planeja retorno das atividades e atendimento exclusivo em Concei\\u00e7\\u00e3o da Boa Vista - P\\u00f3lis Recreio\",\"isPartOf\":{\"@id\":\"https:\/\/www.polisrecreio.com.br\/site\/#website\"},\"primaryImageOfPage\":{\"@id\":\"https:\/\/www.polisrecreio.com.br\/site\/2017\/01\/09\/cras-planeja-retorno-das-atividades-e-atendimento-exclusivo-em-conceicao-da-boa-vista\/#primaryimage\"},\"datePublished\":\"2017-01-09T14:48:37+00:00\",\"dateModified\":\"2017-01-09T14:54:09+00:00\",\"author\":{\"@id\":\"https:\/\/www.polisrecreio.com.br\/site\/#\/schema\/person\/3363c1c78e1e28e1329d97adb387638e\"},\"inLanguage\":\"pt-BR\",\"potentialAction\":[{\"@type\":\"ReadAction\",\"target\":[\"https:\/\/www.polisrecreio.com.br\/site\/2017\/01\/09\/cras-planeja-retorno-das-atividades-e-atendimento-exclusivo-em-conceicao-da-boa-vista\/\"]}]},{\"@type\":\"Person\",\"@id\":\"https:\/\/www.polisrecreio.com.br\/site\/#\/schema\/person\/3363c1c78e1e28e1329d97adb387638e\",\"name\":\"Leonardo Ribeiro\",\"image\":{\"@type\":\"ImageObject\",\"@id\":\"https:\/\/www.polisrecreio.com.br\/site\/#personlogo\",\"inLanguage\":\"pt-BR\",\"url\":\"https:\/\/secure.gravatar.com\/avatar\/6ba92a37d621e1a83e23710251178a12?s=96&d=mm&r=g\",\"caption\":\"Leonardo Ribeiro\"},\"sameAs\":[\"http:\/\/www.polisrecreio.com.br\"]}]}<\/script>\n<!-- \/ Yoast SEO plugin. -->","_links":{"self":[{"href":"https:\/\/www.polisrecreio.com.br\/site\/wp-json\/wp\/v2\/posts\/3860"}],"collection":[{"href":"https:\/\/www.polisrecreio.com.br\/site\/wp-json\/wp\/v2\/posts"}],"about":[{"href":"https:\/\/www.polisrecreio.com.br\/site\/wp-json\/wp\/v2\/types\/post"}],"author":[{"embeddable":true,"href":"https:\/\/www.polisrecreio.com.br\/site\/wp-json\/wp\/v2\/users\/3"}],"replies":[{"embeddable":true,"href":"https:\/\/www.polisrecreio.com.br\/site\/wp-json\/wp\/v2\/comments?post=3860"}],"version-history":[{"count":9,"href":"https:\/\/www.polisrecreio.com.br\/site\/wp-json\/wp\/v2\/posts\/3860\/revisions"}],"predecessor-version":[{"id":3871,"href":"https:\/\/www.polisrecreio.com.br\/site\/wp-json\/wp\/v2\/posts\/3860\/revisions\/3871"}],"wp:featuredmedia":[{"embeddable":true,"href":"https:\/\/www.polisrecreio.com.br\/site\/wp-json\/wp\/v2\/media\/3861"}],"wp:attachment":[{"href":"https:\/\/www.polisrecreio.com.br\/site\/wp-json\/wp\/v2\/media?parent=3860"}],"wp:term":[{"taxonomy":"category","embeddable":true,"href":"https:\/\/www.polisrecreio.com.br\/site\/wp-json\/wp\/v2\/categories?post=3860"},{"taxonomy":"post_tag","embeddable":true,"href":"https:\/\/www.polisrecreio.com.br\/site\/wp-json\/wp\/v2\/tags?post=3860"}],"curies":[{"name":"wp","href":"https:\/\/api.w.org\/{rel}","templated":true}]}}