{"id":3872,"date":"2017-01-09T16:39:15","date_gmt":"2017-01-09T19:39:15","guid":{"rendered":"http:\/\/www.polisrecreio.com.br\/site\/?p=3872"},"modified":"2017-01-09T16:40:51","modified_gmt":"2017-01-09T19:40:51","slug":"chef-dan-goncalves-apresenta-projeto-voluntario-ao-prefeito-de-recreio","status":"publish","type":"post","link":"https:\/\/www.polisrecreio.com.br\/site\/2017\/01\/09\/chef-dan-goncalves-apresenta-projeto-voluntario-ao-prefeito-de-recreio\/","title":{"rendered":"Chef, Dan Gon\u00e7alves, apresenta projeto volunt\u00e1rio ao prefeito de Recreio"},"content":{"rendered":"<p style=\"text-align: justify;\">Um dos grandes nomes da gastronomia de Minas Gerais, o recreiense, Dan Gon\u00e7alves, apresentou ao prefeito de Recreio, Z\u00e9 Maria Barros, um projeto volunt\u00e1rio para a rede municipal de ensino, com hortas, treinamentos para cozinheiras e oficinas para crian\u00e7as. O prefeito acatou a ideia.<\/p>\n<p style=\"text-align: justify;\"><!--more--><\/p>\n<figure id=\"attachment_3873\" aria-describedby=\"caption-attachment-3873\" style=\"width: 750px\" class=\"wp-caption aligncenter\"><a href=\"http:\/\/www.polisrecreio.com.br\/site\/wp-content\/uploads\/2017\/01\/17.jpg\"><img loading=\"lazy\" class=\"size-full wp-image-3873\" src=\"http:\/\/www.polisrecreio.com.br\/site\/wp-content\/uploads\/2017\/01\/17.jpg\" alt=\"Dan, Z\u00e9 Maria Barros e Zez\u00e9.\" width=\"750\" height=\"384\" srcset=\"https:\/\/www.polisrecreio.com.br\/site\/wp-content\/uploads\/2017\/01\/17.jpg 750w, https:\/\/www.polisrecreio.com.br\/site\/wp-content\/uploads\/2017\/01\/17-300x154.jpg 300w\" sizes=\"(max-width: 750px) 100vw, 750px\" \/><\/a><figcaption id=\"caption-attachment-3873\" class=\"wp-caption-text\">Dan, Z\u00e9 Maria Barros e Zez\u00e9.<\/figcaption><\/figure>\n<p style=\"text-align: justify;\">Dan esteve reunido no gabinete do executivo municipal nesta segunda-feira (9) com o prefeito e com a sua secret\u00e1ria municipal de Educa\u00e7\u00e3o, Maria Jos\u00e9 Lacerda \u201cZez\u00e9\u201d. Na conversa o chef de cozinha prop\u00f4s trabalhar com as escolas da rede municipal de educa\u00e7\u00e3o. O primeiro passo ser\u00e1 o plantio de uma horta no Centro Educacional Crian\u00e7a Feliz. Na sequ\u00eancia ser\u00e3o realizados treinamentos sobre reaproveitamento de alimentos com as cozinheiras e oficinas de alimenta\u00e7\u00e3o saud\u00e1vel com as crian\u00e7as. O prefeito Z\u00e9 Maria acatou a ideia e nas pr\u00f3ximas o projeto ter\u00e1 in\u00edcio.<\/p>\n<p style=\"text-align: justify;\">O recreiense, Dan Gon\u00e7alves, \u00e9 ma\u00eetre do Independ\u00eancia Trade Hotel da rede de hot\u00e9is Victory de Juiz de Fora e membro do Home Made do Chef de Cozinha Leandro Monteiro.<\/p>\n","protected":false},"excerpt":{"rendered":"<p>Um dos grandes nomes da gastronomia de Minas Gerais, o recreiense, Dan Gon\u00e7alves, apresentou ao prefeito de Recreio, Z\u00e9 Maria Barros, um projeto volunt\u00e1rio para a rede municipal de ensino, com hortas, treinamentos para cozinheiras e oficinas para crian\u00e7as. O prefeito acatou a ideia.<\/p>\n","protected":false},"author":3,"featured_media":3873,"comment_status":"open","ping_status":"open","sticky":false,"template":"","format":"standard","meta":[],"categories":[9],"tags":[],"yoast_head":"<!-- This site is optimized with the Yoast SEO plugin v15.6.2 - https:\/\/yoast.com\/wordpress\/plugins\/seo\/ -->\n<meta name=\"robots\" content=\"index, follow, max-snippet:-1, max-image-preview:large, max-video-preview:-1\" \/>\n<link rel=\"canonical\" href=\"https:\/\/www.polisrecreio.com.br\/site\/2017\/01\/09\/chef-dan-goncalves-apresenta-projeto-voluntario-ao-prefeito-de-recreio\/\" \/>\n<meta property=\"og:locale\" content=\"pt_BR\" \/>\n<meta property=\"og:type\" content=\"article\" \/>\n<meta property=\"og:title\" content=\"Chef, Dan Gon\u00e7alves, apresenta projeto volunt\u00e1rio ao prefeito de Recreio - P\u00f3lis Recreio\" \/>\n<meta property=\"og:description\" content=\"Um dos grandes nomes da gastronomia de Minas Gerais, o recreiense, Dan Gon\u00e7alves, apresentou ao prefeito de Recreio, Z\u00e9 Maria Barros, um projeto volunt\u00e1rio para a rede municipal de ensino, com hortas, treinamentos para cozinheiras e oficinas para crian\u00e7as. O prefeito acatou a ideia.\" \/>\n<meta property=\"og:url\" content=\"https:\/\/www.polisrecreio.com.br\/site\/2017\/01\/09\/chef-dan-goncalves-apresenta-projeto-voluntario-ao-prefeito-de-recreio\/\" \/>\n<meta property=\"og:site_name\" content=\"P\u00f3lis Recreio\" \/>\n<meta property=\"article:publisher\" content=\"https:\/\/www.facebook.com\/Site-P%c3%b3lis-Recreio-MG-181941708571019\/\" \/>\n<meta property=\"article:published_time\" content=\"2017-01-09T19:39:15+00:00\" \/>\n<meta property=\"article:modified_time\" content=\"2017-01-09T19:40:51+00:00\" \/>\n<meta property=\"og:image\" content=\"https:\/\/www.polisrecreio.com.br\/site\/wp-content\/uploads\/2017\/01\/17.jpg\" \/>\n\t<meta property=\"og:image:width\" content=\"750\" \/>\n\t<meta property=\"og:image:height\" content=\"384\" \/>\n<meta name=\"twitter:card\" content=\"summary_large_image\" \/>\n<meta name=\"twitter:creator\" content=\"@PolisRecreio\" \/>\n<meta name=\"twitter:site\" content=\"@PolisRecreio\" \/>\n<meta name=\"twitter:label1\" content=\"Est. reading time\">\n\t<meta name=\"twitter:data1\" content=\"1 minuto\">\n<script type=\"application\/ld+json\" class=\"yoast-schema-graph\">{\"@context\":\"https:\/\/schema.org\",\"@graph\":[{\"@type\":\"WebSite\",\"@id\":\"https:\/\/www.polisrecreio.com.br\/site\/#website\",\"url\":\"https:\/\/www.polisrecreio.com.br\/site\/\",\"name\":\"P\\u00f3lis Recreio\",\"description\":\"\",\"potentialAction\":[{\"@type\":\"SearchAction\",\"target\":\"https:\/\/www.polisrecreio.com.br\/site\/?s={search_term_string}\",\"query-input\":\"required name=search_term_string\"}],\"inLanguage\":\"pt-BR\"},{\"@type\":\"ImageObject\",\"@id\":\"https:\/\/www.polisrecreio.com.br\/site\/2017\/01\/09\/chef-dan-goncalves-apresenta-projeto-voluntario-ao-prefeito-de-recreio\/#primaryimage\",\"inLanguage\":\"pt-BR\",\"url\":\"https:\/\/www.polisrecreio.com.br\/site\/wp-content\/uploads\/2017\/01\/17.jpg\",\"width\":750,\"height\":384,\"caption\":\"Dan, Z\\u00e9 Maria Barros e Zez\\u00e9.\"},{\"@type\":\"WebPage\",\"@id\":\"https:\/\/www.polisrecreio.com.br\/site\/2017\/01\/09\/chef-dan-goncalves-apresenta-projeto-voluntario-ao-prefeito-de-recreio\/#webpage\",\"url\":\"https:\/\/www.polisrecreio.com.br\/site\/2017\/01\/09\/chef-dan-goncalves-apresenta-projeto-voluntario-ao-prefeito-de-recreio\/\",\"name\":\"Chef, Dan Gon\\u00e7alves, apresenta projeto volunt\\u00e1rio ao prefeito de Recreio - P\\u00f3lis Recreio\",\"isPartOf\":{\"@id\":\"https:\/\/www.polisrecreio.com.br\/site\/#website\"},\"primaryImageOfPage\":{\"@id\":\"https:\/\/www.polisrecreio.com.br\/site\/2017\/01\/09\/chef-dan-goncalves-apresenta-projeto-voluntario-ao-prefeito-de-recreio\/#primaryimage\"},\"datePublished\":\"2017-01-09T19:39:15+00:00\",\"dateModified\":\"2017-01-09T19:40:51+00:00\",\"author\":{\"@id\":\"https:\/\/www.polisrecreio.com.br\/site\/#\/schema\/person\/3363c1c78e1e28e1329d97adb387638e\"},\"inLanguage\":\"pt-BR\",\"potentialAction\":[{\"@type\":\"ReadAction\",\"target\":[\"https:\/\/www.polisrecreio.com.br\/site\/2017\/01\/09\/chef-dan-goncalves-apresenta-projeto-voluntario-ao-prefeito-de-recreio\/\"]}]},{\"@type\":\"Person\",\"@id\":\"https:\/\/www.polisrecreio.com.br\/site\/#\/schema\/person\/3363c1c78e1e28e1329d97adb387638e\",\"name\":\"Leonardo Ribeiro\",\"image\":{\"@type\":\"ImageObject\",\"@id\":\"https:\/\/www.polisrecreio.com.br\/site\/#personlogo\",\"inLanguage\":\"pt-BR\",\"url\":\"https:\/\/secure.gravatar.com\/avatar\/6ba92a37d621e1a83e23710251178a12?s=96&d=mm&r=g\",\"caption\":\"Leonardo Ribeiro\"},\"sameAs\":[\"http:\/\/www.polisrecreio.com.br\"]}]}<\/script>\n<!-- \/ Yoast SEO plugin. -->","_links":{"self":[{"href":"https:\/\/www.polisrecreio.com.br\/site\/wp-json\/wp\/v2\/posts\/3872"}],"collection":[{"href":"https:\/\/www.polisrecreio.com.br\/site\/wp-json\/wp\/v2\/posts"}],"about":[{"href":"https:\/\/www.polisrecreio.com.br\/site\/wp-json\/wp\/v2\/types\/post"}],"author":[{"embeddable":true,"href":"https:\/\/www.polisrecreio.com.br\/site\/wp-json\/wp\/v2\/users\/3"}],"replies":[{"embeddable":true,"href":"https:\/\/www.polisrecreio.com.br\/site\/wp-json\/wp\/v2\/comments?post=3872"}],"version-history":[{"count":3,"href":"https:\/\/www.polisrecreio.com.br\/site\/wp-json\/wp\/v2\/posts\/3872\/revisions"}],"predecessor-version":[{"id":3876,"href":"https:\/\/www.polisrecreio.com.br\/site\/wp-json\/wp\/v2\/posts\/3872\/revisions\/3876"}],"wp:featuredmedia":[{"embeddable":true,"href":"https:\/\/www.polisrecreio.com.br\/site\/wp-json\/wp\/v2\/media\/3873"}],"wp:attachment":[{"href":"https:\/\/www.polisrecreio.com.br\/site\/wp-json\/wp\/v2\/media?parent=3872"}],"wp:term":[{"taxonomy":"category","embeddable":true,"href":"https:\/\/www.polisrecreio.com.br\/site\/wp-json\/wp\/v2\/categories?post=3872"},{"taxonomy":"post_tag","embeddable":true,"href":"https:\/\/www.polisrecreio.com.br\/site\/wp-json\/wp\/v2\/tags?post=3872"}],"curies":[{"name":"wp","href":"https:\/\/api.w.org\/{rel}","templated":true}]}}