{"id":3878,"date":"2017-01-09T19:42:35","date_gmt":"2017-01-09T22:42:35","guid":{"rendered":"http:\/\/www.polisrecreio.com.br\/site\/?p=3878"},"modified":"2017-01-09T19:47:08","modified_gmt":"2017-01-09T22:47:08","slug":"camara-reune-se-em-sessao-extraordinaria-e-vereador-pede-vista-em-criacao-de-secretaria","status":"publish","type":"post","link":"https:\/\/www.polisrecreio.com.br\/site\/2017\/01\/09\/camara-reune-se-em-sessao-extraordinaria-e-vereador-pede-vista-em-criacao-de-secretaria\/","title":{"rendered":"C\u00e2mara re\u00fane-se em sess\u00e3o extraordin\u00e1ria e vereador pede vista em cria\u00e7\u00e3o de Secretaria"},"content":{"rendered":"<p style=\"text-align: justify;\">Na noite desta segunda-feira (9), a C\u00e2mara Municipal reuniu-se em sess\u00e3o extraordin\u00e1ria para analisar e votar dois projetos de lei enviados pelo executivo municipal. A proposta de coopera\u00e7\u00e3o m\u00fatua entre Prefeitura e Pol\u00edcia Militar, foi aprovada por unanimidade. O projeto que prev\u00ea a cria\u00e7\u00e3o da Secretaria de Infraestrutura Rural ficou para ser votado na pr\u00f3xima quarta-feira (11), depois de pedido de vista do vereador Beto (PRB).<\/p>\n<p style=\"text-align: justify;\"><!--more--><\/p>\n<figure id=\"attachment_3879\" aria-describedby=\"caption-attachment-3879\" style=\"width: 750px\" class=\"wp-caption aligncenter\"><a href=\"http:\/\/www.polisrecreio.com.br\/site\/wp-content\/uploads\/2017\/01\/IMG-20170109-WA0006.jpg\"><img loading=\"lazy\" class=\"size-full wp-image-3879\" src=\"http:\/\/www.polisrecreio.com.br\/site\/wp-content\/uploads\/2017\/01\/IMG-20170109-WA0006.jpg\" alt=\"Sess\u00e3o da C\u00e2mara de Recreio.\" width=\"750\" height=\"422\" srcset=\"https:\/\/www.polisrecreio.com.br\/site\/wp-content\/uploads\/2017\/01\/IMG-20170109-WA0006.jpg 750w, https:\/\/www.polisrecreio.com.br\/site\/wp-content\/uploads\/2017\/01\/IMG-20170109-WA0006-300x169.jpg 300w\" sizes=\"(max-width: 750px) 100vw, 750px\" \/><\/a><figcaption id=\"caption-attachment-3879\" class=\"wp-caption-text\">Sess\u00e3o da C\u00e2mara de Recreio.<\/figcaption><\/figure>\n<p style=\"text-align: justify;\">A primeira vota\u00e7\u00e3o da noite foi do projeto de lei municipal n\u00ba 1.481\/2017, onde o prefeito, Z\u00e9 Maria Barros (PSB), solicitou \u201cautoriza\u00e7\u00e3o para celebrar conv\u00eanio com o Governo do Estado atrav\u00e9s da Secretaria de Seguran\u00e7a P\u00fablica de Minas Gerais \u2013 Pol\u00edcia Militar de Minas Gerais \u2013 para estabelecimento de condi\u00e7\u00f5es de coopera\u00e7\u00e3o m\u00fatua visando aperfei\u00e7oar os servi\u00e7os de policiamento ostensivo e a preserva\u00e7\u00e3o da ordem p\u00fablica\u201d. No art. 1\u00ba, par\u00e1grafo 2\u00ba, especifica-se que o repasse ser\u00e1 de R$ 34.800 para o corrente ano. Os vereadores aprovaram de forma un\u00e2nime.<\/p>\n<p style=\"text-align: justify;\">No projeto de lei municipal n\u00ba 1.482\/2017, o executivo municipal pediu autoriza\u00e7\u00e3o para alterar a estrutura administrativa da Prefeitura, criando a Secretaria de Infraestrutura Rural e equiparando o vencimento do procurador jur\u00eddico municipal ao de secret\u00e1rio. Neste projeto o vereador Beto (PRB) questionou a proposta de cria\u00e7\u00e3o de mais uma secretaria em Recreio, abordando a ocorr\u00eancia do prefeito ter decretado situa\u00e7\u00e3o de calamidade administrativa, financeira e de infraestrutura, por meio do decreto n\u00ba 001\/2017. Usando de sua prerrogativa de pedir vista para analisar melhor o projeto e diante do fato do prefeito ter anunciado durante a sua posse que iria extinguir a Secretaria de Governo, a vista foi acatada pelo presidente do legislativo, Paulinho (PSD).<\/p>\n<p style=\"text-align: justify;\">Em conversa com o Site P\u00f3lis ap\u00f3s a reuni\u00e3o, o vereador Beto disse que n\u00e3o \u00e9 contra a cria\u00e7\u00e3o da pasta que ir\u00e1 cuidar da zona rural e distritos, apenas pediu vista para entender melhor esse poss\u00edvel custo a mais para o Munic\u00edpio.<\/p>\n<p style=\"text-align: justify;\">O secret\u00e1rio de Desenvolvimento Social, Diego Pena, que estava na reuni\u00e3o tamb\u00e9m se manifestou sobre o assunto ao P\u00f3lis. Segundo ele, \u201cn\u00e3o h\u00e1 um custo a mais, pois a dota\u00e7\u00e3o or\u00e7ament\u00e1ria da Secretaria de Governo foi anulada nesta pasta\u00a0no momento que ela passa a ser vinculada a Secretaria de Infraestrutura Rural, conforme consta no projeto\u201d.<\/p>\n<p style=\"text-align: justify;\">O presidente da C\u00e2mara marcou para quarta-feira (11) a sess\u00e3o para discutir e votar a altera\u00e7\u00e3o na estrutura administrativa.<\/p>\n","protected":false},"excerpt":{"rendered":"<p>Na noite desta segunda-feira (9), a C\u00e2mara Municipal reuniu-se em sess\u00e3o extraordin\u00e1ria para analisar e votar dois projetos de lei enviados pelo executivo municipal. A proposta de coopera\u00e7\u00e3o m\u00fatua entre Prefeitura e Pol\u00edcia Militar, foi aprovada por unanimidade. O projeto que prev\u00ea a cria\u00e7\u00e3o da Secretaria de Infraestrutura Rural ficou para ser votado na pr\u00f3xima [&hellip;]<\/p>\n","protected":false},"author":3,"featured_media":3879,"comment_status":"open","ping_status":"open","sticky":false,"template":"","format":"standard","meta":[],"categories":[6],"tags":[],"yoast_head":"<!-- This site is optimized with the Yoast SEO plugin v15.6.2 - https:\/\/yoast.com\/wordpress\/plugins\/seo\/ -->\n<meta name=\"robots\" content=\"index, follow, max-snippet:-1, max-image-preview:large, max-video-preview:-1\" \/>\n<link rel=\"canonical\" href=\"http:\/\/www.polisrecreio.com.br\/site\/2017\/01\/09\/camara-reune-se-em-sessao-extraordinaria-e-vereador-pede-vista-em-criacao-de-secretaria\/\" \/>\n<meta property=\"og:locale\" content=\"pt_BR\" \/>\n<meta property=\"og:type\" content=\"article\" \/>\n<meta property=\"og:title\" content=\"C\u00e2mara re\u00fane-se em sess\u00e3o extraordin\u00e1ria e vereador pede vista em cria\u00e7\u00e3o de Secretaria - P\u00f3lis Recreio\" \/>\n<meta property=\"og:description\" content=\"Na noite desta segunda-feira (9), a C\u00e2mara Municipal reuniu-se em sess\u00e3o extraordin\u00e1ria para analisar e votar dois projetos de lei enviados pelo executivo municipal. A proposta de coopera\u00e7\u00e3o m\u00fatua entre Prefeitura e Pol\u00edcia Militar, foi aprovada por unanimidade. O projeto que prev\u00ea a cria\u00e7\u00e3o da Secretaria de Infraestrutura Rural ficou para ser votado na pr\u00f3xima [&hellip;]\" \/>\n<meta property=\"og:url\" content=\"http:\/\/www.polisrecreio.com.br\/site\/2017\/01\/09\/camara-reune-se-em-sessao-extraordinaria-e-vereador-pede-vista-em-criacao-de-secretaria\/\" \/>\n<meta property=\"og:site_name\" content=\"P\u00f3lis Recreio\" \/>\n<meta property=\"article:publisher\" content=\"https:\/\/www.facebook.com\/Site-P%c3%b3lis-Recreio-MG-181941708571019\/\" \/>\n<meta property=\"article:published_time\" content=\"2017-01-09T22:42:35+00:00\" \/>\n<meta property=\"article:modified_time\" content=\"2017-01-09T22:47:08+00:00\" \/>\n<meta property=\"og:image\" content=\"https:\/\/www.polisrecreio.com.br\/site\/wp-content\/uploads\/2017\/01\/IMG-20170109-WA0006.jpg\" \/>\n\t<meta property=\"og:image:width\" content=\"750\" \/>\n\t<meta property=\"og:image:height\" content=\"422\" \/>\n<meta name=\"twitter:card\" content=\"summary_large_image\" \/>\n<meta name=\"twitter:creator\" content=\"@PolisRecreio\" \/>\n<meta name=\"twitter:site\" content=\"@PolisRecreio\" \/>\n<meta name=\"twitter:label1\" content=\"Est. reading time\">\n\t<meta name=\"twitter:data1\" content=\"2 minutos\">\n<script type=\"application\/ld+json\" class=\"yoast-schema-graph\">{\"@context\":\"https:\/\/schema.org\",\"@graph\":[{\"@type\":\"WebSite\",\"@id\":\"https:\/\/www.polisrecreio.com.br\/site\/#website\",\"url\":\"https:\/\/www.polisrecreio.com.br\/site\/\",\"name\":\"P\\u00f3lis Recreio\",\"description\":\"\",\"potentialAction\":[{\"@type\":\"SearchAction\",\"target\":\"https:\/\/www.polisrecreio.com.br\/site\/?s={search_term_string}\",\"query-input\":\"required name=search_term_string\"}],\"inLanguage\":\"pt-BR\"},{\"@type\":\"ImageObject\",\"@id\":\"http:\/\/www.polisrecreio.com.br\/site\/2017\/01\/09\/camara-reune-se-em-sessao-extraordinaria-e-vereador-pede-vista-em-criacao-de-secretaria\/#primaryimage\",\"inLanguage\":\"pt-BR\",\"url\":\"https:\/\/www.polisrecreio.com.br\/site\/wp-content\/uploads\/2017\/01\/IMG-20170109-WA0006.jpg\",\"width\":750,\"height\":422,\"caption\":\"Sess\\u00e3o da C\\u00e2mara de Recreio.\"},{\"@type\":\"WebPage\",\"@id\":\"http:\/\/www.polisrecreio.com.br\/site\/2017\/01\/09\/camara-reune-se-em-sessao-extraordinaria-e-vereador-pede-vista-em-criacao-de-secretaria\/#webpage\",\"url\":\"http:\/\/www.polisrecreio.com.br\/site\/2017\/01\/09\/camara-reune-se-em-sessao-extraordinaria-e-vereador-pede-vista-em-criacao-de-secretaria\/\",\"name\":\"C\\u00e2mara re\\u00fane-se em sess\\u00e3o extraordin\\u00e1ria e vereador pede vista em cria\\u00e7\\u00e3o de Secretaria - P\\u00f3lis Recreio\",\"isPartOf\":{\"@id\":\"https:\/\/www.polisrecreio.com.br\/site\/#website\"},\"primaryImageOfPage\":{\"@id\":\"http:\/\/www.polisrecreio.com.br\/site\/2017\/01\/09\/camara-reune-se-em-sessao-extraordinaria-e-vereador-pede-vista-em-criacao-de-secretaria\/#primaryimage\"},\"datePublished\":\"2017-01-09T22:42:35+00:00\",\"dateModified\":\"2017-01-09T22:47:08+00:00\",\"author\":{\"@id\":\"https:\/\/www.polisrecreio.com.br\/site\/#\/schema\/person\/3363c1c78e1e28e1329d97adb387638e\"},\"inLanguage\":\"pt-BR\",\"potentialAction\":[{\"@type\":\"ReadAction\",\"target\":[\"http:\/\/www.polisrecreio.com.br\/site\/2017\/01\/09\/camara-reune-se-em-sessao-extraordinaria-e-vereador-pede-vista-em-criacao-de-secretaria\/\"]}]},{\"@type\":\"Person\",\"@id\":\"https:\/\/www.polisrecreio.com.br\/site\/#\/schema\/person\/3363c1c78e1e28e1329d97adb387638e\",\"name\":\"Leonardo Ribeiro\",\"image\":{\"@type\":\"ImageObject\",\"@id\":\"https:\/\/www.polisrecreio.com.br\/site\/#personlogo\",\"inLanguage\":\"pt-BR\",\"url\":\"https:\/\/secure.gravatar.com\/avatar\/6ba92a37d621e1a83e23710251178a12?s=96&d=mm&r=g\",\"caption\":\"Leonardo Ribeiro\"},\"sameAs\":[\"http:\/\/www.polisrecreio.com.br\"]}]}<\/script>\n<!-- \/ Yoast SEO plugin. -->","_links":{"self":[{"href":"https:\/\/www.polisrecreio.com.br\/site\/wp-json\/wp\/v2\/posts\/3878"}],"collection":[{"href":"https:\/\/www.polisrecreio.com.br\/site\/wp-json\/wp\/v2\/posts"}],"about":[{"href":"https:\/\/www.polisrecreio.com.br\/site\/wp-json\/wp\/v2\/types\/post"}],"author":[{"embeddable":true,"href":"https:\/\/www.polisrecreio.com.br\/site\/wp-json\/wp\/v2\/users\/3"}],"replies":[{"embeddable":true,"href":"https:\/\/www.polisrecreio.com.br\/site\/wp-json\/wp\/v2\/comments?post=3878"}],"version-history":[{"count":4,"href":"https:\/\/www.polisrecreio.com.br\/site\/wp-json\/wp\/v2\/posts\/3878\/revisions"}],"predecessor-version":[{"id":3883,"href":"https:\/\/www.polisrecreio.com.br\/site\/wp-json\/wp\/v2\/posts\/3878\/revisions\/3883"}],"wp:featuredmedia":[{"embeddable":true,"href":"https:\/\/www.polisrecreio.com.br\/site\/wp-json\/wp\/v2\/media\/3879"}],"wp:attachment":[{"href":"https:\/\/www.polisrecreio.com.br\/site\/wp-json\/wp\/v2\/media?parent=3878"}],"wp:term":[{"taxonomy":"category","embeddable":true,"href":"https:\/\/www.polisrecreio.com.br\/site\/wp-json\/wp\/v2\/categories?post=3878"},{"taxonomy":"post_tag","embeddable":true,"href":"https:\/\/www.polisrecreio.com.br\/site\/wp-json\/wp\/v2\/tags?post=3878"}],"curies":[{"name":"wp","href":"https:\/\/api.w.org\/{rel}","templated":true}]}}