{"id":3884,"date":"2017-01-10T06:41:04","date_gmt":"2017-01-10T09:41:04","guid":{"rendered":"http:\/\/www.polisrecreio.com.br\/site\/?p=3884"},"modified":"2017-01-10T06:41:04","modified_gmt":"2017-01-10T09:41:04","slug":"professor-da-ufmg-faz-palestra-em-recreio-nesta-terca-feira-sobre-tripanossomose-bovina","status":"publish","type":"post","link":"https:\/\/www.polisrecreio.com.br\/site\/2017\/01\/10\/professor-da-ufmg-faz-palestra-em-recreio-nesta-terca-feira-sobre-tripanossomose-bovina\/","title":{"rendered":"Professor da UFMG faz palestra em Recreio, nesta ter\u00e7a-feira, sobre \u201ctripanossomose bovina\u201d"},"content":{"rendered":"<p style=\"text-align: justify;\">Nesta ter\u00e7a-feira (10), a partir das 19h, atrav\u00e9s da Prefeitura Municipal, o professor da cl\u00ednica de ruminantes da Universidade Federal de Minas Gerais, Rodrigo de Melo Meneses, estar\u00e1 em Recreio, no Centro Cultural Aristides Dorigo, palestrando para pecuaristas e a popula\u00e7\u00e3o em geral sobre a doen\u00e7a que est\u00e1 matando rebanhos de gado leiteiro, a chamada \u201ctripanossomose bovina\u201d.<\/p>\n<p style=\"text-align: justify;\"><!--more--><\/p>\n<figure id=\"attachment_3795\" aria-describedby=\"caption-attachment-3795\" style=\"width: 960px\" class=\"wp-caption aligncenter\"><a href=\"http:\/\/www.polisrecreio.com.br\/site\/wp-content\/uploads\/2017\/01\/317021_365087646931426_535455511_n.jpg\"><img loading=\"lazy\" class=\"wp-image-3795 size-full\" src=\"http:\/\/www.polisrecreio.com.br\/site\/wp-content\/uploads\/2017\/01\/317021_365087646931426_535455511_n.jpg\" alt=\"317021_365087646931426_535455511_n\" width=\"960\" height=\"720\" srcset=\"https:\/\/www.polisrecreio.com.br\/site\/wp-content\/uploads\/2017\/01\/317021_365087646931426_535455511_n.jpg 960w, https:\/\/www.polisrecreio.com.br\/site\/wp-content\/uploads\/2017\/01\/317021_365087646931426_535455511_n-300x225.jpg 300w\" sizes=\"(max-width: 960px) 100vw, 960px\" \/><\/a><figcaption id=\"caption-attachment-3795\" class=\"wp-caption-text\">Professor Rodrigo Meneses. Foto: Arquivo pessoal.<\/figcaption><\/figure>\n<p style=\"text-align: justify;\">A doen\u00e7a, tema da palestra do professor Rodrigo Meneses, \u00e9 transmitida pelo protozo\u00e1rio\u00a0<em>Tripanosoma vivax.<\/em><em>\u00a0<\/em>Segundo informa\u00e7\u00f5es obtidas pelo Site P\u00f3lis os bovinos acometidos pela doen\u00e7a apresentam falta de apetite, febre, emagrecimento, anemia, hemorragias generalizadas, muitos morrem em menos de uma semana, outros sintomas como aborto, redu\u00e7\u00e3o na produ\u00e7\u00e3o de leite e cegueira, tamb\u00e9m podem ser observados. A doen\u00e7a pode ser transmitida por insetos hemat\u00f3fagos, como moscas dos est\u00e1bulos ou pelo uso da mesma agulha para v\u00e1rios animais em per\u00edodos de vacina\u00e7\u00e3o, sem passar pelo processo de esteriliza\u00e7\u00e3o.<\/p>\n<p style=\"text-align: justify;\">O local da palestra, o Centro Cultural Aristides, fica na antiga esta\u00e7\u00e3o ferrovi\u00e1ria, no Centro de Recreio. A entrada \u00e9 franca.<\/p>\n","protected":false},"excerpt":{"rendered":"<p>Nesta ter\u00e7a-feira (10), a partir das 19h, atrav\u00e9s da Prefeitura Municipal, o professor da cl\u00ednica de ruminantes da Universidade Federal de Minas Gerais, Rodrigo de Melo Meneses, estar\u00e1 em Recreio, no Centro Cultural Aristides Dorigo, palestrando para pecuaristas e a popula\u00e7\u00e3o em geral sobre a doen\u00e7a que est\u00e1 matando rebanhos de gado leiteiro, a chamada [&hellip;]<\/p>\n","protected":false},"author":3,"featured_media":3795,"comment_status":"open","ping_status":"open","sticky":false,"template":"","format":"standard","meta":[],"categories":[14],"tags":[],"yoast_head":"<!-- This site is optimized with the Yoast SEO plugin v15.6.2 - https:\/\/yoast.com\/wordpress\/plugins\/seo\/ -->\n<meta name=\"robots\" content=\"index, follow, max-snippet:-1, max-image-preview:large, max-video-preview:-1\" \/>\n<link rel=\"canonical\" href=\"http:\/\/www.polisrecreio.com.br\/site\/2017\/01\/10\/professor-da-ufmg-faz-palestra-em-recreio-nesta-terca-feira-sobre-tripanossomose-bovina\/\" \/>\n<meta property=\"og:locale\" content=\"pt_BR\" \/>\n<meta property=\"og:type\" content=\"article\" \/>\n<meta property=\"og:title\" content=\"Professor da UFMG faz palestra em Recreio, nesta ter\u00e7a-feira, sobre \u201ctripanossomose bovina\u201d - P\u00f3lis Recreio\" \/>\n<meta property=\"og:description\" content=\"Nesta ter\u00e7a-feira (10), a partir das 19h, atrav\u00e9s da Prefeitura Municipal, o professor da cl\u00ednica de ruminantes da Universidade Federal de Minas Gerais, Rodrigo de Melo Meneses, estar\u00e1 em Recreio, no Centro Cultural Aristides Dorigo, palestrando para pecuaristas e a popula\u00e7\u00e3o em geral sobre a doen\u00e7a que est\u00e1 matando rebanhos de gado leiteiro, a chamada [&hellip;]\" \/>\n<meta property=\"og:url\" content=\"http:\/\/www.polisrecreio.com.br\/site\/2017\/01\/10\/professor-da-ufmg-faz-palestra-em-recreio-nesta-terca-feira-sobre-tripanossomose-bovina\/\" \/>\n<meta property=\"og:site_name\" content=\"P\u00f3lis Recreio\" \/>\n<meta property=\"article:publisher\" content=\"https:\/\/www.facebook.com\/Site-P%c3%b3lis-Recreio-MG-181941708571019\/\" \/>\n<meta property=\"article:published_time\" content=\"2017-01-10T09:41:04+00:00\" \/>\n<meta property=\"og:image\" content=\"https:\/\/www.polisrecreio.com.br\/site\/wp-content\/uploads\/2017\/01\/317021_365087646931426_535455511_n.jpg\" \/>\n\t<meta property=\"og:image:width\" content=\"960\" \/>\n\t<meta property=\"og:image:height\" content=\"720\" \/>\n<meta name=\"twitter:card\" content=\"summary_large_image\" \/>\n<meta name=\"twitter:creator\" content=\"@PolisRecreio\" \/>\n<meta name=\"twitter:site\" content=\"@PolisRecreio\" \/>\n<meta name=\"twitter:label1\" content=\"Est. reading time\">\n\t<meta name=\"twitter:data1\" content=\"1 minuto\">\n<script type=\"application\/ld+json\" class=\"yoast-schema-graph\">{\"@context\":\"https:\/\/schema.org\",\"@graph\":[{\"@type\":\"WebSite\",\"@id\":\"https:\/\/www.polisrecreio.com.br\/site\/#website\",\"url\":\"https:\/\/www.polisrecreio.com.br\/site\/\",\"name\":\"P\\u00f3lis Recreio\",\"description\":\"\",\"potentialAction\":[{\"@type\":\"SearchAction\",\"target\":\"https:\/\/www.polisrecreio.com.br\/site\/?s={search_term_string}\",\"query-input\":\"required name=search_term_string\"}],\"inLanguage\":\"pt-BR\"},{\"@type\":\"ImageObject\",\"@id\":\"http:\/\/www.polisrecreio.com.br\/site\/2017\/01\/10\/professor-da-ufmg-faz-palestra-em-recreio-nesta-terca-feira-sobre-tripanossomose-bovina\/#primaryimage\",\"inLanguage\":\"pt-BR\",\"url\":\"https:\/\/www.polisrecreio.com.br\/site\/wp-content\/uploads\/2017\/01\/317021_365087646931426_535455511_n.jpg\",\"width\":960,\"height\":720},{\"@type\":\"WebPage\",\"@id\":\"http:\/\/www.polisrecreio.com.br\/site\/2017\/01\/10\/professor-da-ufmg-faz-palestra-em-recreio-nesta-terca-feira-sobre-tripanossomose-bovina\/#webpage\",\"url\":\"http:\/\/www.polisrecreio.com.br\/site\/2017\/01\/10\/professor-da-ufmg-faz-palestra-em-recreio-nesta-terca-feira-sobre-tripanossomose-bovina\/\",\"name\":\"Professor da UFMG faz palestra em Recreio, nesta ter\\u00e7a-feira, sobre \\u201ctripanossomose bovina\\u201d - P\\u00f3lis Recreio\",\"isPartOf\":{\"@id\":\"https:\/\/www.polisrecreio.com.br\/site\/#website\"},\"primaryImageOfPage\":{\"@id\":\"http:\/\/www.polisrecreio.com.br\/site\/2017\/01\/10\/professor-da-ufmg-faz-palestra-em-recreio-nesta-terca-feira-sobre-tripanossomose-bovina\/#primaryimage\"},\"datePublished\":\"2017-01-10T09:41:04+00:00\",\"dateModified\":\"2017-01-10T09:41:04+00:00\",\"author\":{\"@id\":\"https:\/\/www.polisrecreio.com.br\/site\/#\/schema\/person\/3363c1c78e1e28e1329d97adb387638e\"},\"inLanguage\":\"pt-BR\",\"potentialAction\":[{\"@type\":\"ReadAction\",\"target\":[\"http:\/\/www.polisrecreio.com.br\/site\/2017\/01\/10\/professor-da-ufmg-faz-palestra-em-recreio-nesta-terca-feira-sobre-tripanossomose-bovina\/\"]}]},{\"@type\":\"Person\",\"@id\":\"https:\/\/www.polisrecreio.com.br\/site\/#\/schema\/person\/3363c1c78e1e28e1329d97adb387638e\",\"name\":\"Leonardo Ribeiro\",\"image\":{\"@type\":\"ImageObject\",\"@id\":\"https:\/\/www.polisrecreio.com.br\/site\/#personlogo\",\"inLanguage\":\"pt-BR\",\"url\":\"https:\/\/secure.gravatar.com\/avatar\/6ba92a37d621e1a83e23710251178a12?s=96&d=mm&r=g\",\"caption\":\"Leonardo Ribeiro\"},\"sameAs\":[\"http:\/\/www.polisrecreio.com.br\"]}]}<\/script>\n<!-- \/ Yoast SEO plugin. -->","_links":{"self":[{"href":"https:\/\/www.polisrecreio.com.br\/site\/wp-json\/wp\/v2\/posts\/3884"}],"collection":[{"href":"https:\/\/www.polisrecreio.com.br\/site\/wp-json\/wp\/v2\/posts"}],"about":[{"href":"https:\/\/www.polisrecreio.com.br\/site\/wp-json\/wp\/v2\/types\/post"}],"author":[{"embeddable":true,"href":"https:\/\/www.polisrecreio.com.br\/site\/wp-json\/wp\/v2\/users\/3"}],"replies":[{"embeddable":true,"href":"https:\/\/www.polisrecreio.com.br\/site\/wp-json\/wp\/v2\/comments?post=3884"}],"version-history":[{"count":1,"href":"https:\/\/www.polisrecreio.com.br\/site\/wp-json\/wp\/v2\/posts\/3884\/revisions"}],"predecessor-version":[{"id":3885,"href":"https:\/\/www.polisrecreio.com.br\/site\/wp-json\/wp\/v2\/posts\/3884\/revisions\/3885"}],"wp:featuredmedia":[{"embeddable":true,"href":"https:\/\/www.polisrecreio.com.br\/site\/wp-json\/wp\/v2\/media\/3795"}],"wp:attachment":[{"href":"https:\/\/www.polisrecreio.com.br\/site\/wp-json\/wp\/v2\/media?parent=3884"}],"wp:term":[{"taxonomy":"category","embeddable":true,"href":"https:\/\/www.polisrecreio.com.br\/site\/wp-json\/wp\/v2\/categories?post=3884"},{"taxonomy":"post_tag","embeddable":true,"href":"https:\/\/www.polisrecreio.com.br\/site\/wp-json\/wp\/v2\/tags?post=3884"}],"curies":[{"name":"wp","href":"https:\/\/api.w.org\/{rel}","templated":true}]}}