{"id":3886,"date":"2017-01-10T10:54:49","date_gmt":"2017-01-10T13:54:49","guid":{"rendered":"http:\/\/www.polisrecreio.com.br\/site\/?p=3886"},"modified":"2017-01-10T10:54:49","modified_gmt":"2017-01-10T13:54:49","slug":"focos-do-aedes-aegypti-sao-encontrados-no-planalto-centro-e-arraial-do-sape","status":"publish","type":"post","link":"https:\/\/www.polisrecreio.com.br\/site\/2017\/01\/10\/focos-do-aedes-aegypti-sao-encontrados-no-planalto-centro-e-arraial-do-sape\/","title":{"rendered":"Focos do Aedes aegypti s\u00e3o encontrados no Planalto, Centro e Arraial do Sap\u00e9"},"content":{"rendered":"<p style=\"text-align: justify;\">Na primeira semana de 2017, em apenas tr\u00eas dias, a equipe da Vigil\u00e2ncia Epidemiol\u00f3gica encontrou oito focos positivos do Aedes aegypti nos bairros Planalto, Centro e Arraial do Sap\u00e9. O mosquito \u00e9 o transmissor da dengue, febre chinkungunya e do zika v\u00edrus, em alguns casos ele pode levar o infectado \u00e0 morte.<\/p>\n<p style=\"text-align: justify;\"><!--more--><\/p>\n<p style=\"text-align: justify;\"><a href=\"http:\/\/www.polisrecreio.com.br\/site\/wp-content\/uploads\/2017\/01\/Mosquito-da-dengue.jpg\"><img loading=\"lazy\" class=\"aligncenter size-full wp-image-3887\" src=\"http:\/\/www.polisrecreio.com.br\/site\/wp-content\/uploads\/2017\/01\/Mosquito-da-dengue.jpg\" alt=\"mosquito-da-dengue\" width=\"748\" height=\"436\" srcset=\"https:\/\/www.polisrecreio.com.br\/site\/wp-content\/uploads\/2017\/01\/Mosquito-da-dengue.jpg 748w, https:\/\/www.polisrecreio.com.br\/site\/wp-content\/uploads\/2017\/01\/Mosquito-da-dengue-300x175.jpg 300w\" sizes=\"(max-width: 748px) 100vw, 748px\" \/><\/a><\/p>\n<p style=\"text-align: justify;\">Segundo informa\u00e7\u00f5es apresentadas pela Epidemiologia do Munic\u00edpio, os trabalhos foram realizados no dias 4, 5 e 6 de janeiro. O bairro com maior incid\u00eancia neste in\u00edcio de ano foi o Planalto, com 5 focos positivos (Rua Firmino Borges; Rua Octavio F. Neto, 2; e Avenida Joaquim Ant\u00f4nio Ferreira, 2). No Centro houve registro na Pra\u00e7a Get\u00falio Vargas (Terminal Rodovi\u00e1rio) e na Rua Domingues Vieira. No Arraial do Sap\u00e9 o foco estava na Rua J\u00falio Cust\u00f3dio Silva.<\/p>\n<p style=\"text-align: justify;\">Em todos os pontos (prato de planta, lata de tinta, pote de manteiga, ralos e bebedouro de animais) onde houve a incid\u00eancia das larvas os agentes exterminaram os focos e trataram o local com o produto Sumilarv.<\/p>\n","protected":false},"excerpt":{"rendered":"<p>Na primeira semana de 2017, em apenas tr\u00eas dias, a equipe da Vigil\u00e2ncia Epidemiol\u00f3gica encontrou oito focos positivos do Aedes aegypti nos bairros Planalto, Centro e Arraial do Sap\u00e9. O mosquito \u00e9 o transmissor da dengue, febre chinkungunya e do zika v\u00edrus, em alguns casos ele pode levar o infectado \u00e0 morte.<\/p>\n","protected":false},"author":3,"featured_media":3887,"comment_status":"open","ping_status":"open","sticky":false,"template":"","format":"standard","meta":[],"categories":[7],"tags":[],"yoast_head":"<!-- This site is optimized with the Yoast SEO plugin v15.6.2 - https:\/\/yoast.com\/wordpress\/plugins\/seo\/ -->\n<meta name=\"robots\" content=\"index, follow, max-snippet:-1, max-image-preview:large, max-video-preview:-1\" \/>\n<link rel=\"canonical\" href=\"http:\/\/www.polisrecreio.com.br\/site\/2017\/01\/10\/focos-do-aedes-aegypti-sao-encontrados-no-planalto-centro-e-arraial-do-sape\/\" \/>\n<meta property=\"og:locale\" content=\"pt_BR\" \/>\n<meta property=\"og:type\" content=\"article\" \/>\n<meta property=\"og:title\" content=\"Focos do Aedes aegypti s\u00e3o encontrados no Planalto, Centro e Arraial do Sap\u00e9 - P\u00f3lis Recreio\" \/>\n<meta property=\"og:description\" content=\"Na primeira semana de 2017, em apenas tr\u00eas dias, a equipe da Vigil\u00e2ncia Epidemiol\u00f3gica encontrou oito focos positivos do Aedes aegypti nos bairros Planalto, Centro e Arraial do Sap\u00e9. O mosquito \u00e9 o transmissor da dengue, febre chinkungunya e do zika v\u00edrus, em alguns casos ele pode levar o infectado \u00e0 morte.\" \/>\n<meta property=\"og:url\" content=\"http:\/\/www.polisrecreio.com.br\/site\/2017\/01\/10\/focos-do-aedes-aegypti-sao-encontrados-no-planalto-centro-e-arraial-do-sape\/\" \/>\n<meta property=\"og:site_name\" content=\"P\u00f3lis Recreio\" \/>\n<meta property=\"article:publisher\" content=\"https:\/\/www.facebook.com\/Site-P%c3%b3lis-Recreio-MG-181941708571019\/\" \/>\n<meta property=\"article:published_time\" content=\"2017-01-10T13:54:49+00:00\" \/>\n<meta property=\"og:image\" content=\"https:\/\/www.polisrecreio.com.br\/site\/wp-content\/uploads\/2017\/01\/Mosquito-da-dengue.jpg\" \/>\n\t<meta property=\"og:image:width\" content=\"748\" \/>\n\t<meta property=\"og:image:height\" content=\"436\" \/>\n<meta name=\"twitter:card\" content=\"summary_large_image\" \/>\n<meta name=\"twitter:creator\" content=\"@PolisRecreio\" \/>\n<meta name=\"twitter:site\" content=\"@PolisRecreio\" \/>\n<meta name=\"twitter:label1\" content=\"Est. reading time\">\n\t<meta name=\"twitter:data1\" content=\"1 minuto\">\n<script type=\"application\/ld+json\" class=\"yoast-schema-graph\">{\"@context\":\"https:\/\/schema.org\",\"@graph\":[{\"@type\":\"WebSite\",\"@id\":\"https:\/\/www.polisrecreio.com.br\/site\/#website\",\"url\":\"https:\/\/www.polisrecreio.com.br\/site\/\",\"name\":\"P\\u00f3lis Recreio\",\"description\":\"\",\"potentialAction\":[{\"@type\":\"SearchAction\",\"target\":\"https:\/\/www.polisrecreio.com.br\/site\/?s={search_term_string}\",\"query-input\":\"required name=search_term_string\"}],\"inLanguage\":\"pt-BR\"},{\"@type\":\"ImageObject\",\"@id\":\"http:\/\/www.polisrecreio.com.br\/site\/2017\/01\/10\/focos-do-aedes-aegypti-sao-encontrados-no-planalto-centro-e-arraial-do-sape\/#primaryimage\",\"inLanguage\":\"pt-BR\",\"url\":\"https:\/\/www.polisrecreio.com.br\/site\/wp-content\/uploads\/2017\/01\/Mosquito-da-dengue.jpg\",\"width\":748,\"height\":436},{\"@type\":\"WebPage\",\"@id\":\"http:\/\/www.polisrecreio.com.br\/site\/2017\/01\/10\/focos-do-aedes-aegypti-sao-encontrados-no-planalto-centro-e-arraial-do-sape\/#webpage\",\"url\":\"http:\/\/www.polisrecreio.com.br\/site\/2017\/01\/10\/focos-do-aedes-aegypti-sao-encontrados-no-planalto-centro-e-arraial-do-sape\/\",\"name\":\"Focos do Aedes aegypti s\\u00e3o encontrados no Planalto, Centro e Arraial do Sap\\u00e9 - P\\u00f3lis Recreio\",\"isPartOf\":{\"@id\":\"https:\/\/www.polisrecreio.com.br\/site\/#website\"},\"primaryImageOfPage\":{\"@id\":\"http:\/\/www.polisrecreio.com.br\/site\/2017\/01\/10\/focos-do-aedes-aegypti-sao-encontrados-no-planalto-centro-e-arraial-do-sape\/#primaryimage\"},\"datePublished\":\"2017-01-10T13:54:49+00:00\",\"dateModified\":\"2017-01-10T13:54:49+00:00\",\"author\":{\"@id\":\"https:\/\/www.polisrecreio.com.br\/site\/#\/schema\/person\/3363c1c78e1e28e1329d97adb387638e\"},\"inLanguage\":\"pt-BR\",\"potentialAction\":[{\"@type\":\"ReadAction\",\"target\":[\"http:\/\/www.polisrecreio.com.br\/site\/2017\/01\/10\/focos-do-aedes-aegypti-sao-encontrados-no-planalto-centro-e-arraial-do-sape\/\"]}]},{\"@type\":\"Person\",\"@id\":\"https:\/\/www.polisrecreio.com.br\/site\/#\/schema\/person\/3363c1c78e1e28e1329d97adb387638e\",\"name\":\"Leonardo Ribeiro\",\"image\":{\"@type\":\"ImageObject\",\"@id\":\"https:\/\/www.polisrecreio.com.br\/site\/#personlogo\",\"inLanguage\":\"pt-BR\",\"url\":\"https:\/\/secure.gravatar.com\/avatar\/6ba92a37d621e1a83e23710251178a12?s=96&d=mm&r=g\",\"caption\":\"Leonardo Ribeiro\"},\"sameAs\":[\"http:\/\/www.polisrecreio.com.br\"]}]}<\/script>\n<!-- \/ Yoast SEO plugin. -->","_links":{"self":[{"href":"https:\/\/www.polisrecreio.com.br\/site\/wp-json\/wp\/v2\/posts\/3886"}],"collection":[{"href":"https:\/\/www.polisrecreio.com.br\/site\/wp-json\/wp\/v2\/posts"}],"about":[{"href":"https:\/\/www.polisrecreio.com.br\/site\/wp-json\/wp\/v2\/types\/post"}],"author":[{"embeddable":true,"href":"https:\/\/www.polisrecreio.com.br\/site\/wp-json\/wp\/v2\/users\/3"}],"replies":[{"embeddable":true,"href":"https:\/\/www.polisrecreio.com.br\/site\/wp-json\/wp\/v2\/comments?post=3886"}],"version-history":[{"count":1,"href":"https:\/\/www.polisrecreio.com.br\/site\/wp-json\/wp\/v2\/posts\/3886\/revisions"}],"predecessor-version":[{"id":3888,"href":"https:\/\/www.polisrecreio.com.br\/site\/wp-json\/wp\/v2\/posts\/3886\/revisions\/3888"}],"wp:featuredmedia":[{"embeddable":true,"href":"https:\/\/www.polisrecreio.com.br\/site\/wp-json\/wp\/v2\/media\/3887"}],"wp:attachment":[{"href":"https:\/\/www.polisrecreio.com.br\/site\/wp-json\/wp\/v2\/media?parent=3886"}],"wp:term":[{"taxonomy":"category","embeddable":true,"href":"https:\/\/www.polisrecreio.com.br\/site\/wp-json\/wp\/v2\/categories?post=3886"},{"taxonomy":"post_tag","embeddable":true,"href":"https:\/\/www.polisrecreio.com.br\/site\/wp-json\/wp\/v2\/tags?post=3886"}],"curies":[{"name":"wp","href":"https:\/\/api.w.org\/{rel}","templated":true}]}}