{"id":3889,"date":"2017-01-11T07:42:11","date_gmt":"2017-01-11T10:42:11","guid":{"rendered":"http:\/\/www.polisrecreio.com.br\/site\/?p=3889"},"modified":"2017-01-11T12:27:29","modified_gmt":"2017-01-11T15:27:29","slug":"pecuaristas-veterinarios-e-outros-participaram-da-palestra-sobre-tripanossomose-bovina","status":"publish","type":"post","link":"https:\/\/www.polisrecreio.com.br\/site\/2017\/01\/11\/pecuaristas-veterinarios-e-outros-participaram-da-palestra-sobre-tripanossomose-bovina\/","title":{"rendered":"Pecuaristas, veterin\u00e1rios e outros, participaram da palestra sobre tripanossomose bovina"},"content":{"rendered":"<p style=\"text-align: justify;\">A tripanossomose bovina, uma doen\u00e7a que est\u00e1 ocasionando a morte de rebanhos de gado leiteiro e pouco conhecida pelos produtores rurais da nossa regi\u00e3o, foi tema da palestra do professor da Universidade Federal de Minas Gerais, Rodrigo Meneses, realizada em Recreio atrav\u00e9s da Prefeitura Municipal na noite de ontem (10). Cerca de 100 participantes, entre eles pecuaristas, m\u00e9dicos veterin\u00e1rios e outros, estiveram na apresenta\u00e7\u00e3o.<\/p>\n<p style=\"text-align: justify;\"><!--more--><\/p>\n<figure id=\"attachment_3894\" aria-describedby=\"caption-attachment-3894\" style=\"width: 750px\" class=\"wp-caption aligncenter\"><a href=\"http:\/\/www.polisrecreio.com.br\/site\/wp-content\/uploads\/2017\/01\/52.jpg\"><img loading=\"lazy\" class=\"wp-image-3894 size-full\" src=\"http:\/\/www.polisrecreio.com.br\/site\/wp-content\/uploads\/2017\/01\/52.jpg\" alt=\"5\" width=\"750\" height=\"563\" srcset=\"https:\/\/www.polisrecreio.com.br\/site\/wp-content\/uploads\/2017\/01\/52.jpg 750w, https:\/\/www.polisrecreio.com.br\/site\/wp-content\/uploads\/2017\/01\/52-300x225.jpg 300w\" sizes=\"(max-width: 750px) 100vw, 750px\" \/><\/a><figcaption id=\"caption-attachment-3894\" class=\"wp-caption-text\">Professor Rodrigo Meneses.<\/figcaption><\/figure>\n<p style=\"text-align: justify;\">O professor Rodrigo em pouco mais de 2 horas apresentou aos ouvintes no Centro Cultural Aristides Dorigo a origem da doen\u00e7a, os fatores cl\u00ednicos, transmiss\u00e3o, diagn\u00f3sticos e os tratamentos indicados ao gado, al\u00e9m de responder questionamentos da plateia e mostrar um pouco do trabalho que est\u00e1 desenvolvendo na UFMG perante a doen\u00e7a.<\/p>\n<p style=\"text-align: justify;\">Antes de iniciar a palestra foram convidados a compor a mesa principal, o prefeito de Recreio, Z\u00e9 Maria Barros; o vice-prefeito, Jo\u00e3o D\u00f3lar; o secret\u00e1rio municipal de Agricultura, Pesca e Pecu\u00e1ria, Lu\u00eds Ot\u00e1vio Guilherme Silva; o presidente da C\u00e2mara de Vereadores, Paulo Henrique Ferreira da Silva \u201cPaulinho\u201d; a m\u00e9dica veterin\u00e1ria, Lara Lacerda; e o professor da cl\u00ednica de ruminantes da Universidade Federal de Minas Gerais, Rodrigo Meses, mestrado e doutorado em ci\u00eancia animal pela UFMG.<\/p>\n<figure id=\"attachment_3891\" aria-describedby=\"caption-attachment-3891\" style=\"width: 750px\" class=\"wp-caption aligncenter\"><a href=\"http:\/\/www.polisrecreio.com.br\/site\/wp-content\/uploads\/2017\/01\/26.jpg\"><img loading=\"lazy\" class=\"wp-image-3891 size-full\" src=\"http:\/\/www.polisrecreio.com.br\/site\/wp-content\/uploads\/2017\/01\/26.jpg\" alt=\"2\" width=\"750\" height=\"563\" srcset=\"https:\/\/www.polisrecreio.com.br\/site\/wp-content\/uploads\/2017\/01\/26.jpg 750w, https:\/\/www.polisrecreio.com.br\/site\/wp-content\/uploads\/2017\/01\/26-300x225.jpg 300w\" sizes=\"(max-width: 750px) 100vw, 750px\" \/><\/a><figcaption id=\"caption-attachment-3891\" class=\"wp-caption-text\">Professor Rodrigo; veterin\u00e1ria Lara; vereador Paulinho; prefeito Z\u00e9 Maria; vice Jo\u00e3o D\u00f3lar; e secret\u00e1rio Luis Ot\u00e1vio.<\/figcaption><\/figure>\n<p style=\"text-align: justify;\">Segundo Rodrigo, \u201ca doen\u00e7a \u00e9 causada pelo protozo\u00e1rio Trypanosoma vivax, sendo diagnosticada pela primeira vez na \u00c1frica, se disseminando posteriormente para \u00c1sia e Am\u00e9ricas, por meio da importa\u00e7\u00e3o de animais. Os primeiros registros no Brasil ocorreram nos anos de 1970 e a partir da\u00ed ela passou encontrada em v\u00e1rios Estados. Em Minas Gerais a doen\u00e7a apareceu por volta da segunda d\u00e9cada de 2000. Quando o gado est\u00e1 acometido pela tripanossomose ele apresenta falta de apetite, febre, emagrecimento, anemia, hemorragias generalizadas, muitos morrem em menos de uma semana, outros sintomas como aborto, redu\u00e7\u00e3o na produ\u00e7\u00e3o de leite e cegueira, tamb\u00e9m podem ser observados. A doen\u00e7a pode ser transmitida por insetos hemat\u00f3fagos, como moscas dos est\u00e1bulos ou pelo uso da mesma agulha para v\u00e1rios animais em per\u00edodos de vacina\u00e7\u00e3o, sem passar pelo processo de esteriliza\u00e7\u00e3o. O diagn\u00f3stico deve ser feito por meio de exames de sangue. Os tratamentos indicados s\u00e3o o dimenazene, os medicamentos com princ\u00edpios ativos homidium e o cloreto de isometamidium, que est\u00e1 sendo a solu\u00e7\u00e3o problema, existe tamb\u00e9m a quirapiramida, que \u00e9 muito eficaz, por\u00e9m este n\u00e3o \u00e9 comercializado no pa\u00eds\u201d, concluiu.<\/p>\n<p style=\"text-align: justify;\">Antes de encerrar a palestra o professor respondeu a alguns questionamentos dos participantes e em sua maioria as perguntas eram pertinentes a precau\u00e7\u00e3o. De forma simples Rodrigo respondeu a todos que \u201c\u00e9 preciso mudar os h\u00e1bitos do curral, adotando medidas mais higi\u00eanicas, inclusive, dando fim ao uso das mesmas agulhas para aplica\u00e7\u00e3o do medicamento ocitocina, um horm\u00f4nio que \u00e9 aplicado cerca de duas vezes ao dia para ampliar a produtividade do gado leiteiro\u201d. De acordo com o professor, nas pesquisas da UFMG, \u201ca maioria das incid\u00eancias da doen\u00e7a no Estado s\u00e3o por causa do compartilhamento dessas agulhas.\u201d<\/p>\n<figure id=\"attachment_3893\" aria-describedby=\"caption-attachment-3893\" style=\"width: 750px\" class=\"wp-caption aligncenter\"><a href=\"http:\/\/www.polisrecreio.com.br\/site\/wp-content\/uploads\/2017\/01\/42.jpg\"><img loading=\"lazy\" class=\"wp-image-3893 size-full\" src=\"http:\/\/www.polisrecreio.com.br\/site\/wp-content\/uploads\/2017\/01\/42.jpg\" alt=\"4\" width=\"750\" height=\"563\" srcset=\"https:\/\/www.polisrecreio.com.br\/site\/wp-content\/uploads\/2017\/01\/42.jpg 750w, https:\/\/www.polisrecreio.com.br\/site\/wp-content\/uploads\/2017\/01\/42-300x225.jpg 300w\" sizes=\"(max-width: 750px) 100vw, 750px\" \/><\/a><figcaption id=\"caption-attachment-3893\" class=\"wp-caption-text\">Palestra do professor Rodrigo.<\/figcaption><\/figure>\n<figure id=\"attachment_3892\" aria-describedby=\"caption-attachment-3892\" style=\"width: 750px\" class=\"wp-caption aligncenter\"><a href=\"http:\/\/www.polisrecreio.com.br\/site\/wp-content\/uploads\/2017\/01\/34.jpg\"><img loading=\"lazy\" class=\"wp-image-3892 size-full\" src=\"http:\/\/www.polisrecreio.com.br\/site\/wp-content\/uploads\/2017\/01\/34.jpg\" alt=\"3\" width=\"750\" height=\"563\" srcset=\"https:\/\/www.polisrecreio.com.br\/site\/wp-content\/uploads\/2017\/01\/34.jpg 750w, https:\/\/www.polisrecreio.com.br\/site\/wp-content\/uploads\/2017\/01\/34-300x225.jpg 300w\" sizes=\"(max-width: 750px) 100vw, 750px\" \/><\/a><figcaption id=\"caption-attachment-3892\" class=\"wp-caption-text\">P\u00fablico presente.<\/figcaption><\/figure>\n<figure id=\"attachment_3890\" aria-describedby=\"caption-attachment-3890\" style=\"width: 750px\" class=\"wp-caption aligncenter\"><a href=\"http:\/\/www.polisrecreio.com.br\/site\/wp-content\/uploads\/2017\/01\/18.jpg\"><img loading=\"lazy\" class=\"wp-image-3890 size-full\" src=\"http:\/\/www.polisrecreio.com.br\/site\/wp-content\/uploads\/2017\/01\/18.jpg\" alt=\"Professor Rodrigo Meneses.\" width=\"750\" height=\"563\" srcset=\"https:\/\/www.polisrecreio.com.br\/site\/wp-content\/uploads\/2017\/01\/18.jpg 750w, https:\/\/www.polisrecreio.com.br\/site\/wp-content\/uploads\/2017\/01\/18-300x225.jpg 300w\" sizes=\"(max-width: 750px) 100vw, 750px\" \/><\/a><figcaption id=\"caption-attachment-3890\" class=\"wp-caption-text\">P\u00fablico presente.<\/figcaption><\/figure>\n<figure id=\"attachment_3896\" aria-describedby=\"caption-attachment-3896\" style=\"width: 750px\" class=\"wp-caption aligncenter\"><a href=\"http:\/\/www.polisrecreio.com.br\/site\/wp-content\/uploads\/2017\/01\/71.jpg\"><img loading=\"lazy\" class=\"wp-image-3896 size-full\" src=\"http:\/\/www.polisrecreio.com.br\/site\/wp-content\/uploads\/2017\/01\/71.jpg\" alt=\"7\" width=\"750\" height=\"563\" srcset=\"https:\/\/www.polisrecreio.com.br\/site\/wp-content\/uploads\/2017\/01\/71.jpg 750w, https:\/\/www.polisrecreio.com.br\/site\/wp-content\/uploads\/2017\/01\/71-300x225.jpg 300w\" sizes=\"(max-width: 750px) 100vw, 750px\" \/><\/a><figcaption id=\"caption-attachment-3896\" class=\"wp-caption-text\">Professor Rodrigo.<\/figcaption><\/figure>\n<p style=\"text-align: justify;\">Ao final da palestra Rodrigo distribuiu tubos para que os produtores retirassem amostras do sangue de suas vacas com os sintomas da doen\u00e7a. O professor far\u00e1 a an\u00e1lise. Na manh\u00e3 desta quarta-feira (11), acompanhado da m\u00e9dica veterin\u00e1ria Lara Lacerda, o palestrante visitar\u00e1 duas propriedades rurais com a poss\u00edvel incid\u00eancia da tripanossomose.<\/p>\n<figure id=\"attachment_3895\" aria-describedby=\"caption-attachment-3895\" style=\"width: 750px\" class=\"wp-caption aligncenter\"><a href=\"http:\/\/www.polisrecreio.com.br\/site\/wp-content\/uploads\/2017\/01\/62.jpg\"><img loading=\"lazy\" class=\"wp-image-3895 size-full\" src=\"http:\/\/www.polisrecreio.com.br\/site\/wp-content\/uploads\/2017\/01\/62.jpg\" alt=\"6\" width=\"750\" height=\"563\" srcset=\"https:\/\/www.polisrecreio.com.br\/site\/wp-content\/uploads\/2017\/01\/62.jpg 750w, https:\/\/www.polisrecreio.com.br\/site\/wp-content\/uploads\/2017\/01\/62-300x225.jpg 300w\" sizes=\"(max-width: 750px) 100vw, 750px\" \/><\/a><figcaption id=\"caption-attachment-3895\" class=\"wp-caption-text\">Palestra do professor Rodrigo.<\/figcaption><\/figure>\n","protected":false},"excerpt":{"rendered":"<p>A tripanossomose bovina, uma doen\u00e7a que est\u00e1 ocasionando a morte de rebanhos de gado leiteiro e pouco conhecida pelos produtores rurais da nossa regi\u00e3o, foi tema da palestra do professor da Universidade Federal de Minas Gerais, Rodrigo Meneses, realizada em Recreio atrav\u00e9s da Prefeitura Municipal na noite de ontem (10). Cerca de 100 participantes, entre [&hellip;]<\/p>\n","protected":false},"author":3,"featured_media":3895,"comment_status":"open","ping_status":"open","sticky":false,"template":"","format":"standard","meta":[],"categories":[14],"tags":[],"yoast_head":"<!-- This site is optimized with the Yoast SEO plugin v15.6.2 - https:\/\/yoast.com\/wordpress\/plugins\/seo\/ -->\n<meta name=\"robots\" content=\"index, follow, max-snippet:-1, max-image-preview:large, max-video-preview:-1\" \/>\n<link rel=\"canonical\" href=\"http:\/\/www.polisrecreio.com.br\/site\/2017\/01\/11\/pecuaristas-veterinarios-e-outros-participaram-da-palestra-sobre-tripanossomose-bovina\/\" \/>\n<meta property=\"og:locale\" content=\"pt_BR\" \/>\n<meta property=\"og:type\" content=\"article\" \/>\n<meta property=\"og:title\" content=\"Pecuaristas, veterin\u00e1rios e outros, participaram da palestra sobre tripanossomose bovina - P\u00f3lis Recreio\" \/>\n<meta property=\"og:description\" content=\"A tripanossomose bovina, uma doen\u00e7a que est\u00e1 ocasionando a morte de rebanhos de gado leiteiro e pouco conhecida pelos produtores rurais da nossa regi\u00e3o, foi tema da palestra do professor da Universidade Federal de Minas Gerais, Rodrigo Meneses, realizada em Recreio atrav\u00e9s da Prefeitura Municipal na noite de ontem (10). Cerca de 100 participantes, entre [&hellip;]\" \/>\n<meta property=\"og:url\" content=\"http:\/\/www.polisrecreio.com.br\/site\/2017\/01\/11\/pecuaristas-veterinarios-e-outros-participaram-da-palestra-sobre-tripanossomose-bovina\/\" \/>\n<meta property=\"og:site_name\" content=\"P\u00f3lis Recreio\" \/>\n<meta property=\"article:publisher\" content=\"https:\/\/www.facebook.com\/Site-P%c3%b3lis-Recreio-MG-181941708571019\/\" \/>\n<meta property=\"article:published_time\" content=\"2017-01-11T10:42:11+00:00\" \/>\n<meta property=\"article:modified_time\" content=\"2017-01-11T15:27:29+00:00\" \/>\n<meta property=\"og:image\" content=\"https:\/\/www.polisrecreio.com.br\/site\/wp-content\/uploads\/2017\/01\/62.jpg\" \/>\n\t<meta property=\"og:image:width\" content=\"750\" \/>\n\t<meta property=\"og:image:height\" content=\"563\" \/>\n<meta name=\"twitter:card\" content=\"summary_large_image\" \/>\n<meta name=\"twitter:creator\" content=\"@PolisRecreio\" \/>\n<meta name=\"twitter:site\" content=\"@PolisRecreio\" \/>\n<meta name=\"twitter:label1\" content=\"Est. reading time\">\n\t<meta name=\"twitter:data1\" content=\"3 minutos\">\n<script type=\"application\/ld+json\" class=\"yoast-schema-graph\">{\"@context\":\"https:\/\/schema.org\",\"@graph\":[{\"@type\":\"WebSite\",\"@id\":\"https:\/\/www.polisrecreio.com.br\/site\/#website\",\"url\":\"https:\/\/www.polisrecreio.com.br\/site\/\",\"name\":\"P\\u00f3lis Recreio\",\"description\":\"\",\"potentialAction\":[{\"@type\":\"SearchAction\",\"target\":\"https:\/\/www.polisrecreio.com.br\/site\/?s={search_term_string}\",\"query-input\":\"required name=search_term_string\"}],\"inLanguage\":\"pt-BR\"},{\"@type\":\"ImageObject\",\"@id\":\"http:\/\/www.polisrecreio.com.br\/site\/2017\/01\/11\/pecuaristas-veterinarios-e-outros-participaram-da-palestra-sobre-tripanossomose-bovina\/#primaryimage\",\"inLanguage\":\"pt-BR\",\"url\":\"https:\/\/www.polisrecreio.com.br\/site\/wp-content\/uploads\/2017\/01\/62.jpg\",\"width\":750,\"height\":563},{\"@type\":\"WebPage\",\"@id\":\"http:\/\/www.polisrecreio.com.br\/site\/2017\/01\/11\/pecuaristas-veterinarios-e-outros-participaram-da-palestra-sobre-tripanossomose-bovina\/#webpage\",\"url\":\"http:\/\/www.polisrecreio.com.br\/site\/2017\/01\/11\/pecuaristas-veterinarios-e-outros-participaram-da-palestra-sobre-tripanossomose-bovina\/\",\"name\":\"Pecuaristas, veterin\\u00e1rios e outros, participaram da palestra sobre tripanossomose bovina - P\\u00f3lis Recreio\",\"isPartOf\":{\"@id\":\"https:\/\/www.polisrecreio.com.br\/site\/#website\"},\"primaryImageOfPage\":{\"@id\":\"http:\/\/www.polisrecreio.com.br\/site\/2017\/01\/11\/pecuaristas-veterinarios-e-outros-participaram-da-palestra-sobre-tripanossomose-bovina\/#primaryimage\"},\"datePublished\":\"2017-01-11T10:42:11+00:00\",\"dateModified\":\"2017-01-11T15:27:29+00:00\",\"author\":{\"@id\":\"https:\/\/www.polisrecreio.com.br\/site\/#\/schema\/person\/3363c1c78e1e28e1329d97adb387638e\"},\"inLanguage\":\"pt-BR\",\"potentialAction\":[{\"@type\":\"ReadAction\",\"target\":[\"http:\/\/www.polisrecreio.com.br\/site\/2017\/01\/11\/pecuaristas-veterinarios-e-outros-participaram-da-palestra-sobre-tripanossomose-bovina\/\"]}]},{\"@type\":\"Person\",\"@id\":\"https:\/\/www.polisrecreio.com.br\/site\/#\/schema\/person\/3363c1c78e1e28e1329d97adb387638e\",\"name\":\"Leonardo Ribeiro\",\"image\":{\"@type\":\"ImageObject\",\"@id\":\"https:\/\/www.polisrecreio.com.br\/site\/#personlogo\",\"inLanguage\":\"pt-BR\",\"url\":\"https:\/\/secure.gravatar.com\/avatar\/6ba92a37d621e1a83e23710251178a12?s=96&d=mm&r=g\",\"caption\":\"Leonardo Ribeiro\"},\"sameAs\":[\"http:\/\/www.polisrecreio.com.br\"]}]}<\/script>\n<!-- \/ Yoast SEO plugin. -->","_links":{"self":[{"href":"https:\/\/www.polisrecreio.com.br\/site\/wp-json\/wp\/v2\/posts\/3889"}],"collection":[{"href":"https:\/\/www.polisrecreio.com.br\/site\/wp-json\/wp\/v2\/posts"}],"about":[{"href":"https:\/\/www.polisrecreio.com.br\/site\/wp-json\/wp\/v2\/types\/post"}],"author":[{"embeddable":true,"href":"https:\/\/www.polisrecreio.com.br\/site\/wp-json\/wp\/v2\/users\/3"}],"replies":[{"embeddable":true,"href":"https:\/\/www.polisrecreio.com.br\/site\/wp-json\/wp\/v2\/comments?post=3889"}],"version-history":[{"count":8,"href":"https:\/\/www.polisrecreio.com.br\/site\/wp-json\/wp\/v2\/posts\/3889\/revisions"}],"predecessor-version":[{"id":3909,"href":"https:\/\/www.polisrecreio.com.br\/site\/wp-json\/wp\/v2\/posts\/3889\/revisions\/3909"}],"wp:featuredmedia":[{"embeddable":true,"href":"https:\/\/www.polisrecreio.com.br\/site\/wp-json\/wp\/v2\/media\/3895"}],"wp:attachment":[{"href":"https:\/\/www.polisrecreio.com.br\/site\/wp-json\/wp\/v2\/media?parent=3889"}],"wp:term":[{"taxonomy":"category","embeddable":true,"href":"https:\/\/www.polisrecreio.com.br\/site\/wp-json\/wp\/v2\/categories?post=3889"},{"taxonomy":"post_tag","embeddable":true,"href":"https:\/\/www.polisrecreio.com.br\/site\/wp-json\/wp\/v2\/tags?post=3889"}],"curies":[{"name":"wp","href":"https:\/\/api.w.org\/{rel}","templated":true}]}}