{"id":3904,"date":"2017-01-11T12:18:18","date_gmt":"2017-01-11T15:18:18","guid":{"rendered":"http:\/\/www.polisrecreio.com.br\/site\/?p=3904"},"modified":"2017-01-11T12:22:53","modified_gmt":"2017-01-11T15:22:53","slug":"camara-vota-nesta-quarta-feira-criacao-de-secretaria-que-cuidara-da-area-rural","status":"publish","type":"post","link":"https:\/\/www.polisrecreio.com.br\/site\/2017\/01\/11\/camara-vota-nesta-quarta-feira-criacao-de-secretaria-que-cuidara-da-area-rural\/","title":{"rendered":"C\u00e2mara vota nesta quarta-feira cria\u00e7\u00e3o de Secretaria que cuidar\u00e1 da \u00e1rea rural"},"content":{"rendered":"<p style=\"text-align: justify;\">A C\u00e2mara Municipal de Recreio estar\u00e1 reunida em sess\u00e3o extraordin\u00e1ria nesta quarta-feira (11), \u00e0s 18h, para votar o projeto de lei do executivo que anseia a cria\u00e7\u00e3o da Secretaria Municipal de Infraestrutura Rural. A pasta tem o objetivo de atender, exclusivamente, a \u00e1rea rural e distritos, cuidar de estradas vicinais e atender produtores rurais, dentre outras fun\u00e7\u00f5es.<\/p>\n<p style=\"text-align: justify;\"><!--more--><\/p>\n<figure id=\"attachment_3879\" aria-describedby=\"caption-attachment-3879\" style=\"width: 750px\" class=\"wp-caption aligncenter\"><a href=\"http:\/\/www.polisrecreio.com.br\/site\/wp-content\/uploads\/2017\/01\/IMG-20170109-WA0006.jpg\"><img loading=\"lazy\" class=\"size-full wp-image-3879\" src=\"http:\/\/www.polisrecreio.com.br\/site\/wp-content\/uploads\/2017\/01\/IMG-20170109-WA0006.jpg\" alt=\"Sess\u00e3o da C\u00e2mara de Recreio.\" width=\"750\" height=\"422\" srcset=\"https:\/\/www.polisrecreio.com.br\/site\/wp-content\/uploads\/2017\/01\/IMG-20170109-WA0006.jpg 750w, https:\/\/www.polisrecreio.com.br\/site\/wp-content\/uploads\/2017\/01\/IMG-20170109-WA0006-300x169.jpg 300w\" sizes=\"(max-width: 750px) 100vw, 750px\" \/><\/a><figcaption id=\"caption-attachment-3879\" class=\"wp-caption-text\">Sess\u00e3o da C\u00e2mara de Recreio.<\/figcaption><\/figure>\n<p style=\"text-align: justify;\">O projeto havia sido apresentado na \u00faltima segunda-feira (9), por\u00e9m, antes de iniciar o processo de vota\u00e7\u00e3o o vereador Beto (PRB) usou de sua prerrogativa e pediu vista, prorrogando por 48h o sufr\u00e1gio. O parlamentar disse ao Site P\u00f3lis que n\u00e3o \u00e9 contra a cria\u00e7\u00e3o, mas, \u201cesperava que viesse junto \u00e0 lei a extin\u00e7\u00e3o da Secretaria Municipal de Governo, conforme an\u00fancio do prefeito Z\u00e9 Maria Barros durante a sua posse no dia 1\u00ba de janeiro\u201d. Segundo ele, &#8220;o prefeito est\u00e1 querendo criar um gasto a mais para a Prefeitura, quando ele mesmo decretou situa\u00e7\u00e3o de calamidade administrativa, financeira e de infraestrutura.&#8221;<\/p>\n<p style=\"text-align: justify;\">A Prefeitura Municipal, atrav\u00e9s do secret\u00e1rio Diego Pena, manifestou-se tamb\u00e9m sobre o caso. De acordo com ele \u201cn\u00e3o haver\u00e1 aumento de gasto para a administra\u00e7\u00e3o na cria\u00e7\u00e3o de uma nova Secretaria, conforme est\u00e1 sendo apresentado pelo vereador Beto, pois as dota\u00e7\u00f5es or\u00e7ament\u00e1rias previstas na pasta de Governo foram todas repassadas para a Secretaria de Infraestrutura Rural, ou seja, a Secretaria que seria extinta n\u00e3o ter\u00e1 nenhum recurso financeiro alocado\u201d, completou.<\/p>\n<p style=\"text-align: justify;\">O pedido de vista do parlamentar do PRB foi acatado pelo presidente da C\u00e2mara, Paulinho (PSD), conforme o Regime Interno da Casa. Segundo o assessor jur\u00eddico do legislativo, Dr. Ant\u00f4nio Brito, \u201capesar de haver algumas manifesta\u00e7\u00f5es de erro na tramita\u00e7\u00e3o do projeto a aceita\u00e7\u00e3o da vista foi correta, pois, o projeto n\u00e3o tinha sido colocado em vota\u00e7\u00e3o\u201d.<\/p>\n<p style=\"text-align: justify;\">Nesta noite ser\u00e1 votada tamb\u00e9m a proposta do prefeito Z\u00e9 Maria Barros em equiparar o vencimento salarial do procurador jur\u00eddico municipal ao de secret\u00e1rios, defasado durante a \u00faltima gest\u00e3o municipal, e a cria\u00e7\u00e3o de cargos de auxiliares de professores.<\/p>\n","protected":false},"excerpt":{"rendered":"<p>A C\u00e2mara Municipal de Recreio estar\u00e1 reunida em sess\u00e3o extraordin\u00e1ria nesta quarta-feira (11), \u00e0s 18h, para votar o projeto de lei do executivo que anseia a cria\u00e7\u00e3o da Secretaria Municipal de Infraestrutura Rural. A pasta tem o objetivo de atender, exclusivamente, a \u00e1rea rural e distritos, cuidar de estradas vicinais e atender produtores rurais, dentre [&hellip;]<\/p>\n","protected":false},"author":3,"featured_media":3879,"comment_status":"open","ping_status":"open","sticky":false,"template":"","format":"standard","meta":[],"categories":[6],"tags":[],"yoast_head":"<!-- This site is optimized with the Yoast SEO plugin v15.6.2 - https:\/\/yoast.com\/wordpress\/plugins\/seo\/ -->\n<meta name=\"robots\" content=\"index, follow, max-snippet:-1, max-image-preview:large, max-video-preview:-1\" \/>\n<link rel=\"canonical\" href=\"http:\/\/www.polisrecreio.com.br\/site\/2017\/01\/11\/camara-vota-nesta-quarta-feira-criacao-de-secretaria-que-cuidara-da-area-rural\/\" \/>\n<meta property=\"og:locale\" content=\"pt_BR\" \/>\n<meta property=\"og:type\" content=\"article\" \/>\n<meta property=\"og:title\" content=\"C\u00e2mara vota nesta quarta-feira cria\u00e7\u00e3o de Secretaria que cuidar\u00e1 da \u00e1rea rural - P\u00f3lis Recreio\" \/>\n<meta property=\"og:description\" content=\"A C\u00e2mara Municipal de Recreio estar\u00e1 reunida em sess\u00e3o extraordin\u00e1ria nesta quarta-feira (11), \u00e0s 18h, para votar o projeto de lei do executivo que anseia a cria\u00e7\u00e3o da Secretaria Municipal de Infraestrutura Rural. A pasta tem o objetivo de atender, exclusivamente, a \u00e1rea rural e distritos, cuidar de estradas vicinais e atender produtores rurais, dentre [&hellip;]\" \/>\n<meta property=\"og:url\" content=\"http:\/\/www.polisrecreio.com.br\/site\/2017\/01\/11\/camara-vota-nesta-quarta-feira-criacao-de-secretaria-que-cuidara-da-area-rural\/\" \/>\n<meta property=\"og:site_name\" content=\"P\u00f3lis Recreio\" \/>\n<meta property=\"article:publisher\" content=\"https:\/\/www.facebook.com\/Site-P%c3%b3lis-Recreio-MG-181941708571019\/\" \/>\n<meta property=\"article:published_time\" content=\"2017-01-11T15:18:18+00:00\" \/>\n<meta property=\"article:modified_time\" content=\"2017-01-11T15:22:53+00:00\" \/>\n<meta property=\"og:image\" content=\"https:\/\/www.polisrecreio.com.br\/site\/wp-content\/uploads\/2017\/01\/IMG-20170109-WA0006.jpg\" \/>\n\t<meta property=\"og:image:width\" content=\"750\" \/>\n\t<meta property=\"og:image:height\" content=\"422\" \/>\n<meta name=\"twitter:card\" content=\"summary_large_image\" \/>\n<meta name=\"twitter:creator\" content=\"@PolisRecreio\" \/>\n<meta name=\"twitter:site\" content=\"@PolisRecreio\" \/>\n<meta name=\"twitter:label1\" content=\"Est. reading time\">\n\t<meta name=\"twitter:data1\" content=\"2 minutos\">\n<script type=\"application\/ld+json\" class=\"yoast-schema-graph\">{\"@context\":\"https:\/\/schema.org\",\"@graph\":[{\"@type\":\"WebSite\",\"@id\":\"https:\/\/www.polisrecreio.com.br\/site\/#website\",\"url\":\"https:\/\/www.polisrecreio.com.br\/site\/\",\"name\":\"P\\u00f3lis Recreio\",\"description\":\"\",\"potentialAction\":[{\"@type\":\"SearchAction\",\"target\":\"https:\/\/www.polisrecreio.com.br\/site\/?s={search_term_string}\",\"query-input\":\"required name=search_term_string\"}],\"inLanguage\":\"pt-BR\"},{\"@type\":\"ImageObject\",\"@id\":\"http:\/\/www.polisrecreio.com.br\/site\/2017\/01\/11\/camara-vota-nesta-quarta-feira-criacao-de-secretaria-que-cuidara-da-area-rural\/#primaryimage\",\"inLanguage\":\"pt-BR\",\"url\":\"https:\/\/www.polisrecreio.com.br\/site\/wp-content\/uploads\/2017\/01\/IMG-20170109-WA0006.jpg\",\"width\":750,\"height\":422,\"caption\":\"Sess\\u00e3o da C\\u00e2mara de Recreio.\"},{\"@type\":\"WebPage\",\"@id\":\"http:\/\/www.polisrecreio.com.br\/site\/2017\/01\/11\/camara-vota-nesta-quarta-feira-criacao-de-secretaria-que-cuidara-da-area-rural\/#webpage\",\"url\":\"http:\/\/www.polisrecreio.com.br\/site\/2017\/01\/11\/camara-vota-nesta-quarta-feira-criacao-de-secretaria-que-cuidara-da-area-rural\/\",\"name\":\"C\\u00e2mara vota nesta quarta-feira cria\\u00e7\\u00e3o de Secretaria que cuidar\\u00e1 da \\u00e1rea rural - P\\u00f3lis Recreio\",\"isPartOf\":{\"@id\":\"https:\/\/www.polisrecreio.com.br\/site\/#website\"},\"primaryImageOfPage\":{\"@id\":\"http:\/\/www.polisrecreio.com.br\/site\/2017\/01\/11\/camara-vota-nesta-quarta-feira-criacao-de-secretaria-que-cuidara-da-area-rural\/#primaryimage\"},\"datePublished\":\"2017-01-11T15:18:18+00:00\",\"dateModified\":\"2017-01-11T15:22:53+00:00\",\"author\":{\"@id\":\"https:\/\/www.polisrecreio.com.br\/site\/#\/schema\/person\/3363c1c78e1e28e1329d97adb387638e\"},\"inLanguage\":\"pt-BR\",\"potentialAction\":[{\"@type\":\"ReadAction\",\"target\":[\"http:\/\/www.polisrecreio.com.br\/site\/2017\/01\/11\/camara-vota-nesta-quarta-feira-criacao-de-secretaria-que-cuidara-da-area-rural\/\"]}]},{\"@type\":\"Person\",\"@id\":\"https:\/\/www.polisrecreio.com.br\/site\/#\/schema\/person\/3363c1c78e1e28e1329d97adb387638e\",\"name\":\"Leonardo Ribeiro\",\"image\":{\"@type\":\"ImageObject\",\"@id\":\"https:\/\/www.polisrecreio.com.br\/site\/#personlogo\",\"inLanguage\":\"pt-BR\",\"url\":\"https:\/\/secure.gravatar.com\/avatar\/6ba92a37d621e1a83e23710251178a12?s=96&d=mm&r=g\",\"caption\":\"Leonardo Ribeiro\"},\"sameAs\":[\"http:\/\/www.polisrecreio.com.br\"]}]}<\/script>\n<!-- \/ Yoast SEO plugin. -->","_links":{"self":[{"href":"https:\/\/www.polisrecreio.com.br\/site\/wp-json\/wp\/v2\/posts\/3904"}],"collection":[{"href":"https:\/\/www.polisrecreio.com.br\/site\/wp-json\/wp\/v2\/posts"}],"about":[{"href":"https:\/\/www.polisrecreio.com.br\/site\/wp-json\/wp\/v2\/types\/post"}],"author":[{"embeddable":true,"href":"https:\/\/www.polisrecreio.com.br\/site\/wp-json\/wp\/v2\/users\/3"}],"replies":[{"embeddable":true,"href":"https:\/\/www.polisrecreio.com.br\/site\/wp-json\/wp\/v2\/comments?post=3904"}],"version-history":[{"count":4,"href":"https:\/\/www.polisrecreio.com.br\/site\/wp-json\/wp\/v2\/posts\/3904\/revisions"}],"predecessor-version":[{"id":3908,"href":"https:\/\/www.polisrecreio.com.br\/site\/wp-json\/wp\/v2\/posts\/3904\/revisions\/3908"}],"wp:featuredmedia":[{"embeddable":true,"href":"https:\/\/www.polisrecreio.com.br\/site\/wp-json\/wp\/v2\/media\/3879"}],"wp:attachment":[{"href":"https:\/\/www.polisrecreio.com.br\/site\/wp-json\/wp\/v2\/media?parent=3904"}],"wp:term":[{"taxonomy":"category","embeddable":true,"href":"https:\/\/www.polisrecreio.com.br\/site\/wp-json\/wp\/v2\/categories?post=3904"},{"taxonomy":"post_tag","embeddable":true,"href":"https:\/\/www.polisrecreio.com.br\/site\/wp-json\/wp\/v2\/tags?post=3904"}],"curies":[{"name":"wp","href":"https:\/\/api.w.org\/{rel}","templated":true}]}}