{"id":3910,"date":"2017-01-11T20:53:12","date_gmt":"2017-01-11T23:53:12","guid":{"rendered":"http:\/\/www.polisrecreio.com.br\/site\/?p=3910"},"modified":"2017-01-11T20:53:12","modified_gmt":"2017-01-11T23:53:12","slug":"secretaria-municipal-vai-a-camara-e-mostra-caos-na-saude-de-recreio","status":"publish","type":"post","link":"https:\/\/www.polisrecreio.com.br\/site\/2017\/01\/11\/secretaria-municipal-vai-a-camara-e-mostra-caos-na-saude-de-recreio\/","title":{"rendered":"Secret\u00e1ria Municipal vai \u00e0 C\u00e2mara e mostra caos na sa\u00fade de Recreio"},"content":{"rendered":"<p style=\"text-align: justify;\">Durante a sess\u00e3o extraordin\u00e1ria da C\u00e2mara de Vereadores desta quarta-feira (11), a casa votou e aprovou os projetos de lei enviados pelo executivo municipal, por\u00e9m, as informa\u00e7\u00f5es e os documentos apresentados pela secret\u00e1ria municipal de Sa\u00fade, Gabriela Helena de Paula, acerca da sa\u00fade p\u00fablica de Recreio acabaram colocando a noite dos parlamentares preocupante diante da situa\u00e7\u00e3o ca\u00f3tica de uma das principais pastas da Prefeitura.<\/p>\n<p style=\"text-align: justify;\"><!--more--><\/p>\n<figure id=\"attachment_3912\" aria-describedby=\"caption-attachment-3912\" style=\"width: 750px\" class=\"wp-caption aligncenter\"><a href=\"http:\/\/www.polisrecreio.com.br\/site\/wp-content\/uploads\/2017\/01\/27.jpg\"><img loading=\"lazy\" class=\"size-full wp-image-3912\" src=\"http:\/\/www.polisrecreio.com.br\/site\/wp-content\/uploads\/2017\/01\/27.jpg\" alt=\"Secret\u00e1ria de Sa\u00fade na C\u00e2mara.\" width=\"750\" height=\"563\" srcset=\"https:\/\/www.polisrecreio.com.br\/site\/wp-content\/uploads\/2017\/01\/27.jpg 750w, https:\/\/www.polisrecreio.com.br\/site\/wp-content\/uploads\/2017\/01\/27-300x225.jpg 300w\" sizes=\"(max-width: 750px) 100vw, 750px\" \/><\/a><figcaption id=\"caption-attachment-3912\" class=\"wp-caption-text\">Secret\u00e1ria de Sa\u00fade na C\u00e2mara.<\/figcaption><\/figure>\n<p style=\"text-align: justify;\">Segundo a secret\u00e1ria Gabriela, \u201caos poucos a equipe est\u00e1 reestruturando o servi\u00e7o, mas, diante da situa\u00e7\u00e3o do ato criminoso proporcionado pela gest\u00e3o 2013\/2016, de apagar programas essenciais para funcionamento do \u00f3rg\u00e3o, como o Cadastro Nacional de Estabelecimento de Sa\u00fade \u2013 CNES e Boletim de Produ\u00e7\u00e3o Ambulatorial \u2013 BPA, a plena atividade da Secretaria sofrer\u00e1 um atraso irrepar\u00e1vel\u201d.<\/p>\n<p style=\"text-align: justify;\">Durante a reuni\u00e3o a respons\u00e1vel pela pasta mostrou tamb\u00e9m documentos que comprovam que consultas especializadas agendadas em meses de outubro, novembro e dezembro, ficaram escondidas dentro de gavetas, assim como, resultadas de exames de pessoas em estado grave de sa\u00fade. \u201cCotas de exames para Funda\u00e7\u00e3o Cristiano Varella e de outros em Leopoldina foram abandonados nos \u00faltimos meses de 2016 e a lista dos pacientes que usam medicamentos de alto custo, por ordem judicial, simplesmente desapareceu\u201d, disse a secret\u00e1ria.<\/p>\n<p style=\"text-align: justify;\"><a href=\"http:\/\/www.polisrecreio.com.br\/site\/wp-content\/uploads\/2017\/01\/35.jpg\"><img loading=\"lazy\" class=\"alignleft wp-image-3913 size-medium\" src=\"http:\/\/www.polisrecreio.com.br\/site\/wp-content\/uploads\/2017\/01\/35-300x215.jpg\" alt=\"3\" width=\"300\" height=\"215\" srcset=\"https:\/\/www.polisrecreio.com.br\/site\/wp-content\/uploads\/2017\/01\/35-300x215.jpg 300w, https:\/\/www.polisrecreio.com.br\/site\/wp-content\/uploads\/2017\/01\/35.jpg 750w\" sizes=\"(max-width: 300px) 100vw, 300px\" \/><\/a>Uma das situa\u00e7\u00f5es mais preocupantes da noite foi quando Gabriela (foto) informou que \u201cRecreio n\u00e3o consegue fazer um exame sequer atrav\u00e9s do Cons\u00f3rcio Intermunicipal de Sa\u00fade Uni\u00e3o da Mata \u2013 CISUM, por causa de d\u00e9bitos deixados pela gest\u00e3o anterior do Munic\u00edpio no valor aproximado de R$ 12 mil, referente a meses de 2016\u201d.<\/p>\n<p style=\"text-align: justify;\">A cada momento que a secret\u00e1ria descrevia aos vereadores o caos da sa\u00fade eles se mostravam perplexos diante da situa\u00e7\u00e3o, mas, quando a secret\u00e1ria disse que \u201ca cidade poder\u00e1 perder o recurso do PMAQ, que ajuda a equipar unidades de sa\u00fade e a valorizar os profissionais do programa Estrat\u00e9gia Sa\u00fade da Fam\u00edlia, por causa do desaparecimento das atas do Conselho Municipal de Sa\u00fade\u201d, os parlamentares come\u00e7aram a questionar o motivo. De acordo com Gabriela, \u201cem abril o Munic\u00edpio passar\u00e1 por uma avalia\u00e7\u00e3o do Minist\u00e9rio da Sa\u00fade e caso as unidades n\u00e3o estejam conforme as exig\u00eancias, e atualmente elas n\u00e3o est\u00e3o, Recreio deixar\u00e1 de ser contemplado com PMAQ. A Prefeitura Municipal tem um projeto aprovado para a aquisi\u00e7\u00e3o dos equipamentos necess\u00e1rios, por interm\u00e9dio do gestor de conv\u00eanios, Fabr\u00edsio Vieira, de aproximadamente R$ 200 mil, por\u00e9m, para finalizar essa situa\u00e7\u00e3o \u00e9 necess\u00e1rio haver aprova\u00e7\u00e3o do Conselho Municipal de Sa\u00fade e neste momento as atas sumiram\u201d, completou.<\/p>\n<p style=\"text-align: justify;\">Diante do caos apresentado na noite da C\u00e2mara Municipal os vereadores disseram estar dispostos a ajudar a secret\u00e1ria no que for necess\u00e1rio. Todos foram embora preocupados com a situa\u00e7\u00e3o de uma das principais pastas da Prefeitura.<\/p>\n<figure id=\"attachment_3911\" aria-describedby=\"caption-attachment-3911\" style=\"width: 750px\" class=\"wp-caption aligncenter\"><a href=\"http:\/\/www.polisrecreio.com.br\/site\/wp-content\/uploads\/2017\/01\/19.jpg\"><img loading=\"lazy\" class=\"wp-image-3911 size-full\" src=\"http:\/\/www.polisrecreio.com.br\/site\/wp-content\/uploads\/2017\/01\/19.jpg\" alt=\"1\" width=\"750\" height=\"563\" srcset=\"https:\/\/www.polisrecreio.com.br\/site\/wp-content\/uploads\/2017\/01\/19.jpg 750w, https:\/\/www.polisrecreio.com.br\/site\/wp-content\/uploads\/2017\/01\/19-300x225.jpg 300w\" sizes=\"(max-width: 750px) 100vw, 750px\" \/><\/a><figcaption id=\"caption-attachment-3911\" class=\"wp-caption-text\">Gabriela durante a sess\u00e3o da C\u00e2mara.<\/figcaption><\/figure>\n<p style=\"text-align: justify;\">A vota\u00e7\u00e3o dos projetos de lei do executivo municipal ser\u00e1 abordada nesta quinta-feira.<\/p>\n","protected":false},"excerpt":{"rendered":"<p>Durante a sess\u00e3o extraordin\u00e1ria da C\u00e2mara de Vereadores desta quarta-feira (11), a casa votou e aprovou os projetos de lei enviados pelo executivo municipal, por\u00e9m, as informa\u00e7\u00f5es e os documentos apresentados pela secret\u00e1ria municipal de Sa\u00fade, Gabriela Helena de Paula, acerca da sa\u00fade p\u00fablica de Recreio acabaram colocando a noite dos parlamentares preocupante diante da [&hellip;]<\/p>\n","protected":false},"author":3,"featured_media":3912,"comment_status":"open","ping_status":"open","sticky":false,"template":"","format":"standard","meta":[],"categories":[7],"tags":[],"yoast_head":"<!-- This site is optimized with the Yoast SEO plugin v15.6.2 - https:\/\/yoast.com\/wordpress\/plugins\/seo\/ -->\n<meta name=\"robots\" content=\"index, follow, max-snippet:-1, max-image-preview:large, max-video-preview:-1\" \/>\n<link rel=\"canonical\" href=\"https:\/\/www.polisrecreio.com.br\/site\/2017\/01\/11\/secretaria-municipal-vai-a-camara-e-mostra-caos-na-saude-de-recreio\/\" \/>\n<meta property=\"og:locale\" content=\"pt_BR\" \/>\n<meta property=\"og:type\" content=\"article\" \/>\n<meta property=\"og:title\" content=\"Secret\u00e1ria Municipal vai \u00e0 C\u00e2mara e mostra caos na sa\u00fade de Recreio - P\u00f3lis Recreio\" \/>\n<meta property=\"og:description\" content=\"Durante a sess\u00e3o extraordin\u00e1ria da C\u00e2mara de Vereadores desta quarta-feira (11), a casa votou e aprovou os projetos de lei enviados pelo executivo municipal, por\u00e9m, as informa\u00e7\u00f5es e os documentos apresentados pela secret\u00e1ria municipal de Sa\u00fade, Gabriela Helena de Paula, acerca da sa\u00fade p\u00fablica de Recreio acabaram colocando a noite dos parlamentares preocupante diante da [&hellip;]\" \/>\n<meta property=\"og:url\" content=\"https:\/\/www.polisrecreio.com.br\/site\/2017\/01\/11\/secretaria-municipal-vai-a-camara-e-mostra-caos-na-saude-de-recreio\/\" \/>\n<meta property=\"og:site_name\" content=\"P\u00f3lis Recreio\" \/>\n<meta property=\"article:publisher\" content=\"https:\/\/www.facebook.com\/Site-P%c3%b3lis-Recreio-MG-181941708571019\/\" \/>\n<meta property=\"article:published_time\" content=\"2017-01-11T23:53:12+00:00\" \/>\n<meta property=\"og:image\" content=\"https:\/\/www.polisrecreio.com.br\/site\/wp-content\/uploads\/2017\/01\/27.jpg\" \/>\n\t<meta property=\"og:image:width\" content=\"750\" \/>\n\t<meta property=\"og:image:height\" content=\"563\" \/>\n<meta name=\"twitter:card\" content=\"summary_large_image\" \/>\n<meta name=\"twitter:creator\" content=\"@PolisRecreio\" \/>\n<meta name=\"twitter:site\" content=\"@PolisRecreio\" \/>\n<meta name=\"twitter:label1\" content=\"Est. reading time\">\n\t<meta name=\"twitter:data1\" content=\"3 minutos\">\n<script type=\"application\/ld+json\" class=\"yoast-schema-graph\">{\"@context\":\"https:\/\/schema.org\",\"@graph\":[{\"@type\":\"WebSite\",\"@id\":\"https:\/\/www.polisrecreio.com.br\/site\/#website\",\"url\":\"https:\/\/www.polisrecreio.com.br\/site\/\",\"name\":\"P\\u00f3lis Recreio\",\"description\":\"\",\"potentialAction\":[{\"@type\":\"SearchAction\",\"target\":\"https:\/\/www.polisrecreio.com.br\/site\/?s={search_term_string}\",\"query-input\":\"required name=search_term_string\"}],\"inLanguage\":\"pt-BR\"},{\"@type\":\"ImageObject\",\"@id\":\"https:\/\/www.polisrecreio.com.br\/site\/2017\/01\/11\/secretaria-municipal-vai-a-camara-e-mostra-caos-na-saude-de-recreio\/#primaryimage\",\"inLanguage\":\"pt-BR\",\"url\":\"https:\/\/www.polisrecreio.com.br\/site\/wp-content\/uploads\/2017\/01\/27.jpg\",\"width\":750,\"height\":563,\"caption\":\"Secret\\u00e1ria de Sa\\u00fade na C\\u00e2mara.\"},{\"@type\":\"WebPage\",\"@id\":\"https:\/\/www.polisrecreio.com.br\/site\/2017\/01\/11\/secretaria-municipal-vai-a-camara-e-mostra-caos-na-saude-de-recreio\/#webpage\",\"url\":\"https:\/\/www.polisrecreio.com.br\/site\/2017\/01\/11\/secretaria-municipal-vai-a-camara-e-mostra-caos-na-saude-de-recreio\/\",\"name\":\"Secret\\u00e1ria Municipal vai \\u00e0 C\\u00e2mara e mostra caos na sa\\u00fade de Recreio - P\\u00f3lis Recreio\",\"isPartOf\":{\"@id\":\"https:\/\/www.polisrecreio.com.br\/site\/#website\"},\"primaryImageOfPage\":{\"@id\":\"https:\/\/www.polisrecreio.com.br\/site\/2017\/01\/11\/secretaria-municipal-vai-a-camara-e-mostra-caos-na-saude-de-recreio\/#primaryimage\"},\"datePublished\":\"2017-01-11T23:53:12+00:00\",\"dateModified\":\"2017-01-11T23:53:12+00:00\",\"author\":{\"@id\":\"https:\/\/www.polisrecreio.com.br\/site\/#\/schema\/person\/3363c1c78e1e28e1329d97adb387638e\"},\"inLanguage\":\"pt-BR\",\"potentialAction\":[{\"@type\":\"ReadAction\",\"target\":[\"https:\/\/www.polisrecreio.com.br\/site\/2017\/01\/11\/secretaria-municipal-vai-a-camara-e-mostra-caos-na-saude-de-recreio\/\"]}]},{\"@type\":\"Person\",\"@id\":\"https:\/\/www.polisrecreio.com.br\/site\/#\/schema\/person\/3363c1c78e1e28e1329d97adb387638e\",\"name\":\"Leonardo Ribeiro\",\"image\":{\"@type\":\"ImageObject\",\"@id\":\"https:\/\/www.polisrecreio.com.br\/site\/#personlogo\",\"inLanguage\":\"pt-BR\",\"url\":\"https:\/\/secure.gravatar.com\/avatar\/6ba92a37d621e1a83e23710251178a12?s=96&d=mm&r=g\",\"caption\":\"Leonardo Ribeiro\"},\"sameAs\":[\"http:\/\/www.polisrecreio.com.br\"]}]}<\/script>\n<!-- \/ Yoast SEO plugin. -->","_links":{"self":[{"href":"https:\/\/www.polisrecreio.com.br\/site\/wp-json\/wp\/v2\/posts\/3910"}],"collection":[{"href":"https:\/\/www.polisrecreio.com.br\/site\/wp-json\/wp\/v2\/posts"}],"about":[{"href":"https:\/\/www.polisrecreio.com.br\/site\/wp-json\/wp\/v2\/types\/post"}],"author":[{"embeddable":true,"href":"https:\/\/www.polisrecreio.com.br\/site\/wp-json\/wp\/v2\/users\/3"}],"replies":[{"embeddable":true,"href":"https:\/\/www.polisrecreio.com.br\/site\/wp-json\/wp\/v2\/comments?post=3910"}],"version-history":[{"count":2,"href":"https:\/\/www.polisrecreio.com.br\/site\/wp-json\/wp\/v2\/posts\/3910\/revisions"}],"predecessor-version":[{"id":3915,"href":"https:\/\/www.polisrecreio.com.br\/site\/wp-json\/wp\/v2\/posts\/3910\/revisions\/3915"}],"wp:featuredmedia":[{"embeddable":true,"href":"https:\/\/www.polisrecreio.com.br\/site\/wp-json\/wp\/v2\/media\/3912"}],"wp:attachment":[{"href":"https:\/\/www.polisrecreio.com.br\/site\/wp-json\/wp\/v2\/media?parent=3910"}],"wp:term":[{"taxonomy":"category","embeddable":true,"href":"https:\/\/www.polisrecreio.com.br\/site\/wp-json\/wp\/v2\/categories?post=3910"},{"taxonomy":"post_tag","embeddable":true,"href":"https:\/\/www.polisrecreio.com.br\/site\/wp-json\/wp\/v2\/tags?post=3910"}],"curies":[{"name":"wp","href":"https:\/\/api.w.org\/{rel}","templated":true}]}}