{"id":3916,"date":"2017-01-12T12:33:59","date_gmt":"2017-01-12T15:33:59","guid":{"rendered":"http:\/\/www.polisrecreio.com.br\/site\/?p=3916"},"modified":"2017-01-12T12:33:59","modified_gmt":"2017-01-12T15:33:59","slug":"prefeitura-de-recreio-esta-com-nome-sujo-na-praca-por-dever-tres-empresas","status":"publish","type":"post","link":"https:\/\/www.polisrecreio.com.br\/site\/2017\/01\/12\/prefeitura-de-recreio-esta-com-nome-sujo-na-praca-por-dever-tres-empresas\/","title":{"rendered":"Prefeitura de Recreio est\u00e1 com \u201cnome sujo na pra\u00e7a\u201d por dever tr\u00eas empresas"},"content":{"rendered":"<p style=\"text-align: justify;\">H\u00e1 uma semana o Site P\u00f3lis apresentou o caso do \u201cnome sujo na pra\u00e7a\u201d da Prefeitura de Recreio, com inclus\u00e3o da institui\u00e7\u00e3o p\u00fablica no SPC\/SERASA, por causa de uma d\u00edvida de pouco mais de R$ 8 mil contra\u00edda entre 2013 e 2015. Nesta quinta-feira (12) a lista das empresas que a gest\u00e3o 2013\/2016 n\u00e3o pagou foi apresentada.<\/p>\n<p style=\"text-align: justify;\"><!--more--><\/p>\n<p style=\"text-align: justify;\"><a href=\"http:\/\/www.polisrecreio.com.br\/site\/wp-content\/uploads\/2016\/11\/prefeitura.jpg\"><img loading=\"lazy\" class=\"aligncenter size-full wp-image-3282\" src=\"http:\/\/www.polisrecreio.com.br\/site\/wp-content\/uploads\/2016\/11\/prefeitura.jpg\" alt=\"prefeitura\" width=\"800\" height=\"486\" srcset=\"https:\/\/www.polisrecreio.com.br\/site\/wp-content\/uploads\/2016\/11\/prefeitura.jpg 800w, https:\/\/www.polisrecreio.com.br\/site\/wp-content\/uploads\/2016\/11\/prefeitura-300x182.jpg 300w\" sizes=\"(max-width: 800px) 100vw, 800px\" \/><\/a><\/p>\n<p style=\"text-align: justify;\">Ao todo o governo \u00d4nio Fialho deixou de pagar tr\u00eas empresas, Ag\u00eancia Nacional de Telecomunica\u00e7\u00f5es; R\u00e1pido Transpaulo Ltda.; e Castro e Filho Ltda. A veracidade dos fatos pode ser comprovada por meio da certid\u00e3o positiva do Tabelionato de Protesto de T\u00edtulos de Leopoldina (veja ao final da mat\u00e9ria) retirada pela equipe administrativa do prefeito Z\u00e9 Maria Barros.<\/p>\n<p style=\"text-align: justify;\">Veja os valores da aquisi\u00e7\u00e3o de servi\u00e7os ou compras realizadas pela Prefeitura Municipal e n\u00e3o quitados entre 2013 e 2015:<\/p>\n<p>R\u00e1pido Transpaulo Ltda&#8230;&#8230;&#8230;&#8230;&#8230;&#8230;.R$ 168,65&#8230;&#8230;Ano: 2015;<\/p>\n<p>ANATEL&#8230;&#8230;&#8230;&#8230;&#8230;&#8230;&#8230;&#8230;&#8230;&#8230;&#8230;&#8230;&#8230;&#8230;R$ 3.146,37&#8230;.Ano: 2015;<\/p>\n<p>ANATEL&#8230;&#8230;&#8230;&#8230;&#8230;&#8230;&#8230;&#8230;&#8230;&#8230;&#8230;&#8230;&#8230;.. R$ 3.146,37&#8230;.Ano: 2015;<\/p>\n<p style=\"text-align: justify;\">ANATEL&#8230;&#8230;&#8230;&#8230;&#8230;&#8230;&#8230;&#8230;&#8230;&#8230;&#8230;&#8230;&#8230;&#8230;R$ 120,19&#8230;&#8230;Ano: 2015;<\/p>\n<p style=\"text-align: justify;\">Castro e Filho Ltda&#8230;&#8230;&#8230;&#8230;&#8230;&#8230;&#8230;&#8230;..R$ 1.594,80&#8230;Ano: 2013.<\/p>\n<p style=\"text-align: justify;\">Por meio do Facebook o ex-prefeito \u00d4nio Fialho manifestou-se sobre o \u201cnome sujo na pra\u00e7a\u201d dizendo que se soubesse desta d\u00edvida teria pagado.<\/p>\n<p style=\"text-align: justify;\">O atual gestor, Z\u00e9 Maria Barros, est\u00e1 aguardando o desbloqueio das contas do Munic\u00edpio no Banco do Brasil conforme ordens da Ag\u00eancia de Leopoldina para quitar essas d\u00edvidas que colocaram Recreio no SPC\/SERASA e tamb\u00e9m para efetuar o pagamento do funcionalismo referente a dezembro de 2016. O prefeito junto com o secret\u00e1rio municipal de finan\u00e7as, Jo\u00e3o Carlos Cunha de Barros, est\u00e3o aguardando uma posi\u00e7\u00e3o definitiva do Banco do Brasil esta semana.<\/p>\n<p style=\"text-align: justify;\"><a href=\"http:\/\/www.polisrecreio.com.br\/site\/wp-content\/uploads\/2017\/01\/certid\u00e3o.jpg\"><img loading=\"lazy\" class=\"alignleft wp-image-3917 size-large\" src=\"http:\/\/www.polisrecreio.com.br\/site\/wp-content\/uploads\/2017\/01\/certid\u00e3o-816x1024.jpg\" alt=\"certid\u00e3o\" width=\"650\" height=\"816\" srcset=\"https:\/\/www.polisrecreio.com.br\/site\/wp-content\/uploads\/2017\/01\/certid\u00e3o-816x1024.jpg 816w, https:\/\/www.polisrecreio.com.br\/site\/wp-content\/uploads\/2017\/01\/certid\u00e3o-239x300.jpg 239w, https:\/\/www.polisrecreio.com.br\/site\/wp-content\/uploads\/2017\/01\/certid\u00e3o.jpg 1911w\" sizes=\"(max-width: 650px) 100vw, 650px\" \/><\/a><\/p>\n","protected":false},"excerpt":{"rendered":"<p>H\u00e1 uma semana o Site P\u00f3lis apresentou o caso do \u201cnome sujo na pra\u00e7a\u201d da Prefeitura de Recreio, com inclus\u00e3o da institui\u00e7\u00e3o p\u00fablica no SPC\/SERASA, por causa de uma d\u00edvida de pouco mais de R$ 8 mil contra\u00edda entre 2013 e 2015. Nesta quinta-feira (12) a lista das empresas que a gest\u00e3o 2013\/2016 n\u00e3o pagou [&hellip;]<\/p>\n","protected":false},"author":3,"featured_media":3282,"comment_status":"open","ping_status":"open","sticky":false,"template":"","format":"standard","meta":[],"categories":[6],"tags":[],"yoast_head":"<!-- This site is optimized with the Yoast SEO plugin v15.6.2 - https:\/\/yoast.com\/wordpress\/plugins\/seo\/ -->\n<meta name=\"robots\" content=\"index, follow, max-snippet:-1, max-image-preview:large, max-video-preview:-1\" \/>\n<link rel=\"canonical\" href=\"https:\/\/www.polisrecreio.com.br\/site\/2017\/01\/12\/prefeitura-de-recreio-esta-com-nome-sujo-na-praca-por-dever-tres-empresas\/\" \/>\n<meta property=\"og:locale\" content=\"pt_BR\" \/>\n<meta property=\"og:type\" content=\"article\" \/>\n<meta property=\"og:title\" content=\"Prefeitura de Recreio est\u00e1 com \u201cnome sujo na pra\u00e7a\u201d por dever tr\u00eas empresas - P\u00f3lis Recreio\" \/>\n<meta property=\"og:description\" content=\"H\u00e1 uma semana o Site P\u00f3lis apresentou o caso do \u201cnome sujo na pra\u00e7a\u201d da Prefeitura de Recreio, com inclus\u00e3o da institui\u00e7\u00e3o p\u00fablica no SPC\/SERASA, por causa de uma d\u00edvida de pouco mais de R$ 8 mil contra\u00edda entre 2013 e 2015. Nesta quinta-feira (12) a lista das empresas que a gest\u00e3o 2013\/2016 n\u00e3o pagou [&hellip;]\" \/>\n<meta property=\"og:url\" content=\"https:\/\/www.polisrecreio.com.br\/site\/2017\/01\/12\/prefeitura-de-recreio-esta-com-nome-sujo-na-praca-por-dever-tres-empresas\/\" \/>\n<meta property=\"og:site_name\" content=\"P\u00f3lis Recreio\" \/>\n<meta property=\"article:publisher\" content=\"https:\/\/www.facebook.com\/Site-P%c3%b3lis-Recreio-MG-181941708571019\/\" \/>\n<meta property=\"article:published_time\" content=\"2017-01-12T15:33:59+00:00\" \/>\n<meta property=\"og:image\" content=\"https:\/\/www.polisrecreio.com.br\/site\/wp-content\/uploads\/2016\/11\/prefeitura.jpg\" \/>\n\t<meta property=\"og:image:width\" content=\"800\" \/>\n\t<meta property=\"og:image:height\" content=\"486\" \/>\n<meta name=\"twitter:card\" content=\"summary_large_image\" \/>\n<meta name=\"twitter:creator\" content=\"@PolisRecreio\" \/>\n<meta name=\"twitter:site\" content=\"@PolisRecreio\" \/>\n<meta name=\"twitter:label1\" content=\"Est. reading time\">\n\t<meta name=\"twitter:data1\" content=\"1 minuto\">\n<script type=\"application\/ld+json\" class=\"yoast-schema-graph\">{\"@context\":\"https:\/\/schema.org\",\"@graph\":[{\"@type\":\"WebSite\",\"@id\":\"https:\/\/www.polisrecreio.com.br\/site\/#website\",\"url\":\"https:\/\/www.polisrecreio.com.br\/site\/\",\"name\":\"P\\u00f3lis Recreio\",\"description\":\"\",\"potentialAction\":[{\"@type\":\"SearchAction\",\"target\":\"https:\/\/www.polisrecreio.com.br\/site\/?s={search_term_string}\",\"query-input\":\"required name=search_term_string\"}],\"inLanguage\":\"pt-BR\"},{\"@type\":\"ImageObject\",\"@id\":\"https:\/\/www.polisrecreio.com.br\/site\/2017\/01\/12\/prefeitura-de-recreio-esta-com-nome-sujo-na-praca-por-dever-tres-empresas\/#primaryimage\",\"inLanguage\":\"pt-BR\",\"url\":\"https:\/\/www.polisrecreio.com.br\/site\/wp-content\/uploads\/2016\/11\/prefeitura.jpg\",\"width\":800,\"height\":486},{\"@type\":\"WebPage\",\"@id\":\"https:\/\/www.polisrecreio.com.br\/site\/2017\/01\/12\/prefeitura-de-recreio-esta-com-nome-sujo-na-praca-por-dever-tres-empresas\/#webpage\",\"url\":\"https:\/\/www.polisrecreio.com.br\/site\/2017\/01\/12\/prefeitura-de-recreio-esta-com-nome-sujo-na-praca-por-dever-tres-empresas\/\",\"name\":\"Prefeitura de Recreio est\\u00e1 com \\u201cnome sujo na pra\\u00e7a\\u201d por dever tr\\u00eas empresas - P\\u00f3lis Recreio\",\"isPartOf\":{\"@id\":\"https:\/\/www.polisrecreio.com.br\/site\/#website\"},\"primaryImageOfPage\":{\"@id\":\"https:\/\/www.polisrecreio.com.br\/site\/2017\/01\/12\/prefeitura-de-recreio-esta-com-nome-sujo-na-praca-por-dever-tres-empresas\/#primaryimage\"},\"datePublished\":\"2017-01-12T15:33:59+00:00\",\"dateModified\":\"2017-01-12T15:33:59+00:00\",\"author\":{\"@id\":\"https:\/\/www.polisrecreio.com.br\/site\/#\/schema\/person\/3363c1c78e1e28e1329d97adb387638e\"},\"inLanguage\":\"pt-BR\",\"potentialAction\":[{\"@type\":\"ReadAction\",\"target\":[\"https:\/\/www.polisrecreio.com.br\/site\/2017\/01\/12\/prefeitura-de-recreio-esta-com-nome-sujo-na-praca-por-dever-tres-empresas\/\"]}]},{\"@type\":\"Person\",\"@id\":\"https:\/\/www.polisrecreio.com.br\/site\/#\/schema\/person\/3363c1c78e1e28e1329d97adb387638e\",\"name\":\"Leonardo Ribeiro\",\"image\":{\"@type\":\"ImageObject\",\"@id\":\"https:\/\/www.polisrecreio.com.br\/site\/#personlogo\",\"inLanguage\":\"pt-BR\",\"url\":\"https:\/\/secure.gravatar.com\/avatar\/6ba92a37d621e1a83e23710251178a12?s=96&d=mm&r=g\",\"caption\":\"Leonardo Ribeiro\"},\"sameAs\":[\"http:\/\/www.polisrecreio.com.br\"]}]}<\/script>\n<!-- \/ Yoast SEO plugin. -->","_links":{"self":[{"href":"https:\/\/www.polisrecreio.com.br\/site\/wp-json\/wp\/v2\/posts\/3916"}],"collection":[{"href":"https:\/\/www.polisrecreio.com.br\/site\/wp-json\/wp\/v2\/posts"}],"about":[{"href":"https:\/\/www.polisrecreio.com.br\/site\/wp-json\/wp\/v2\/types\/post"}],"author":[{"embeddable":true,"href":"https:\/\/www.polisrecreio.com.br\/site\/wp-json\/wp\/v2\/users\/3"}],"replies":[{"embeddable":true,"href":"https:\/\/www.polisrecreio.com.br\/site\/wp-json\/wp\/v2\/comments?post=3916"}],"version-history":[{"count":1,"href":"https:\/\/www.polisrecreio.com.br\/site\/wp-json\/wp\/v2\/posts\/3916\/revisions"}],"predecessor-version":[{"id":3918,"href":"https:\/\/www.polisrecreio.com.br\/site\/wp-json\/wp\/v2\/posts\/3916\/revisions\/3918"}],"wp:featuredmedia":[{"embeddable":true,"href":"https:\/\/www.polisrecreio.com.br\/site\/wp-json\/wp\/v2\/media\/3282"}],"wp:attachment":[{"href":"https:\/\/www.polisrecreio.com.br\/site\/wp-json\/wp\/v2\/media?parent=3916"}],"wp:term":[{"taxonomy":"category","embeddable":true,"href":"https:\/\/www.polisrecreio.com.br\/site\/wp-json\/wp\/v2\/categories?post=3916"},{"taxonomy":"post_tag","embeddable":true,"href":"https:\/\/www.polisrecreio.com.br\/site\/wp-json\/wp\/v2\/tags?post=3916"}],"curies":[{"name":"wp","href":"https:\/\/api.w.org\/{rel}","templated":true}]}}