{"id":3932,"date":"2017-01-13T12:59:38","date_gmt":"2017-01-13T15:59:38","guid":{"rendered":"http:\/\/www.polisrecreio.com.br\/site\/?p=3932"},"modified":"2017-01-13T13:02:26","modified_gmt":"2017-01-13T16:02:26","slug":"professor-da-ufmg-analisa-gado-de-recreio-e-pecuaristas-aprovam-a-iniciativa","status":"publish","type":"post","link":"https:\/\/www.polisrecreio.com.br\/site\/2017\/01\/13\/professor-da-ufmg-analisa-gado-de-recreio-e-pecuaristas-aprovam-a-iniciativa\/","title":{"rendered":"Professor da UFMG analisa gado de Recreio e pecuaristas aprovam a iniciativa"},"content":{"rendered":"<p style=\"text-align: justify;\">Ap\u00f3s a palestra realizada na \u00faltima ter\u00e7a-feira (10), o professor da Universidade Federal de Minas Gerais, Rodrigo Meneses, realizou um trabalho de an\u00e1lise do gado leiteiro de Recreio no dia seguinte, com objetivo de catalogar poss\u00edveis animais com incid\u00eancia de tripanossomose bovina para posteriormente trat\u00e1-los conforme orienta\u00e7\u00f5es veterin\u00e1rias. A iniciativa pioneira ocorreu por meio do prefeito Z\u00e9 Maria Barros e recebeu a aprova\u00e7\u00e3o dos pecuaristas.<\/p>\n<p style=\"text-align: justify;\"><!--more--><\/p>\n<figure id=\"attachment_3933\" aria-describedby=\"caption-attachment-3933\" style=\"width: 750px\" class=\"wp-caption aligncenter\"><a href=\"http:\/\/www.polisrecreio.com.br\/site\/wp-content\/uploads\/2017\/01\/110.jpg\"><img loading=\"lazy\" class=\"size-full wp-image-3933\" src=\"http:\/\/www.polisrecreio.com.br\/site\/wp-content\/uploads\/2017\/01\/110.jpg\" alt=\"Trabalho de campo.\" width=\"750\" height=\"422\" srcset=\"https:\/\/www.polisrecreio.com.br\/site\/wp-content\/uploads\/2017\/01\/110.jpg 750w, https:\/\/www.polisrecreio.com.br\/site\/wp-content\/uploads\/2017\/01\/110-300x169.jpg 300w\" sizes=\"(max-width: 750px) 100vw, 750px\" \/><\/a><figcaption id=\"caption-attachment-3933\" class=\"wp-caption-text\">Trabalho de campo.<\/figcaption><\/figure>\n<p style=\"text-align: justify;\">\u201cRodrigo visitou duas fazendas para trabalho de campo e recebeu mais de 100 pedidos de an\u00e1lises. Desta centena de vacas pesquisadas, houve seis casos da ocorr\u00eancia de tripanossomose\u201d, disse a m\u00e9dica veterin\u00e1ria, Lara Lacerda, que acompanhou os exames.<\/p>\n<p style=\"text-align: justify;\">De acordo com o professor da UFMG, \u201cquando h\u00e1 incid\u00eancia desta doen\u00e7a em alguma vaca ou touro da fazenda \u00e9 preciso tratar os demais para evitar a prolifera\u00e7\u00e3o. Para tratamento dos animais \u00e9 indicado procurar um veterin\u00e1rio\u201d, concluiu.<\/p>\n<p style=\"text-align: justify;\">\u201cA iniciativa pioneira do prefeito de Recreio em proporcionar este trabalho e o respeito dele com o homem do campo recebeu a aprova\u00e7\u00e3o de todos\u201d, disse Lara Lacerda.<\/p>\n<figure id=\"attachment_3936\" aria-describedby=\"caption-attachment-3936\" style=\"width: 750px\" class=\"wp-caption aligncenter\"><a href=\"http:\/\/www.polisrecreio.com.br\/site\/wp-content\/uploads\/2017\/01\/53.jpg\"><img loading=\"lazy\" class=\"wp-image-3936 size-full\" src=\"http:\/\/www.polisrecreio.com.br\/site\/wp-content\/uploads\/2017\/01\/53.jpg\" alt=\"5\" width=\"750\" height=\"422\" srcset=\"https:\/\/www.polisrecreio.com.br\/site\/wp-content\/uploads\/2017\/01\/53.jpg 750w, https:\/\/www.polisrecreio.com.br\/site\/wp-content\/uploads\/2017\/01\/53-300x169.jpg 300w\" sizes=\"(max-width: 750px) 100vw, 750px\" \/><\/a><figcaption id=\"caption-attachment-3936\" class=\"wp-caption-text\">An\u00e1lise do professor Rodrigo.<\/figcaption><\/figure>\n<figure id=\"attachment_3935\" aria-describedby=\"caption-attachment-3935\" style=\"width: 750px\" class=\"wp-caption aligncenter\"><a href=\"http:\/\/www.polisrecreio.com.br\/site\/wp-content\/uploads\/2017\/01\/43.jpg\"><img loading=\"lazy\" class=\"wp-image-3935 size-full\" src=\"http:\/\/www.polisrecreio.com.br\/site\/wp-content\/uploads\/2017\/01\/43.jpg\" alt=\"4\" width=\"750\" height=\"422\" srcset=\"https:\/\/www.polisrecreio.com.br\/site\/wp-content\/uploads\/2017\/01\/43.jpg 750w, https:\/\/www.polisrecreio.com.br\/site\/wp-content\/uploads\/2017\/01\/43-300x169.jpg 300w\" sizes=\"(max-width: 750px) 100vw, 750px\" \/><\/a><figcaption id=\"caption-attachment-3935\" class=\"wp-caption-text\">Amostras sendo analisadas.<\/figcaption><\/figure>\n<figure id=\"attachment_3934\" aria-describedby=\"caption-attachment-3934\" style=\"width: 750px\" class=\"wp-caption aligncenter\"><a href=\"http:\/\/www.polisrecreio.com.br\/site\/wp-content\/uploads\/2017\/01\/36.jpg\"><img loading=\"lazy\" class=\"wp-image-3934 size-full\" src=\"http:\/\/www.polisrecreio.com.br\/site\/wp-content\/uploads\/2017\/01\/36.jpg\" alt=\"3\" width=\"750\" height=\"422\" srcset=\"https:\/\/www.polisrecreio.com.br\/site\/wp-content\/uploads\/2017\/01\/36.jpg 750w, https:\/\/www.polisrecreio.com.br\/site\/wp-content\/uploads\/2017\/01\/36-300x169.jpg 300w\" sizes=\"(max-width: 750px) 100vw, 750px\" \/><\/a><figcaption id=\"caption-attachment-3934\" class=\"wp-caption-text\">Amostras sendo analisadas.<\/figcaption><\/figure>\n<figure id=\"attachment_3891\" aria-describedby=\"caption-attachment-3891\" style=\"width: 750px\" class=\"wp-caption aligncenter\"><a href=\"http:\/\/www.polisrecreio.com.br\/site\/wp-content\/uploads\/2017\/01\/26.jpg\"><img loading=\"lazy\" class=\"wp-image-3891 size-full\" src=\"http:\/\/www.polisrecreio.com.br\/site\/wp-content\/uploads\/2017\/01\/26.jpg\" alt=\"2\" width=\"750\" height=\"563\" srcset=\"https:\/\/www.polisrecreio.com.br\/site\/wp-content\/uploads\/2017\/01\/26.jpg 750w, https:\/\/www.polisrecreio.com.br\/site\/wp-content\/uploads\/2017\/01\/26-300x225.jpg 300w\" sizes=\"(max-width: 750px) 100vw, 750px\" \/><\/a><figcaption id=\"caption-attachment-3891\" class=\"wp-caption-text\">Professor da UFMG, Rodrigo, m\u00e9dica veterin\u00e1ria, Lara, presidente da C\u00e2mara, Paulinho; prefeito, Z\u00e9 Maria Barros; vice, Jo\u00e3o D\u00f3lar; e secret\u00e1rio de agricultura, Lu\u00eds Ot\u00e1vio.<\/figcaption><\/figure>\n","protected":false},"excerpt":{"rendered":"<p>Ap\u00f3s a palestra realizada na \u00faltima ter\u00e7a-feira (10), o professor da Universidade Federal de Minas Gerais, Rodrigo Meneses, realizou um trabalho de an\u00e1lise do gado leiteiro de Recreio no dia seguinte, com objetivo de catalogar poss\u00edveis animais com incid\u00eancia de tripanossomose bovina para posteriormente trat\u00e1-los conforme orienta\u00e7\u00f5es veterin\u00e1rias. A iniciativa pioneira ocorreu por meio do [&hellip;]<\/p>\n","protected":false},"author":3,"featured_media":3933,"comment_status":"open","ping_status":"open","sticky":false,"template":"","format":"standard","meta":[],"categories":[14],"tags":[],"yoast_head":"<!-- This site is optimized with the Yoast SEO plugin v15.6.2 - https:\/\/yoast.com\/wordpress\/plugins\/seo\/ -->\n<meta name=\"robots\" content=\"index, follow, max-snippet:-1, max-image-preview:large, max-video-preview:-1\" \/>\n<link rel=\"canonical\" href=\"http:\/\/www.polisrecreio.com.br\/site\/2017\/01\/13\/professor-da-ufmg-analisa-gado-de-recreio-e-pecuaristas-aprovam-a-iniciativa\/\" \/>\n<meta property=\"og:locale\" content=\"pt_BR\" \/>\n<meta property=\"og:type\" content=\"article\" \/>\n<meta property=\"og:title\" content=\"Professor da UFMG analisa gado de Recreio e pecuaristas aprovam a iniciativa - P\u00f3lis Recreio\" \/>\n<meta property=\"og:description\" content=\"Ap\u00f3s a palestra realizada na \u00faltima ter\u00e7a-feira (10), o professor da Universidade Federal de Minas Gerais, Rodrigo Meneses, realizou um trabalho de an\u00e1lise do gado leiteiro de Recreio no dia seguinte, com objetivo de catalogar poss\u00edveis animais com incid\u00eancia de tripanossomose bovina para posteriormente trat\u00e1-los conforme orienta\u00e7\u00f5es veterin\u00e1rias. A iniciativa pioneira ocorreu por meio do [&hellip;]\" \/>\n<meta property=\"og:url\" content=\"http:\/\/www.polisrecreio.com.br\/site\/2017\/01\/13\/professor-da-ufmg-analisa-gado-de-recreio-e-pecuaristas-aprovam-a-iniciativa\/\" \/>\n<meta property=\"og:site_name\" content=\"P\u00f3lis Recreio\" \/>\n<meta property=\"article:publisher\" content=\"https:\/\/www.facebook.com\/Site-P%c3%b3lis-Recreio-MG-181941708571019\/\" \/>\n<meta property=\"article:published_time\" content=\"2017-01-13T15:59:38+00:00\" \/>\n<meta property=\"article:modified_time\" content=\"2017-01-13T16:02:26+00:00\" \/>\n<meta property=\"og:image\" content=\"https:\/\/www.polisrecreio.com.br\/site\/wp-content\/uploads\/2017\/01\/110.jpg\" \/>\n\t<meta property=\"og:image:width\" content=\"750\" \/>\n\t<meta property=\"og:image:height\" content=\"422\" \/>\n<meta name=\"twitter:card\" content=\"summary_large_image\" \/>\n<meta name=\"twitter:creator\" content=\"@PolisRecreio\" \/>\n<meta name=\"twitter:site\" content=\"@PolisRecreio\" \/>\n<meta name=\"twitter:label1\" content=\"Est. reading time\">\n\t<meta name=\"twitter:data1\" content=\"1 minuto\">\n<script type=\"application\/ld+json\" class=\"yoast-schema-graph\">{\"@context\":\"https:\/\/schema.org\",\"@graph\":[{\"@type\":\"WebSite\",\"@id\":\"https:\/\/www.polisrecreio.com.br\/site\/#website\",\"url\":\"https:\/\/www.polisrecreio.com.br\/site\/\",\"name\":\"P\\u00f3lis Recreio\",\"description\":\"\",\"potentialAction\":[{\"@type\":\"SearchAction\",\"target\":\"https:\/\/www.polisrecreio.com.br\/site\/?s={search_term_string}\",\"query-input\":\"required name=search_term_string\"}],\"inLanguage\":\"pt-BR\"},{\"@type\":\"ImageObject\",\"@id\":\"http:\/\/www.polisrecreio.com.br\/site\/2017\/01\/13\/professor-da-ufmg-analisa-gado-de-recreio-e-pecuaristas-aprovam-a-iniciativa\/#primaryimage\",\"inLanguage\":\"pt-BR\",\"url\":\"https:\/\/www.polisrecreio.com.br\/site\/wp-content\/uploads\/2017\/01\/110.jpg\",\"width\":750,\"height\":422,\"caption\":\"Trabalho de campo.\"},{\"@type\":\"WebPage\",\"@id\":\"http:\/\/www.polisrecreio.com.br\/site\/2017\/01\/13\/professor-da-ufmg-analisa-gado-de-recreio-e-pecuaristas-aprovam-a-iniciativa\/#webpage\",\"url\":\"http:\/\/www.polisrecreio.com.br\/site\/2017\/01\/13\/professor-da-ufmg-analisa-gado-de-recreio-e-pecuaristas-aprovam-a-iniciativa\/\",\"name\":\"Professor da UFMG analisa gado de Recreio e pecuaristas aprovam a iniciativa - P\\u00f3lis Recreio\",\"isPartOf\":{\"@id\":\"https:\/\/www.polisrecreio.com.br\/site\/#website\"},\"primaryImageOfPage\":{\"@id\":\"http:\/\/www.polisrecreio.com.br\/site\/2017\/01\/13\/professor-da-ufmg-analisa-gado-de-recreio-e-pecuaristas-aprovam-a-iniciativa\/#primaryimage\"},\"datePublished\":\"2017-01-13T15:59:38+00:00\",\"dateModified\":\"2017-01-13T16:02:26+00:00\",\"author\":{\"@id\":\"https:\/\/www.polisrecreio.com.br\/site\/#\/schema\/person\/3363c1c78e1e28e1329d97adb387638e\"},\"inLanguage\":\"pt-BR\",\"potentialAction\":[{\"@type\":\"ReadAction\",\"target\":[\"http:\/\/www.polisrecreio.com.br\/site\/2017\/01\/13\/professor-da-ufmg-analisa-gado-de-recreio-e-pecuaristas-aprovam-a-iniciativa\/\"]}]},{\"@type\":\"Person\",\"@id\":\"https:\/\/www.polisrecreio.com.br\/site\/#\/schema\/person\/3363c1c78e1e28e1329d97adb387638e\",\"name\":\"Leonardo Ribeiro\",\"image\":{\"@type\":\"ImageObject\",\"@id\":\"https:\/\/www.polisrecreio.com.br\/site\/#personlogo\",\"inLanguage\":\"pt-BR\",\"url\":\"https:\/\/secure.gravatar.com\/avatar\/6ba92a37d621e1a83e23710251178a12?s=96&d=mm&r=g\",\"caption\":\"Leonardo Ribeiro\"},\"sameAs\":[\"http:\/\/www.polisrecreio.com.br\"]}]}<\/script>\n<!-- \/ Yoast SEO plugin. -->","_links":{"self":[{"href":"https:\/\/www.polisrecreio.com.br\/site\/wp-json\/wp\/v2\/posts\/3932"}],"collection":[{"href":"https:\/\/www.polisrecreio.com.br\/site\/wp-json\/wp\/v2\/posts"}],"about":[{"href":"https:\/\/www.polisrecreio.com.br\/site\/wp-json\/wp\/v2\/types\/post"}],"author":[{"embeddable":true,"href":"https:\/\/www.polisrecreio.com.br\/site\/wp-json\/wp\/v2\/users\/3"}],"replies":[{"embeddable":true,"href":"https:\/\/www.polisrecreio.com.br\/site\/wp-json\/wp\/v2\/comments?post=3932"}],"version-history":[{"count":4,"href":"https:\/\/www.polisrecreio.com.br\/site\/wp-json\/wp\/v2\/posts\/3932\/revisions"}],"predecessor-version":[{"id":3940,"href":"https:\/\/www.polisrecreio.com.br\/site\/wp-json\/wp\/v2\/posts\/3932\/revisions\/3940"}],"wp:featuredmedia":[{"embeddable":true,"href":"https:\/\/www.polisrecreio.com.br\/site\/wp-json\/wp\/v2\/media\/3933"}],"wp:attachment":[{"href":"https:\/\/www.polisrecreio.com.br\/site\/wp-json\/wp\/v2\/media?parent=3932"}],"wp:term":[{"taxonomy":"category","embeddable":true,"href":"https:\/\/www.polisrecreio.com.br\/site\/wp-json\/wp\/v2\/categories?post=3932"},{"taxonomy":"post_tag","embeddable":true,"href":"https:\/\/www.polisrecreio.com.br\/site\/wp-json\/wp\/v2\/tags?post=3932"}],"curies":[{"name":"wp","href":"https:\/\/api.w.org\/{rel}","templated":true}]}}