{"id":3948,"date":"2017-01-14T10:25:34","date_gmt":"2017-01-14T13:25:34","guid":{"rendered":"http:\/\/www.polisrecreio.com.br\/site\/?p=3948"},"modified":"2017-01-14T10:28:30","modified_gmt":"2017-01-14T13:28:30","slug":"caixa-eletronico-da-prefeitura-esta-disponivel-ate-as-14h-deste-sabado","status":"publish","type":"post","link":"https:\/\/www.polisrecreio.com.br\/site\/2017\/01\/14\/caixa-eletronico-da-prefeitura-esta-disponivel-ate-as-14h-deste-sabado\/","title":{"rendered":"Caixa eletr\u00f4nico da Prefeitura est\u00e1 dispon\u00edvel at\u00e9 \u00e0s 14h deste s\u00e1bado"},"content":{"rendered":"<p style=\"text-align: justify;\">O prefeito de Recreio, Z\u00e9 Maria Barros, a pedidos da popula\u00e7\u00e3o colocou \u00e0 disposi\u00e7\u00e3o o caixa eletr\u00f4nico da Caixa Econ\u00f4mica Federal localizado na \u00e1rea interna da Prefeitura Municipal para saques neste s\u00e1bado (14), at\u00e9 \u00e0s 14h ou enquanto durar o recurso no caixa.<\/p>\n<p style=\"text-align: justify;\"><!--more--><\/p>\n<p style=\"text-align: justify;\"><a href=\"http:\/\/www.polisrecreio.com.br\/site\/wp-content\/uploads\/2017\/01\/Sem-t\u00edtulo-1.jpg\"><img loading=\"lazy\" class=\"aligncenter size-full wp-image-3949\" src=\"http:\/\/www.polisrecreio.com.br\/site\/wp-content\/uploads\/2017\/01\/Sem-t\u00edtulo-1.jpg\" alt=\"Sem t\u00edtulo-1\" width=\"1715\" height=\"1251\" srcset=\"https:\/\/www.polisrecreio.com.br\/site\/wp-content\/uploads\/2017\/01\/Sem-t\u00edtulo-1.jpg 1715w, https:\/\/www.polisrecreio.com.br\/site\/wp-content\/uploads\/2017\/01\/Sem-t\u00edtulo-1-300x219.jpg 300w, https:\/\/www.polisrecreio.com.br\/site\/wp-content\/uploads\/2017\/01\/Sem-t\u00edtulo-1-1024x747.jpg 1024w\" sizes=\"(max-width: 1715px) 100vw, 1715px\" \/><\/a><\/p>\n<p style=\"text-align: justify;\">Segundo o chefe do executivo, \u201ca ideia de colocar o caixa eletr\u00f4nico em funcionamento neste s\u00e1bado era um pedido de v\u00e1rios recreienses, que \u00e0s vezes n\u00e3o tem tempo para ir at\u00e9 a Casa Lot\u00e9rica antes do encerramento do expediente, \u00e0s 12h, ou n\u00e3o querem enfrentar filas\u201d.<\/p>\n<p style=\"text-align: justify;\">O movimento no caixa da Prefeitura estar\u00e1 sendo monitorado por um funcion\u00e1rio.<\/p>\n","protected":false},"excerpt":{"rendered":"<p>O prefeito de Recreio, Z\u00e9 Maria Barros, a pedidos da popula\u00e7\u00e3o colocou \u00e0 disposi\u00e7\u00e3o o caixa eletr\u00f4nico da Caixa Econ\u00f4mica Federal localizado na \u00e1rea interna da Prefeitura Municipal para saques neste s\u00e1bado (14), at\u00e9 \u00e0s 14h ou enquanto durar o recurso no caixa.<\/p>\n","protected":false},"author":3,"featured_media":3949,"comment_status":"open","ping_status":"open","sticky":false,"template":"","format":"standard","meta":[],"categories":[6],"tags":[],"yoast_head":"<!-- This site is optimized with the Yoast SEO plugin v15.6.2 - https:\/\/yoast.com\/wordpress\/plugins\/seo\/ -->\n<meta name=\"robots\" content=\"index, follow, max-snippet:-1, max-image-preview:large, max-video-preview:-1\" \/>\n<link rel=\"canonical\" href=\"http:\/\/www.polisrecreio.com.br\/site\/2017\/01\/14\/caixa-eletronico-da-prefeitura-esta-disponivel-ate-as-14h-deste-sabado\/\" \/>\n<meta property=\"og:locale\" content=\"pt_BR\" \/>\n<meta property=\"og:type\" content=\"article\" \/>\n<meta property=\"og:title\" content=\"Caixa eletr\u00f4nico da Prefeitura est\u00e1 dispon\u00edvel at\u00e9 \u00e0s 14h deste s\u00e1bado - P\u00f3lis Recreio\" \/>\n<meta property=\"og:description\" content=\"O prefeito de Recreio, Z\u00e9 Maria Barros, a pedidos da popula\u00e7\u00e3o colocou \u00e0 disposi\u00e7\u00e3o o caixa eletr\u00f4nico da Caixa Econ\u00f4mica Federal localizado na \u00e1rea interna da Prefeitura Municipal para saques neste s\u00e1bado (14), at\u00e9 \u00e0s 14h ou enquanto durar o recurso no caixa.\" \/>\n<meta property=\"og:url\" content=\"http:\/\/www.polisrecreio.com.br\/site\/2017\/01\/14\/caixa-eletronico-da-prefeitura-esta-disponivel-ate-as-14h-deste-sabado\/\" \/>\n<meta property=\"og:site_name\" content=\"P\u00f3lis Recreio\" \/>\n<meta property=\"article:publisher\" content=\"https:\/\/www.facebook.com\/Site-P%c3%b3lis-Recreio-MG-181941708571019\/\" \/>\n<meta property=\"article:published_time\" content=\"2017-01-14T13:25:34+00:00\" \/>\n<meta property=\"article:modified_time\" content=\"2017-01-14T13:28:30+00:00\" \/>\n<meta property=\"og:image\" content=\"https:\/\/www.polisrecreio.com.br\/site\/wp-content\/uploads\/2017\/01\/Sem-t\u00edtulo-1.jpg\" \/>\n\t<meta property=\"og:image:width\" content=\"1715\" \/>\n\t<meta property=\"og:image:height\" content=\"1251\" \/>\n<meta name=\"twitter:card\" content=\"summary_large_image\" \/>\n<meta name=\"twitter:creator\" content=\"@PolisRecreio\" \/>\n<meta name=\"twitter:site\" content=\"@PolisRecreio\" \/>\n<meta name=\"twitter:label1\" content=\"Est. reading time\">\n\t<meta name=\"twitter:data1\" content=\"1 minuto\">\n<script type=\"application\/ld+json\" class=\"yoast-schema-graph\">{\"@context\":\"https:\/\/schema.org\",\"@graph\":[{\"@type\":\"WebSite\",\"@id\":\"https:\/\/www.polisrecreio.com.br\/site\/#website\",\"url\":\"https:\/\/www.polisrecreio.com.br\/site\/\",\"name\":\"P\\u00f3lis Recreio\",\"description\":\"\",\"potentialAction\":[{\"@type\":\"SearchAction\",\"target\":\"https:\/\/www.polisrecreio.com.br\/site\/?s={search_term_string}\",\"query-input\":\"required name=search_term_string\"}],\"inLanguage\":\"pt-BR\"},{\"@type\":\"ImageObject\",\"@id\":\"http:\/\/www.polisrecreio.com.br\/site\/2017\/01\/14\/caixa-eletronico-da-prefeitura-esta-disponivel-ate-as-14h-deste-sabado\/#primaryimage\",\"inLanguage\":\"pt-BR\",\"url\":\"https:\/\/www.polisrecreio.com.br\/site\/wp-content\/uploads\/2017\/01\/Sem-t\\u00edtulo-1.jpg\",\"width\":1715,\"height\":1251},{\"@type\":\"WebPage\",\"@id\":\"http:\/\/www.polisrecreio.com.br\/site\/2017\/01\/14\/caixa-eletronico-da-prefeitura-esta-disponivel-ate-as-14h-deste-sabado\/#webpage\",\"url\":\"http:\/\/www.polisrecreio.com.br\/site\/2017\/01\/14\/caixa-eletronico-da-prefeitura-esta-disponivel-ate-as-14h-deste-sabado\/\",\"name\":\"Caixa eletr\\u00f4nico da Prefeitura est\\u00e1 dispon\\u00edvel at\\u00e9 \\u00e0s 14h deste s\\u00e1bado - P\\u00f3lis Recreio\",\"isPartOf\":{\"@id\":\"https:\/\/www.polisrecreio.com.br\/site\/#website\"},\"primaryImageOfPage\":{\"@id\":\"http:\/\/www.polisrecreio.com.br\/site\/2017\/01\/14\/caixa-eletronico-da-prefeitura-esta-disponivel-ate-as-14h-deste-sabado\/#primaryimage\"},\"datePublished\":\"2017-01-14T13:25:34+00:00\",\"dateModified\":\"2017-01-14T13:28:30+00:00\",\"author\":{\"@id\":\"https:\/\/www.polisrecreio.com.br\/site\/#\/schema\/person\/3363c1c78e1e28e1329d97adb387638e\"},\"inLanguage\":\"pt-BR\",\"potentialAction\":[{\"@type\":\"ReadAction\",\"target\":[\"http:\/\/www.polisrecreio.com.br\/site\/2017\/01\/14\/caixa-eletronico-da-prefeitura-esta-disponivel-ate-as-14h-deste-sabado\/\"]}]},{\"@type\":\"Person\",\"@id\":\"https:\/\/www.polisrecreio.com.br\/site\/#\/schema\/person\/3363c1c78e1e28e1329d97adb387638e\",\"name\":\"Leonardo Ribeiro\",\"image\":{\"@type\":\"ImageObject\",\"@id\":\"https:\/\/www.polisrecreio.com.br\/site\/#personlogo\",\"inLanguage\":\"pt-BR\",\"url\":\"https:\/\/secure.gravatar.com\/avatar\/6ba92a37d621e1a83e23710251178a12?s=96&d=mm&r=g\",\"caption\":\"Leonardo Ribeiro\"},\"sameAs\":[\"http:\/\/www.polisrecreio.com.br\"]}]}<\/script>\n<!-- \/ Yoast SEO plugin. -->","_links":{"self":[{"href":"https:\/\/www.polisrecreio.com.br\/site\/wp-json\/wp\/v2\/posts\/3948"}],"collection":[{"href":"https:\/\/www.polisrecreio.com.br\/site\/wp-json\/wp\/v2\/posts"}],"about":[{"href":"https:\/\/www.polisrecreio.com.br\/site\/wp-json\/wp\/v2\/types\/post"}],"author":[{"embeddable":true,"href":"https:\/\/www.polisrecreio.com.br\/site\/wp-json\/wp\/v2\/users\/3"}],"replies":[{"embeddable":true,"href":"https:\/\/www.polisrecreio.com.br\/site\/wp-json\/wp\/v2\/comments?post=3948"}],"version-history":[{"count":4,"href":"https:\/\/www.polisrecreio.com.br\/site\/wp-json\/wp\/v2\/posts\/3948\/revisions"}],"predecessor-version":[{"id":3953,"href":"https:\/\/www.polisrecreio.com.br\/site\/wp-json\/wp\/v2\/posts\/3948\/revisions\/3953"}],"wp:featuredmedia":[{"embeddable":true,"href":"https:\/\/www.polisrecreio.com.br\/site\/wp-json\/wp\/v2\/media\/3949"}],"wp:attachment":[{"href":"https:\/\/www.polisrecreio.com.br\/site\/wp-json\/wp\/v2\/media?parent=3948"}],"wp:term":[{"taxonomy":"category","embeddable":true,"href":"https:\/\/www.polisrecreio.com.br\/site\/wp-json\/wp\/v2\/categories?post=3948"},{"taxonomy":"post_tag","embeddable":true,"href":"https:\/\/www.polisrecreio.com.br\/site\/wp-json\/wp\/v2\/tags?post=3948"}],"curies":[{"name":"wp","href":"https:\/\/api.w.org\/{rel}","templated":true}]}}