{"id":3954,"date":"2017-01-16T11:03:10","date_gmt":"2017-01-16T14:03:10","guid":{"rendered":"http:\/\/www.polisrecreio.com.br\/site\/?p=3954"},"modified":"2017-01-16T11:03:47","modified_gmt":"2017-01-16T14:03:47","slug":"prefeito-e-secretario-de-esportes-prestigiam-final-de-campeonato-em-angaturama","status":"publish","type":"post","link":"https:\/\/www.polisrecreio.com.br\/site\/2017\/01\/16\/prefeito-e-secretario-de-esportes-prestigiam-final-de-campeonato-em-angaturama\/","title":{"rendered":"Prefeito e secret\u00e1rio de Esportes prestigiam final de Campeonato em Angaturama"},"content":{"rendered":"<p style=\"text-align: justify;\">O distrito de Angaturama esteve em festa durante a manh\u00e3 do domingo (15) com a grande final da 5\u00aa edi\u00e7\u00e3o do Campeonato de Futebol prestigiada pelo prefeito, Z\u00e9 Maria Barros, e o secret\u00e1rio de Esportes, Leandro Ferreira de Medeiros \u201cL\u00e9o Medeiros\u201d.<\/p>\n<p style=\"text-align: justify;\"><!--more--><\/p>\n<figure id=\"attachment_3956\" aria-describedby=\"caption-attachment-3956\" style=\"width: 960px\" class=\"wp-caption aligncenter\"><a href=\"http:\/\/www.polisrecreio.com.br\/site\/wp-content\/uploads\/2017\/01\/15965452_728149824012657_3594044851631129215_n.jpg\"><img loading=\"lazy\" class=\"size-full wp-image-3956\" src=\"http:\/\/www.polisrecreio.com.br\/site\/wp-content\/uploads\/2017\/01\/15965452_728149824012657_3594044851631129215_n.jpg\" alt=\"Jogadores, \u00e1rbitros, prefeito e secret\u00e1rio de Esportes.\" width=\"960\" height=\"720\" srcset=\"https:\/\/www.polisrecreio.com.br\/site\/wp-content\/uploads\/2017\/01\/15965452_728149824012657_3594044851631129215_n.jpg 960w, https:\/\/www.polisrecreio.com.br\/site\/wp-content\/uploads\/2017\/01\/15965452_728149824012657_3594044851631129215_n-300x225.jpg 300w\" sizes=\"(max-width: 960px) 100vw, 960px\" \/><\/a><figcaption id=\"caption-attachment-3956\" class=\"wp-caption-text\">Jogadores, \u00e1rbitros, prefeito e secret\u00e1rio de Esportes.<\/figcaption><\/figure>\n<p style=\"text-align: justify;\">A competi\u00e7\u00e3o aconteceu de outubro de 2016 a janeiro de 2017 e contou com 6 times, todos com nomes alusivos aos grandes clubes da Europa. Na final duelaram o Borussia (camisa amarela e preta) e o Chelsea (camisa verde). O time do Borussia venceu por 4X3 e conquistou o trof\u00e9u de campe\u00e3o. Ao todo participaram do campeonato mais de 80 jogadores.<\/p>\n<p style=\"text-align: justify;\">Antes da partida o prefeito e o secret\u00e1rio de Esportes parabenizaram os organizadores da competi\u00e7\u00e3o e fizeram quest\u00e3o de frisar que \u201co esporte ter\u00e1 incentivos durante a administra\u00e7\u00e3o 2017\/2020\u201d. Participaram tamb\u00e9m do evento os vereadores, Jovane, Paulinho Pintor e Chiquinho.<\/p>\n<p style=\"text-align: justify;\">Com o encerramento do campeonato os jogos do time de Angaturama voltam aos finais de semanas, com partidas no distrito e em cidades da regi\u00e3o.<\/p>\n<figure id=\"attachment_3957\" aria-describedby=\"caption-attachment-3957\" style=\"width: 1280px\" class=\"wp-caption aligncenter\"><a href=\"http:\/\/www.polisrecreio.com.br\/site\/wp-content\/uploads\/2017\/01\/IMG-20170116-WA0003.jpg\"><img loading=\"lazy\" class=\"size-full wp-image-3957\" src=\"http:\/\/www.polisrecreio.com.br\/site\/wp-content\/uploads\/2017\/01\/IMG-20170116-WA0003.jpg\" alt=\"Secret\u00e1rio de Esportes e o prefeito, em Angaturama.\" width=\"1280\" height=\"960\" srcset=\"https:\/\/www.polisrecreio.com.br\/site\/wp-content\/uploads\/2017\/01\/IMG-20170116-WA0003.jpg 1280w, https:\/\/www.polisrecreio.com.br\/site\/wp-content\/uploads\/2017\/01\/IMG-20170116-WA0003-300x225.jpg 300w, https:\/\/www.polisrecreio.com.br\/site\/wp-content\/uploads\/2017\/01\/IMG-20170116-WA0003-1024x768.jpg 1024w\" sizes=\"(max-width: 1280px) 100vw, 1280px\" \/><\/a><figcaption id=\"caption-attachment-3957\" class=\"wp-caption-text\">Secret\u00e1rio de Esportes e o prefeito, em Angaturama.<\/figcaption><\/figure>\n<figure id=\"attachment_3955\" aria-describedby=\"caption-attachment-3955\" style=\"width: 960px\" class=\"wp-caption aligncenter\"><a href=\"http:\/\/www.polisrecreio.com.br\/site\/wp-content\/uploads\/2017\/01\/15965419_728149794012660_6824604328087311282_n.jpg\"><img loading=\"lazy\" class=\"wp-image-3955 size-full\" src=\"http:\/\/www.polisrecreio.com.br\/site\/wp-content\/uploads\/2017\/01\/15965419_728149794012660_6824604328087311282_n.jpg\" alt=\"15965419_728149794012660_6824604328087311282_n\" width=\"960\" height=\"720\" srcset=\"https:\/\/www.polisrecreio.com.br\/site\/wp-content\/uploads\/2017\/01\/15965419_728149794012660_6824604328087311282_n.jpg 960w, https:\/\/www.polisrecreio.com.br\/site\/wp-content\/uploads\/2017\/01\/15965419_728149794012660_6824604328087311282_n-300x225.jpg 300w\" sizes=\"(max-width: 960px) 100vw, 960px\" \/><\/a><figcaption id=\"caption-attachment-3955\" class=\"wp-caption-text\">Conversando com jogadores.<\/figcaption><\/figure>\n<figure id=\"attachment_3958\" aria-describedby=\"caption-attachment-3958\" style=\"width: 750px\" class=\"wp-caption aligncenter\"><a href=\"http:\/\/www.polisrecreio.com.br\/site\/wp-content\/uploads\/2017\/01\/IMG-20170116-WA0002.jpg\"><img loading=\"lazy\" class=\"size-full wp-image-3958\" src=\"http:\/\/www.polisrecreio.com.br\/site\/wp-content\/uploads\/2017\/01\/IMG-20170116-WA0002.jpg\" alt=\"Secret\u00e1rio de Esportes e os campe\u00f5es.\" width=\"750\" height=\"544\" srcset=\"https:\/\/www.polisrecreio.com.br\/site\/wp-content\/uploads\/2017\/01\/IMG-20170116-WA0002.jpg 750w, https:\/\/www.polisrecreio.com.br\/site\/wp-content\/uploads\/2017\/01\/IMG-20170116-WA0002-300x218.jpg 300w\" sizes=\"(max-width: 750px) 100vw, 750px\" \/><\/a><figcaption id=\"caption-attachment-3958\" class=\"wp-caption-text\">Secret\u00e1rio de Esportes e os campe\u00f5es.<\/figcaption><\/figure>\n","protected":false},"excerpt":{"rendered":"<p>O distrito de Angaturama esteve em festa durante a manh\u00e3 do domingo (15) com a grande final da 5\u00aa edi\u00e7\u00e3o do Campeonato de Futebol prestigiada pelo prefeito, Z\u00e9 Maria Barros, e o secret\u00e1rio de Esportes, Leandro Ferreira de Medeiros \u201cL\u00e9o Medeiros\u201d.<\/p>\n","protected":false},"author":3,"featured_media":3956,"comment_status":"open","ping_status":"open","sticky":false,"template":"","format":"standard","meta":[],"categories":[4],"tags":[],"yoast_head":"<!-- This site is optimized with the Yoast SEO plugin v15.6.2 - https:\/\/yoast.com\/wordpress\/plugins\/seo\/ -->\n<meta name=\"robots\" content=\"index, follow, max-snippet:-1, max-image-preview:large, max-video-preview:-1\" \/>\n<link rel=\"canonical\" href=\"http:\/\/www.polisrecreio.com.br\/site\/2017\/01\/16\/prefeito-e-secretario-de-esportes-prestigiam-final-de-campeonato-em-angaturama\/\" \/>\n<meta property=\"og:locale\" content=\"pt_BR\" \/>\n<meta property=\"og:type\" content=\"article\" \/>\n<meta property=\"og:title\" content=\"Prefeito e secret\u00e1rio de Esportes prestigiam final de Campeonato em Angaturama - P\u00f3lis Recreio\" \/>\n<meta property=\"og:description\" content=\"O distrito de Angaturama esteve em festa durante a manh\u00e3 do domingo (15) com a grande final da 5\u00aa edi\u00e7\u00e3o do Campeonato de Futebol prestigiada pelo prefeito, Z\u00e9 Maria Barros, e o secret\u00e1rio de Esportes, Leandro Ferreira de Medeiros \u201cL\u00e9o Medeiros\u201d.\" \/>\n<meta property=\"og:url\" content=\"http:\/\/www.polisrecreio.com.br\/site\/2017\/01\/16\/prefeito-e-secretario-de-esportes-prestigiam-final-de-campeonato-em-angaturama\/\" \/>\n<meta property=\"og:site_name\" content=\"P\u00f3lis Recreio\" \/>\n<meta property=\"article:publisher\" content=\"https:\/\/www.facebook.com\/Site-P%c3%b3lis-Recreio-MG-181941708571019\/\" \/>\n<meta property=\"article:published_time\" content=\"2017-01-16T14:03:10+00:00\" \/>\n<meta property=\"article:modified_time\" content=\"2017-01-16T14:03:47+00:00\" \/>\n<meta property=\"og:image\" content=\"https:\/\/www.polisrecreio.com.br\/site\/wp-content\/uploads\/2017\/01\/15965452_728149824012657_3594044851631129215_n.jpg\" \/>\n\t<meta property=\"og:image:width\" content=\"960\" \/>\n\t<meta property=\"og:image:height\" content=\"720\" \/>\n<meta name=\"twitter:card\" content=\"summary_large_image\" \/>\n<meta name=\"twitter:creator\" content=\"@PolisRecreio\" \/>\n<meta name=\"twitter:site\" content=\"@PolisRecreio\" \/>\n<meta name=\"twitter:label1\" content=\"Est. reading time\">\n\t<meta name=\"twitter:data1\" content=\"1 minuto\">\n<script type=\"application\/ld+json\" class=\"yoast-schema-graph\">{\"@context\":\"https:\/\/schema.org\",\"@graph\":[{\"@type\":\"WebSite\",\"@id\":\"https:\/\/www.polisrecreio.com.br\/site\/#website\",\"url\":\"https:\/\/www.polisrecreio.com.br\/site\/\",\"name\":\"P\\u00f3lis Recreio\",\"description\":\"\",\"potentialAction\":[{\"@type\":\"SearchAction\",\"target\":\"https:\/\/www.polisrecreio.com.br\/site\/?s={search_term_string}\",\"query-input\":\"required name=search_term_string\"}],\"inLanguage\":\"pt-BR\"},{\"@type\":\"ImageObject\",\"@id\":\"http:\/\/www.polisrecreio.com.br\/site\/2017\/01\/16\/prefeito-e-secretario-de-esportes-prestigiam-final-de-campeonato-em-angaturama\/#primaryimage\",\"inLanguage\":\"pt-BR\",\"url\":\"https:\/\/www.polisrecreio.com.br\/site\/wp-content\/uploads\/2017\/01\/15965452_728149824012657_3594044851631129215_n.jpg\",\"width\":960,\"height\":720,\"caption\":\"Jogadores, \\u00e1rbitros, prefeito e secret\\u00e1rio de Esportes.\"},{\"@type\":\"WebPage\",\"@id\":\"http:\/\/www.polisrecreio.com.br\/site\/2017\/01\/16\/prefeito-e-secretario-de-esportes-prestigiam-final-de-campeonato-em-angaturama\/#webpage\",\"url\":\"http:\/\/www.polisrecreio.com.br\/site\/2017\/01\/16\/prefeito-e-secretario-de-esportes-prestigiam-final-de-campeonato-em-angaturama\/\",\"name\":\"Prefeito e secret\\u00e1rio de Esportes prestigiam final de Campeonato em Angaturama - P\\u00f3lis Recreio\",\"isPartOf\":{\"@id\":\"https:\/\/www.polisrecreio.com.br\/site\/#website\"},\"primaryImageOfPage\":{\"@id\":\"http:\/\/www.polisrecreio.com.br\/site\/2017\/01\/16\/prefeito-e-secretario-de-esportes-prestigiam-final-de-campeonato-em-angaturama\/#primaryimage\"},\"datePublished\":\"2017-01-16T14:03:10+00:00\",\"dateModified\":\"2017-01-16T14:03:47+00:00\",\"author\":{\"@id\":\"https:\/\/www.polisrecreio.com.br\/site\/#\/schema\/person\/3363c1c78e1e28e1329d97adb387638e\"},\"inLanguage\":\"pt-BR\",\"potentialAction\":[{\"@type\":\"ReadAction\",\"target\":[\"http:\/\/www.polisrecreio.com.br\/site\/2017\/01\/16\/prefeito-e-secretario-de-esportes-prestigiam-final-de-campeonato-em-angaturama\/\"]}]},{\"@type\":\"Person\",\"@id\":\"https:\/\/www.polisrecreio.com.br\/site\/#\/schema\/person\/3363c1c78e1e28e1329d97adb387638e\",\"name\":\"Leonardo Ribeiro\",\"image\":{\"@type\":\"ImageObject\",\"@id\":\"https:\/\/www.polisrecreio.com.br\/site\/#personlogo\",\"inLanguage\":\"pt-BR\",\"url\":\"https:\/\/secure.gravatar.com\/avatar\/6ba92a37d621e1a83e23710251178a12?s=96&d=mm&r=g\",\"caption\":\"Leonardo Ribeiro\"},\"sameAs\":[\"http:\/\/www.polisrecreio.com.br\"]}]}<\/script>\n<!-- \/ Yoast SEO plugin. -->","_links":{"self":[{"href":"https:\/\/www.polisrecreio.com.br\/site\/wp-json\/wp\/v2\/posts\/3954"}],"collection":[{"href":"https:\/\/www.polisrecreio.com.br\/site\/wp-json\/wp\/v2\/posts"}],"about":[{"href":"https:\/\/www.polisrecreio.com.br\/site\/wp-json\/wp\/v2\/types\/post"}],"author":[{"embeddable":true,"href":"https:\/\/www.polisrecreio.com.br\/site\/wp-json\/wp\/v2\/users\/3"}],"replies":[{"embeddable":true,"href":"https:\/\/www.polisrecreio.com.br\/site\/wp-json\/wp\/v2\/comments?post=3954"}],"version-history":[{"count":2,"href":"https:\/\/www.polisrecreio.com.br\/site\/wp-json\/wp\/v2\/posts\/3954\/revisions"}],"predecessor-version":[{"id":3960,"href":"https:\/\/www.polisrecreio.com.br\/site\/wp-json\/wp\/v2\/posts\/3954\/revisions\/3960"}],"wp:featuredmedia":[{"embeddable":true,"href":"https:\/\/www.polisrecreio.com.br\/site\/wp-json\/wp\/v2\/media\/3956"}],"wp:attachment":[{"href":"https:\/\/www.polisrecreio.com.br\/site\/wp-json\/wp\/v2\/media?parent=3954"}],"wp:term":[{"taxonomy":"category","embeddable":true,"href":"https:\/\/www.polisrecreio.com.br\/site\/wp-json\/wp\/v2\/categories?post=3954"},{"taxonomy":"post_tag","embeddable":true,"href":"https:\/\/www.polisrecreio.com.br\/site\/wp-json\/wp\/v2\/tags?post=3954"}],"curies":[{"name":"wp","href":"https:\/\/api.w.org\/{rel}","templated":true}]}}