{"id":3961,"date":"2017-01-16T16:02:03","date_gmt":"2017-01-16T19:02:03","guid":{"rendered":"http:\/\/www.polisrecreio.com.br\/site\/?p=3961"},"modified":"2017-01-16T16:02:03","modified_gmt":"2017-01-16T19:02:03","slug":"tradicao-das-folias-de-reis-e-preservada-em-recreio-e-no-estado-torna-se-patrimonio-imaterial","status":"publish","type":"post","link":"https:\/\/www.polisrecreio.com.br\/site\/2017\/01\/16\/tradicao-das-folias-de-reis-e-preservada-em-recreio-e-no-estado-torna-se-patrimonio-imaterial\/","title":{"rendered":"Tradi\u00e7\u00e3o das Folias de Reis \u00e9 preservada em Recreio e no Estado torna-se patrim\u00f4nio imaterial"},"content":{"rendered":"<p style=\"text-align: justify;\">A 26\u00aa edi\u00e7\u00e3o da Festa em Honra aos Santos Reis preservou por mais um ano a tradi\u00e7\u00e3o das Folias de Reis em Recreio, com apresenta\u00e7\u00f5es de grupos do Munic\u00edpio e de cidades da regi\u00e3o. No Estado de Minas Gerais a manifesta\u00e7\u00e3o cultural tornou-se patrim\u00f4nio cultural imaterial.<\/p>\n<p style=\"text-align: justify;\"><!--more--><\/p>\n<figure id=\"attachment_3967\" aria-describedby=\"caption-attachment-3967\" style=\"width: 720px\" class=\"wp-caption aligncenter\"><a href=\"http:\/\/www.polisrecreio.com.br\/site\/wp-content\/uploads\/2017\/01\/Dois-Irm\u00e3os-Recreio.jpg\"><img loading=\"lazy\" class=\"size-full wp-image-3967\" src=\"http:\/\/www.polisrecreio.com.br\/site\/wp-content\/uploads\/2017\/01\/Dois-Irm\u00e3os-Recreio.jpg\" alt=\"Dois Irm\u00e3os - Recreio.\" width=\"720\" height=\"478\" srcset=\"https:\/\/www.polisrecreio.com.br\/site\/wp-content\/uploads\/2017\/01\/Dois-Irm\u00e3os-Recreio.jpg 720w, https:\/\/www.polisrecreio.com.br\/site\/wp-content\/uploads\/2017\/01\/Dois-Irm\u00e3os-Recreio-300x199.jpg 300w\" sizes=\"(max-width: 720px) 100vw, 720px\" \/><\/a><figcaption id=\"caption-attachment-3967\" class=\"wp-caption-text\">Dois Irm\u00e3os &#8211; Recreio.<\/figcaption><\/figure>\n<p style=\"text-align: justify;\">Em Recreio os festejos e as apresenta\u00e7\u00f5es de diversos grupos foli\u00f5es (Recreio, Palma Pirapetinga, Leopoldina, Barreiros \u2013 Recreio, S\u00e3o Martinho \u2013 Leopoldina, Ribeiro Junqueira \u2013 Leopoldina e Laje do Muria\u00e9\/RJ) aconteceram na Capela dos Santos Reis, no bairro Canto da F\u00e1brica, entre os dias 31 de dezembro e 8 de janeiro. Houve tamb\u00e9m santa missa celebrada pelo Pe. Edison Campos.<\/p>\n<p style=\"text-align: justify;\">No Estado de Minas Gerais a manifesta\u00e7\u00e3o cultural recebeu o t\u00edtulo de patrim\u00f4nio imaterial atrav\u00e9s de aprova\u00e7\u00e3o do Conselho Estadual de Patrim\u00f4nio de Minas Gerais, no dia 6 de janeiro. O t\u00edtulo poder\u00e1 facilitar o apoio do Governo Estadual para que os grupos comprem instrumentos musicais e confeccionem as vestimentas dos foli\u00f5es. O Instituto Estadual do Patrim\u00f4nio Hist\u00f3rico e Art\u00edstico de Minas Gerais \u201cIEPHA-MG\u201d tamb\u00e9m pretende criar espa\u00e7os de forma\u00e7\u00e3o para fomentar a integra\u00e7\u00e3o das novas gera\u00e7\u00f5es, por exemplo, atrav\u00e9s de oficinas de canto e de instrumentos musicais.<\/p>\n<figure id=\"attachment_3979\" aria-describedby=\"caption-attachment-3979\" style=\"width: 960px\" class=\"wp-caption aligncenter\"><a href=\"http:\/\/www.polisrecreio.com.br\/site\/wp-content\/uploads\/2017\/01\/Santa-\u00darsula-S\u00e3o-Martinho-Leopoldina.jpg\"><img loading=\"lazy\" class=\"size-full wp-image-3979\" src=\"http:\/\/www.polisrecreio.com.br\/site\/wp-content\/uploads\/2017\/01\/Santa-\u00darsula-S\u00e3o-Martinho-Leopoldina.jpg\" alt=\"Santa \u00darsula - S\u00e3o Martinho - Leopoldina.\" width=\"960\" height=\"540\" srcset=\"https:\/\/www.polisrecreio.com.br\/site\/wp-content\/uploads\/2017\/01\/Santa-\u00darsula-S\u00e3o-Martinho-Leopoldina.jpg 960w, https:\/\/www.polisrecreio.com.br\/site\/wp-content\/uploads\/2017\/01\/Santa-\u00darsula-S\u00e3o-Martinho-Leopoldina-300x169.jpg 300w\" sizes=\"(max-width: 960px) 100vw, 960px\" \/><\/a><figcaption id=\"caption-attachment-3979\" class=\"wp-caption-text\">Santa \u00darsula &#8211; S\u00e3o Martinho &#8211; Leopoldina.<\/figcaption><\/figure>\n<figure id=\"attachment_3978\" aria-describedby=\"caption-attachment-3978\" style=\"width: 960px\" class=\"wp-caption aligncenter\"><a href=\"http:\/\/www.polisrecreio.com.br\/site\/wp-content\/uploads\/2017\/01\/Reis-Sebasti\u00e3o-Cabral-Dijinho-Leopoldina.jpg\"><img loading=\"lazy\" class=\"size-full wp-image-3978\" src=\"http:\/\/www.polisrecreio.com.br\/site\/wp-content\/uploads\/2017\/01\/Reis-Sebasti\u00e3o-Cabral-Dijinho-Leopoldina.jpg\" alt=\"Sebasti\u00e3o Cabral (Dijinho) - Leopoldina\" width=\"960\" height=\"540\" srcset=\"https:\/\/www.polisrecreio.com.br\/site\/wp-content\/uploads\/2017\/01\/Reis-Sebasti\u00e3o-Cabral-Dijinho-Leopoldina.jpg 960w, https:\/\/www.polisrecreio.com.br\/site\/wp-content\/uploads\/2017\/01\/Reis-Sebasti\u00e3o-Cabral-Dijinho-Leopoldina-300x169.jpg 300w\" sizes=\"(max-width: 960px) 100vw, 960px\" \/><\/a><figcaption id=\"caption-attachment-3978\" class=\"wp-caption-text\">Sebasti\u00e3o Cabral (Dijinho) &#8211; Leopoldina.<\/figcaption><\/figure>\n<figure id=\"attachment_3977\" aria-describedby=\"caption-attachment-3977\" style=\"width: 960px\" class=\"wp-caption aligncenter\"><a href=\"http:\/\/www.polisrecreio.com.br\/site\/wp-content\/uploads\/2017\/01\/Nova-Jornada-Recreio.jpg\"><img loading=\"lazy\" class=\"size-full wp-image-3977\" src=\"http:\/\/www.polisrecreio.com.br\/site\/wp-content\/uploads\/2017\/01\/Nova-Jornada-Recreio.jpg\" alt=\"Nova Jornada - Recreio.\" width=\"960\" height=\"540\" srcset=\"https:\/\/www.polisrecreio.com.br\/site\/wp-content\/uploads\/2017\/01\/Nova-Jornada-Recreio.jpg 960w, https:\/\/www.polisrecreio.com.br\/site\/wp-content\/uploads\/2017\/01\/Nova-Jornada-Recreio-300x169.jpg 300w\" sizes=\"(max-width: 960px) 100vw, 960px\" \/><\/a><figcaption id=\"caption-attachment-3977\" class=\"wp-caption-text\">Nova Jornada &#8211; Recreio.<\/figcaption><\/figure>\n<figure id=\"attachment_3976\" aria-describedby=\"caption-attachment-3976\" style=\"width: 960px\" class=\"wp-caption aligncenter\"><a href=\"http:\/\/www.polisrecreio.com.br\/site\/wp-content\/uploads\/2017\/01\/Moreira-da-Fonseca-Barreiros-Recreio.jpg\"><img loading=\"lazy\" class=\"size-full wp-image-3976\" src=\"http:\/\/www.polisrecreio.com.br\/site\/wp-content\/uploads\/2017\/01\/Moreira-da-Fonseca-Barreiros-Recreio.jpg\" alt=\"Moreira da Fonseca - Barreiros - Recreio.\" width=\"960\" height=\"540\" srcset=\"https:\/\/www.polisrecreio.com.br\/site\/wp-content\/uploads\/2017\/01\/Moreira-da-Fonseca-Barreiros-Recreio.jpg 960w, https:\/\/www.polisrecreio.com.br\/site\/wp-content\/uploads\/2017\/01\/Moreira-da-Fonseca-Barreiros-Recreio-300x169.jpg 300w\" sizes=\"(max-width: 960px) 100vw, 960px\" \/><\/a><figcaption id=\"caption-attachment-3976\" class=\"wp-caption-text\">Moreira da Fonseca &#8211; Barreiros &#8211; Recreio.<\/figcaption><\/figure>\n<figure id=\"attachment_3975\" aria-describedby=\"caption-attachment-3975\" style=\"width: 960px\" class=\"wp-caption aligncenter\"><a href=\"http:\/\/www.polisrecreio.com.br\/site\/wp-content\/uploads\/2017\/01\/Mensageiro-da-Paz-Laranjal.jpg\"><img loading=\"lazy\" class=\"size-full wp-image-3975\" src=\"http:\/\/www.polisrecreio.com.br\/site\/wp-content\/uploads\/2017\/01\/Mensageiro-da-Paz-Laranjal.jpg\" alt=\"Mensageiro da Paz - Laranjal.\" width=\"960\" height=\"540\" srcset=\"https:\/\/www.polisrecreio.com.br\/site\/wp-content\/uploads\/2017\/01\/Mensageiro-da-Paz-Laranjal.jpg 960w, https:\/\/www.polisrecreio.com.br\/site\/wp-content\/uploads\/2017\/01\/Mensageiro-da-Paz-Laranjal-300x169.jpg 300w\" sizes=\"(max-width: 960px) 100vw, 960px\" \/><\/a><figcaption id=\"caption-attachment-3975\" class=\"wp-caption-text\">Mensageiro da Paz &#8211; Laranjal.<\/figcaption><\/figure>\n<figure id=\"attachment_3974\" aria-describedby=\"caption-attachment-3974\" style=\"width: 1184px\" class=\"wp-caption aligncenter\"><a href=\"http:\/\/www.polisrecreio.com.br\/site\/wp-content\/uploads\/2017\/01\/Lomba-Ribeiro-Junqueira.jpg\"><img loading=\"lazy\" class=\"size-full wp-image-3974\" src=\"http:\/\/www.polisrecreio.com.br\/site\/wp-content\/uploads\/2017\/01\/Lomba-Ribeiro-Junqueira.jpg\" alt=\"Lomba - Ribeiro Junqueira - Leopoldina.\" width=\"1184\" height=\"666\" srcset=\"https:\/\/www.polisrecreio.com.br\/site\/wp-content\/uploads\/2017\/01\/Lomba-Ribeiro-Junqueira.jpg 1184w, https:\/\/www.polisrecreio.com.br\/site\/wp-content\/uploads\/2017\/01\/Lomba-Ribeiro-Junqueira-300x169.jpg 300w, https:\/\/www.polisrecreio.com.br\/site\/wp-content\/uploads\/2017\/01\/Lomba-Ribeiro-Junqueira-1024x576.jpg 1024w\" sizes=\"(max-width: 1184px) 100vw, 1184px\" \/><\/a><figcaption id=\"caption-attachment-3974\" class=\"wp-caption-text\">Lomba &#8211; Ribeiro Junqueira &#8211; Leopoldina.<\/figcaption><\/figure>\n<figure id=\"attachment_3973\" aria-describedby=\"caption-attachment-3973\" style=\"width: 960px\" class=\"wp-caption aligncenter\"><a href=\"http:\/\/www.polisrecreio.com.br\/site\/wp-content\/uploads\/2017\/01\/Fam\u00edlia-Gomes-Leopoldina.jpg\"><img loading=\"lazy\" class=\"size-full wp-image-3973\" src=\"http:\/\/www.polisrecreio.com.br\/site\/wp-content\/uploads\/2017\/01\/Fam\u00edlia-Gomes-Leopoldina.jpg\" alt=\"Fam\u00edlia Gomes - Leopoldina.\" width=\"960\" height=\"540\" srcset=\"https:\/\/www.polisrecreio.com.br\/site\/wp-content\/uploads\/2017\/01\/Fam\u00edlia-Gomes-Leopoldina.jpg 960w, https:\/\/www.polisrecreio.com.br\/site\/wp-content\/uploads\/2017\/01\/Fam\u00edlia-Gomes-Leopoldina-300x169.jpg 300w\" sizes=\"(max-width: 960px) 100vw, 960px\" \/><\/a><figcaption id=\"caption-attachment-3973\" class=\"wp-caption-text\">Fam\u00edlia Gomes &#8211; Leopoldina.<\/figcaption><\/figure>\n<figure id=\"attachment_3972\" aria-describedby=\"caption-attachment-3972\" style=\"width: 960px\" class=\"wp-caption aligncenter\"><a href=\"http:\/\/www.polisrecreio.com.br\/site\/wp-content\/uploads\/2017\/01\/Estrela-Nova-do-Oriente-Recreio.jpg\"><img loading=\"lazy\" class=\"size-full wp-image-3972\" src=\"http:\/\/www.polisrecreio.com.br\/site\/wp-content\/uploads\/2017\/01\/Estrela-Nova-do-Oriente-Recreio.jpg\" alt=\"Estrela Nova do Oriente - Recreio.\" width=\"960\" height=\"540\" srcset=\"https:\/\/www.polisrecreio.com.br\/site\/wp-content\/uploads\/2017\/01\/Estrela-Nova-do-Oriente-Recreio.jpg 960w, https:\/\/www.polisrecreio.com.br\/site\/wp-content\/uploads\/2017\/01\/Estrela-Nova-do-Oriente-Recreio-300x169.jpg 300w\" sizes=\"(max-width: 960px) 100vw, 960px\" \/><\/a><figcaption id=\"caption-attachment-3972\" class=\"wp-caption-text\">Estrela Nova do Oriente &#8211; Recreio.<\/figcaption><\/figure>\n<figure id=\"attachment_3971\" aria-describedby=\"caption-attachment-3971\" style=\"width: 960px\" class=\"wp-caption aligncenter\"><a href=\"http:\/\/www.polisrecreio.com.br\/site\/wp-content\/uploads\/2017\/01\/Estrela-Guia-Palma.jpg\"><img loading=\"lazy\" class=\"size-full wp-image-3971\" src=\"http:\/\/www.polisrecreio.com.br\/site\/wp-content\/uploads\/2017\/01\/Estrela-Guia-Palma.jpg\" alt=\"Estrela Guia - Palma.\" width=\"960\" height=\"540\" srcset=\"https:\/\/www.polisrecreio.com.br\/site\/wp-content\/uploads\/2017\/01\/Estrela-Guia-Palma.jpg 960w, https:\/\/www.polisrecreio.com.br\/site\/wp-content\/uploads\/2017\/01\/Estrela-Guia-Palma-300x169.jpg 300w\" sizes=\"(max-width: 960px) 100vw, 960px\" \/><\/a><figcaption id=\"caption-attachment-3971\" class=\"wp-caption-text\">Estrela Guia &#8211; Palma.<\/figcaption><\/figure>\n<figure id=\"attachment_3970\" aria-describedby=\"caption-attachment-3970\" style=\"width: 960px\" class=\"wp-caption aligncenter\"><a href=\"http:\/\/www.polisrecreio.com.br\/site\/wp-content\/uploads\/2017\/01\/Estrela-do-Oriente-Pirapetinga.jpg\"><img loading=\"lazy\" class=\"size-full wp-image-3970\" src=\"http:\/\/www.polisrecreio.com.br\/site\/wp-content\/uploads\/2017\/01\/Estrela-do-Oriente-Pirapetinga.jpg\" alt=\"Estrela do Oriente - Pirapetinga.\" width=\"960\" height=\"540\" srcset=\"https:\/\/www.polisrecreio.com.br\/site\/wp-content\/uploads\/2017\/01\/Estrela-do-Oriente-Pirapetinga.jpg 960w, https:\/\/www.polisrecreio.com.br\/site\/wp-content\/uploads\/2017\/01\/Estrela-do-Oriente-Pirapetinga-300x169.jpg 300w\" sizes=\"(max-width: 960px) 100vw, 960px\" \/><\/a><figcaption id=\"caption-attachment-3970\" class=\"wp-caption-text\">Estrela do Oriente &#8211; Pirapetinga.<\/figcaption><\/figure>\n<figure id=\"attachment_3969\" aria-describedby=\"caption-attachment-3969\" style=\"width: 960px\" class=\"wp-caption aligncenter\"><a href=\"http:\/\/www.polisrecreio.com.br\/site\/wp-content\/uploads\/2017\/01\/Estrela-do-Norte-Laje-do-Muriae-RJ.jpg\"><img loading=\"lazy\" class=\"size-full wp-image-3969\" src=\"http:\/\/www.polisrecreio.com.br\/site\/wp-content\/uploads\/2017\/01\/Estrela-do-Norte-Laje-do-Muriae-RJ.jpg\" alt=\"Estrela do Norte - Laje do Muriae\/RJ.\" width=\"960\" height=\"540\" srcset=\"https:\/\/www.polisrecreio.com.br\/site\/wp-content\/uploads\/2017\/01\/Estrela-do-Norte-Laje-do-Muriae-RJ.jpg 960w, https:\/\/www.polisrecreio.com.br\/site\/wp-content\/uploads\/2017\/01\/Estrela-do-Norte-Laje-do-Muriae-RJ-300x169.jpg 300w\" sizes=\"(max-width: 960px) 100vw, 960px\" \/><\/a><figcaption id=\"caption-attachment-3969\" class=\"wp-caption-text\">Estrela do Norte &#8211; Laje do Muriae\/RJ.<\/figcaption><\/figure>\n<figure id=\"attachment_3968\" aria-describedby=\"caption-attachment-3968\" style=\"width: 960px\" class=\"wp-caption aligncenter\"><a href=\"http:\/\/www.polisrecreio.com.br\/site\/wp-content\/uploads\/2017\/01\/Estrela-Cadente-Leopoldina.jpg\"><img loading=\"lazy\" class=\"size-full wp-image-3968\" src=\"http:\/\/www.polisrecreio.com.br\/site\/wp-content\/uploads\/2017\/01\/Estrela-Cadente-Leopoldina.jpg\" alt=\"Estrela Cadente - Leopoldina.\" width=\"960\" height=\"540\" srcset=\"https:\/\/www.polisrecreio.com.br\/site\/wp-content\/uploads\/2017\/01\/Estrela-Cadente-Leopoldina.jpg 960w, https:\/\/www.polisrecreio.com.br\/site\/wp-content\/uploads\/2017\/01\/Estrela-Cadente-Leopoldina-300x169.jpg 300w\" sizes=\"(max-width: 960px) 100vw, 960px\" \/><\/a><figcaption id=\"caption-attachment-3968\" class=\"wp-caption-text\">Estrela Cadente &#8211; Leopoldina.<\/figcaption><\/figure>\n<figure id=\"attachment_3966\" aria-describedby=\"caption-attachment-3966\" style=\"width: 720px\" class=\"wp-caption aligncenter\"><a href=\"http:\/\/www.polisrecreio.com.br\/site\/wp-content\/uploads\/2017\/01\/Costa-Mello-Recreio.jpg\"><img loading=\"lazy\" class=\"size-full wp-image-3966\" src=\"http:\/\/www.polisrecreio.com.br\/site\/wp-content\/uploads\/2017\/01\/Costa-Mello-Recreio.jpg\" alt=\"Costa Mello - Recreio.\" width=\"720\" height=\"478\" srcset=\"https:\/\/www.polisrecreio.com.br\/site\/wp-content\/uploads\/2017\/01\/Costa-Mello-Recreio.jpg 720w, https:\/\/www.polisrecreio.com.br\/site\/wp-content\/uploads\/2017\/01\/Costa-Mello-Recreio-300x199.jpg 300w\" sizes=\"(max-width: 720px) 100vw, 720px\" \/><\/a><figcaption id=\"caption-attachment-3966\" class=\"wp-caption-text\">Costa Mello &#8211; Recreio.<\/figcaption><\/figure>\n<figure id=\"attachment_3965\" aria-describedby=\"caption-attachment-3965\" style=\"width: 960px\" class=\"wp-caption aligncenter\"><a href=\"http:\/\/www.polisrecreio.com.br\/site\/wp-content\/uploads\/2017\/01\/Colodino-Leopoldina.jpg\"><img loading=\"lazy\" class=\"size-full wp-image-3965\" src=\"http:\/\/www.polisrecreio.com.br\/site\/wp-content\/uploads\/2017\/01\/Colodino-Leopoldina.jpg\" alt=\"Colodino - Leopoldina.\" width=\"960\" height=\"540\" srcset=\"https:\/\/www.polisrecreio.com.br\/site\/wp-content\/uploads\/2017\/01\/Colodino-Leopoldina.jpg 960w, https:\/\/www.polisrecreio.com.br\/site\/wp-content\/uploads\/2017\/01\/Colodino-Leopoldina-300x169.jpg 300w\" sizes=\"(max-width: 960px) 100vw, 960px\" \/><\/a><figcaption id=\"caption-attachment-3965\" class=\"wp-caption-text\">Colodino &#8211; Leopoldina.<\/figcaption><\/figure>\n<figure id=\"attachment_3964\" aria-describedby=\"caption-attachment-3964\" style=\"width: 960px\" class=\"wp-caption aligncenter\"><a href=\"http:\/\/www.polisrecreio.com.br\/site\/wp-content\/uploads\/2017\/01\/celebra\u00e7\u00e3o-de-santa-missa.jpg\"><img loading=\"lazy\" class=\"size-full wp-image-3964\" src=\"http:\/\/www.polisrecreio.com.br\/site\/wp-content\/uploads\/2017\/01\/celebra\u00e7\u00e3o-de-santa-missa.jpg\" alt=\"Celebra\u00e7\u00e3o de santa missa.\" width=\"960\" height=\"540\" srcset=\"https:\/\/www.polisrecreio.com.br\/site\/wp-content\/uploads\/2017\/01\/celebra\u00e7\u00e3o-de-santa-missa.jpg 960w, https:\/\/www.polisrecreio.com.br\/site\/wp-content\/uploads\/2017\/01\/celebra\u00e7\u00e3o-de-santa-missa-300x169.jpg 300w\" sizes=\"(max-width: 960px) 100vw, 960px\" \/><\/a><figcaption id=\"caption-attachment-3964\" class=\"wp-caption-text\">Celebra\u00e7\u00e3o de santa missa.<\/figcaption><\/figure>\n<figure id=\"attachment_3963\" aria-describedby=\"caption-attachment-3963\" style=\"width: 960px\" class=\"wp-caption aligncenter\"><a href=\"http:\/\/www.polisrecreio.com.br\/site\/wp-content\/uploads\/2017\/01\/Borges-e-Filhos-Recreio.jpg\"><img loading=\"lazy\" class=\"size-full wp-image-3963\" src=\"http:\/\/www.polisrecreio.com.br\/site\/wp-content\/uploads\/2017\/01\/Borges-e-Filhos-Recreio.jpg\" alt=\"Borges e Filhos - Recreio.\" width=\"960\" height=\"540\" srcset=\"https:\/\/www.polisrecreio.com.br\/site\/wp-content\/uploads\/2017\/01\/Borges-e-Filhos-Recreio.jpg 960w, https:\/\/www.polisrecreio.com.br\/site\/wp-content\/uploads\/2017\/01\/Borges-e-Filhos-Recreio-300x169.jpg 300w\" sizes=\"(max-width: 960px) 100vw, 960px\" \/><\/a><figcaption id=\"caption-attachment-3963\" class=\"wp-caption-text\">Borges e Filhos &#8211; Recreio.<\/figcaption><\/figure>\n<figure id=\"attachment_3962\" aria-describedby=\"caption-attachment-3962\" style=\"width: 960px\" class=\"wp-caption aligncenter\"><a href=\"http:\/\/www.polisrecreio.com.br\/site\/wp-content\/uploads\/2017\/01\/Arrasta-Couro-Leopoldina.jpg\"><img loading=\"lazy\" class=\"size-full wp-image-3962\" src=\"http:\/\/www.polisrecreio.com.br\/site\/wp-content\/uploads\/2017\/01\/Arrasta-Couro-Leopoldina.jpg\" alt=\"Arrasta Couro - Leopoldina.\" width=\"960\" height=\"540\" srcset=\"https:\/\/www.polisrecreio.com.br\/site\/wp-content\/uploads\/2017\/01\/Arrasta-Couro-Leopoldina.jpg 960w, https:\/\/www.polisrecreio.com.br\/site\/wp-content\/uploads\/2017\/01\/Arrasta-Couro-Leopoldina-300x169.jpg 300w\" sizes=\"(max-width: 960px) 100vw, 960px\" \/><\/a><figcaption id=\"caption-attachment-3962\" class=\"wp-caption-text\">Arrasta Couro &#8211; Leopoldina.<\/figcaption><\/figure>\n","protected":false},"excerpt":{"rendered":"<p>A 26\u00aa edi\u00e7\u00e3o da Festa em Honra aos Santos Reis preservou por mais um ano a tradi\u00e7\u00e3o das Folias de Reis em Recreio, com apresenta\u00e7\u00f5es de grupos do Munic\u00edpio e de cidades da regi\u00e3o. No Estado de Minas Gerais a manifesta\u00e7\u00e3o cultural tornou-se patrim\u00f4nio cultural imaterial.<\/p>\n","protected":false},"author":3,"featured_media":3967,"comment_status":"open","ping_status":"open","sticky":false,"template":"","format":"standard","meta":[],"categories":[2],"tags":[],"yoast_head":"<!-- This site is optimized with the Yoast SEO plugin v15.6.2 - https:\/\/yoast.com\/wordpress\/plugins\/seo\/ -->\n<meta name=\"robots\" content=\"index, follow, max-snippet:-1, max-image-preview:large, max-video-preview:-1\" \/>\n<link rel=\"canonical\" href=\"http:\/\/www.polisrecreio.com.br\/site\/2017\/01\/16\/tradicao-das-folias-de-reis-e-preservada-em-recreio-e-no-estado-torna-se-patrimonio-imaterial\/\" \/>\n<meta property=\"og:locale\" content=\"pt_BR\" \/>\n<meta property=\"og:type\" content=\"article\" \/>\n<meta property=\"og:title\" content=\"Tradi\u00e7\u00e3o das Folias de Reis \u00e9 preservada em Recreio e no Estado torna-se patrim\u00f4nio imaterial - P\u00f3lis Recreio\" \/>\n<meta property=\"og:description\" content=\"A 26\u00aa edi\u00e7\u00e3o da Festa em Honra aos Santos Reis preservou por mais um ano a tradi\u00e7\u00e3o das Folias de Reis em Recreio, com apresenta\u00e7\u00f5es de grupos do Munic\u00edpio e de cidades da regi\u00e3o. No Estado de Minas Gerais a manifesta\u00e7\u00e3o cultural tornou-se patrim\u00f4nio cultural imaterial.\" \/>\n<meta property=\"og:url\" content=\"http:\/\/www.polisrecreio.com.br\/site\/2017\/01\/16\/tradicao-das-folias-de-reis-e-preservada-em-recreio-e-no-estado-torna-se-patrimonio-imaterial\/\" \/>\n<meta property=\"og:site_name\" content=\"P\u00f3lis Recreio\" \/>\n<meta property=\"article:publisher\" content=\"https:\/\/www.facebook.com\/Site-P%c3%b3lis-Recreio-MG-181941708571019\/\" \/>\n<meta property=\"article:published_time\" content=\"2017-01-16T19:02:03+00:00\" \/>\n<meta property=\"og:image\" content=\"https:\/\/www.polisrecreio.com.br\/site\/wp-content\/uploads\/2017\/01\/Dois-Irm\u00e3os-Recreio.jpg\" \/>\n\t<meta property=\"og:image:width\" content=\"720\" \/>\n\t<meta property=\"og:image:height\" content=\"478\" \/>\n<meta name=\"twitter:card\" content=\"summary_large_image\" \/>\n<meta name=\"twitter:creator\" content=\"@PolisRecreio\" \/>\n<meta name=\"twitter:site\" content=\"@PolisRecreio\" \/>\n<meta name=\"twitter:label1\" content=\"Est. reading time\">\n\t<meta name=\"twitter:data1\" content=\"2 minutos\">\n<script type=\"application\/ld+json\" class=\"yoast-schema-graph\">{\"@context\":\"https:\/\/schema.org\",\"@graph\":[{\"@type\":\"WebSite\",\"@id\":\"https:\/\/www.polisrecreio.com.br\/site\/#website\",\"url\":\"https:\/\/www.polisrecreio.com.br\/site\/\",\"name\":\"P\\u00f3lis Recreio\",\"description\":\"\",\"potentialAction\":[{\"@type\":\"SearchAction\",\"target\":\"https:\/\/www.polisrecreio.com.br\/site\/?s={search_term_string}\",\"query-input\":\"required name=search_term_string\"}],\"inLanguage\":\"pt-BR\"},{\"@type\":\"ImageObject\",\"@id\":\"http:\/\/www.polisrecreio.com.br\/site\/2017\/01\/16\/tradicao-das-folias-de-reis-e-preservada-em-recreio-e-no-estado-torna-se-patrimonio-imaterial\/#primaryimage\",\"inLanguage\":\"pt-BR\",\"url\":\"https:\/\/www.polisrecreio.com.br\/site\/wp-content\/uploads\/2017\/01\/Dois-Irm\\u00e3os-Recreio.jpg\",\"width\":720,\"height\":478,\"caption\":\"Dois Irm\\u00e3os - Recreio.\"},{\"@type\":\"WebPage\",\"@id\":\"http:\/\/www.polisrecreio.com.br\/site\/2017\/01\/16\/tradicao-das-folias-de-reis-e-preservada-em-recreio-e-no-estado-torna-se-patrimonio-imaterial\/#webpage\",\"url\":\"http:\/\/www.polisrecreio.com.br\/site\/2017\/01\/16\/tradicao-das-folias-de-reis-e-preservada-em-recreio-e-no-estado-torna-se-patrimonio-imaterial\/\",\"name\":\"Tradi\\u00e7\\u00e3o das Folias de Reis \\u00e9 preservada em Recreio e no Estado torna-se patrim\\u00f4nio imaterial - P\\u00f3lis Recreio\",\"isPartOf\":{\"@id\":\"https:\/\/www.polisrecreio.com.br\/site\/#website\"},\"primaryImageOfPage\":{\"@id\":\"http:\/\/www.polisrecreio.com.br\/site\/2017\/01\/16\/tradicao-das-folias-de-reis-e-preservada-em-recreio-e-no-estado-torna-se-patrimonio-imaterial\/#primaryimage\"},\"datePublished\":\"2017-01-16T19:02:03+00:00\",\"dateModified\":\"2017-01-16T19:02:03+00:00\",\"author\":{\"@id\":\"https:\/\/www.polisrecreio.com.br\/site\/#\/schema\/person\/3363c1c78e1e28e1329d97adb387638e\"},\"inLanguage\":\"pt-BR\",\"potentialAction\":[{\"@type\":\"ReadAction\",\"target\":[\"http:\/\/www.polisrecreio.com.br\/site\/2017\/01\/16\/tradicao-das-folias-de-reis-e-preservada-em-recreio-e-no-estado-torna-se-patrimonio-imaterial\/\"]}]},{\"@type\":\"Person\",\"@id\":\"https:\/\/www.polisrecreio.com.br\/site\/#\/schema\/person\/3363c1c78e1e28e1329d97adb387638e\",\"name\":\"Leonardo Ribeiro\",\"image\":{\"@type\":\"ImageObject\",\"@id\":\"https:\/\/www.polisrecreio.com.br\/site\/#personlogo\",\"inLanguage\":\"pt-BR\",\"url\":\"https:\/\/secure.gravatar.com\/avatar\/6ba92a37d621e1a83e23710251178a12?s=96&d=mm&r=g\",\"caption\":\"Leonardo Ribeiro\"},\"sameAs\":[\"http:\/\/www.polisrecreio.com.br\"]}]}<\/script>\n<!-- \/ Yoast SEO plugin. -->","_links":{"self":[{"href":"https:\/\/www.polisrecreio.com.br\/site\/wp-json\/wp\/v2\/posts\/3961"}],"collection":[{"href":"https:\/\/www.polisrecreio.com.br\/site\/wp-json\/wp\/v2\/posts"}],"about":[{"href":"https:\/\/www.polisrecreio.com.br\/site\/wp-json\/wp\/v2\/types\/post"}],"author":[{"embeddable":true,"href":"https:\/\/www.polisrecreio.com.br\/site\/wp-json\/wp\/v2\/users\/3"}],"replies":[{"embeddable":true,"href":"https:\/\/www.polisrecreio.com.br\/site\/wp-json\/wp\/v2\/comments?post=3961"}],"version-history":[{"count":1,"href":"https:\/\/www.polisrecreio.com.br\/site\/wp-json\/wp\/v2\/posts\/3961\/revisions"}],"predecessor-version":[{"id":3980,"href":"https:\/\/www.polisrecreio.com.br\/site\/wp-json\/wp\/v2\/posts\/3961\/revisions\/3980"}],"wp:featuredmedia":[{"embeddable":true,"href":"https:\/\/www.polisrecreio.com.br\/site\/wp-json\/wp\/v2\/media\/3967"}],"wp:attachment":[{"href":"https:\/\/www.polisrecreio.com.br\/site\/wp-json\/wp\/v2\/media?parent=3961"}],"wp:term":[{"taxonomy":"category","embeddable":true,"href":"https:\/\/www.polisrecreio.com.br\/site\/wp-json\/wp\/v2\/categories?post=3961"},{"taxonomy":"post_tag","embeddable":true,"href":"https:\/\/www.polisrecreio.com.br\/site\/wp-json\/wp\/v2\/tags?post=3961"}],"curies":[{"name":"wp","href":"https:\/\/api.w.org\/{rel}","templated":true}]}}