{"id":3981,"date":"2017-01-16T18:58:36","date_gmt":"2017-01-16T21:58:36","guid":{"rendered":"http:\/\/www.polisrecreio.com.br\/site\/?p=3981"},"modified":"2017-01-16T19:01:31","modified_gmt":"2017-01-16T22:01:31","slug":"inscricoes-para-seletivo-da-prefeitura-de-recreio-terminam-nesta-terca-feira","status":"publish","type":"post","link":"https:\/\/www.polisrecreio.com.br\/site\/2017\/01\/16\/inscricoes-para-seletivo-da-prefeitura-de-recreio-terminam-nesta-terca-feira\/","title":{"rendered":"Inscri\u00e7\u00f5es para seletivo da Prefeitura de Recreio terminam nesta ter\u00e7a-feira"},"content":{"rendered":"<p style=\"text-align: justify;\">As inscri\u00e7\u00f5es para o processo seletivo da Prefeitura de Recreio terminam nesta ter\u00e7a-feira, 17 de janeiro. Os interessados dever\u00e3o ir \u00e0 sede do poder executivo municipal no hor\u00e1rio de 12h \u00e0s 16h. Os sal\u00e1rios variam entre R$ 937 e R$ 7.563,29. No primeiro dia a fila que se formou chamou a aten\u00e7\u00e3o de todos.<\/p>\n<p style=\"text-align: justify;\"><!--more--><\/p>\n<figure id=\"attachment_3982\" aria-describedby=\"caption-attachment-3982\" style=\"width: 750px\" class=\"wp-caption aligncenter\"><a href=\"http:\/\/www.polisrecreio.com.br\/site\/wp-content\/uploads\/2017\/01\/DSCN4002.jpg\"><img loading=\"lazy\" class=\"size-full wp-image-3982\" src=\"http:\/\/www.polisrecreio.com.br\/site\/wp-content\/uploads\/2017\/01\/DSCN4002.jpg\" alt=\"Fila para inscri\u00e7\u00f5es no seletivo da Prefeitura.\" width=\"750\" height=\"467\" srcset=\"https:\/\/www.polisrecreio.com.br\/site\/wp-content\/uploads\/2017\/01\/DSCN4002.jpg 750w, https:\/\/www.polisrecreio.com.br\/site\/wp-content\/uploads\/2017\/01\/DSCN4002-300x187.jpg 300w\" sizes=\"(max-width: 750px) 100vw, 750px\" \/><\/a><figcaption id=\"caption-attachment-3982\" class=\"wp-caption-text\">Fila para inscri\u00e7\u00f5es no seletivo da Prefeitura.<\/figcaption><\/figure>\n<p style=\"text-align: justify;\">Segundo o edital de processo seletivo simplificado n\u00ba 001\/2017 as vagas s\u00e3o para professor (inform\u00e1tica, educa\u00e7\u00e3o f\u00edsica, artes, hist\u00f3ria e ensino fundamental fase inicial), pedagogo, farmac\u00eautico bioqu\u00edmico, psic\u00f3logo, assistente social, agente controlador de dengue, agente de sa\u00fade, auxiliar de servi\u00e7os gerais, t\u00e9cnico de enfermagem, servente escolar, nutricionista, motorista \u2013 carteira D, t\u00e9cnico de servi\u00e7o escolar, m\u00e9dico cl\u00ednico ESF, dentista do ESF, t\u00e9cnico de higiene dental e operador de m\u00e1quinas pesadas. Os valores das inscri\u00e7\u00f5es ser\u00e3o de R$ 100, R$ 50 ou R$ 30.<\/p>\n<p style=\"text-align: justify;\">A prova objetiva ser\u00e1 aplicada no dia 24 de janeiro, \u00e0s 10h, na Escola Municipal Professora Nice Damasceno de Almeida Muniz. O candidato estar\u00e1 desclassificado caso n\u00e3o atinja 50% de acertos na prova. Os aprovados passar\u00e3o por uma entrevista no Centro de Refer\u00eancia de Assist\u00eancia Social, na Avenida Osvaldo Alvim, no bairro Sebasti\u00e3o Dad\u00fa Arruda, no dia 28, \u00e0s 13h.<\/p>\n<p style=\"text-align: justify;\">Nesta segunda-feira (16), no primeiro dia de inscri\u00e7\u00f5es, o que chamou a aten\u00e7\u00e3o foi a fila que se formou da Prefeitura at\u00e9 a sede dos Correios. Muitas pessoas que passavam pelo local pararam para ver a quantidade de gente que tinha.<\/p>\n<p style=\"text-align: justify;\">Clique no link e confira o edital completo\u00a0<a href=\"http:\/\/www.polisrecreio.com.br\/site\/wp-content\/uploads\/2017\/01\/Processo-Seletivo-001-2017-PMR.pdf\" target=\"_blank\">Processo Seletivo 001-2017-PMR<\/a>.<\/p>\n","protected":false},"excerpt":{"rendered":"<p>As inscri\u00e7\u00f5es para o processo seletivo da Prefeitura de Recreio terminam nesta ter\u00e7a-feira, 17 de janeiro. Os interessados dever\u00e3o ir \u00e0 sede do poder executivo municipal no hor\u00e1rio de 12h \u00e0s 16h. Os sal\u00e1rios variam entre R$ 937 e R$ 7.563,29. No primeiro dia a fila que se formou chamou a aten\u00e7\u00e3o de todos.<\/p>\n","protected":false},"author":3,"featured_media":3982,"comment_status":"open","ping_status":"open","sticky":false,"template":"","format":"standard","meta":[],"categories":[6],"tags":[],"yoast_head":"<!-- This site is optimized with the Yoast SEO plugin v15.6.2 - https:\/\/yoast.com\/wordpress\/plugins\/seo\/ -->\n<meta name=\"robots\" content=\"index, follow, max-snippet:-1, max-image-preview:large, max-video-preview:-1\" \/>\n<link rel=\"canonical\" href=\"https:\/\/www.polisrecreio.com.br\/site\/2017\/01\/16\/inscricoes-para-seletivo-da-prefeitura-de-recreio-terminam-nesta-terca-feira\/\" \/>\n<meta property=\"og:locale\" content=\"pt_BR\" \/>\n<meta property=\"og:type\" content=\"article\" \/>\n<meta property=\"og:title\" content=\"Inscri\u00e7\u00f5es para seletivo da Prefeitura de Recreio terminam nesta ter\u00e7a-feira - P\u00f3lis Recreio\" \/>\n<meta property=\"og:description\" content=\"As inscri\u00e7\u00f5es para o processo seletivo da Prefeitura de Recreio terminam nesta ter\u00e7a-feira, 17 de janeiro. Os interessados dever\u00e3o ir \u00e0 sede do poder executivo municipal no hor\u00e1rio de 12h \u00e0s 16h. Os sal\u00e1rios variam entre R$ 937 e R$ 7.563,29. No primeiro dia a fila que se formou chamou a aten\u00e7\u00e3o de todos.\" \/>\n<meta property=\"og:url\" content=\"https:\/\/www.polisrecreio.com.br\/site\/2017\/01\/16\/inscricoes-para-seletivo-da-prefeitura-de-recreio-terminam-nesta-terca-feira\/\" \/>\n<meta property=\"og:site_name\" content=\"P\u00f3lis Recreio\" \/>\n<meta property=\"article:publisher\" content=\"https:\/\/www.facebook.com\/Site-P%c3%b3lis-Recreio-MG-181941708571019\/\" \/>\n<meta property=\"article:published_time\" content=\"2017-01-16T21:58:36+00:00\" \/>\n<meta property=\"article:modified_time\" content=\"2017-01-16T22:01:31+00:00\" \/>\n<meta property=\"og:image\" content=\"https:\/\/www.polisrecreio.com.br\/site\/wp-content\/uploads\/2017\/01\/DSCN4002.jpg\" \/>\n\t<meta property=\"og:image:width\" content=\"750\" \/>\n\t<meta property=\"og:image:height\" content=\"467\" \/>\n<meta name=\"twitter:card\" content=\"summary_large_image\" \/>\n<meta name=\"twitter:creator\" content=\"@PolisRecreio\" \/>\n<meta name=\"twitter:site\" content=\"@PolisRecreio\" \/>\n<meta name=\"twitter:label1\" content=\"Est. reading time\">\n\t<meta name=\"twitter:data1\" content=\"1 minuto\">\n<script type=\"application\/ld+json\" class=\"yoast-schema-graph\">{\"@context\":\"https:\/\/schema.org\",\"@graph\":[{\"@type\":\"WebSite\",\"@id\":\"https:\/\/www.polisrecreio.com.br\/site\/#website\",\"url\":\"https:\/\/www.polisrecreio.com.br\/site\/\",\"name\":\"P\\u00f3lis Recreio\",\"description\":\"\",\"potentialAction\":[{\"@type\":\"SearchAction\",\"target\":\"https:\/\/www.polisrecreio.com.br\/site\/?s={search_term_string}\",\"query-input\":\"required name=search_term_string\"}],\"inLanguage\":\"pt-BR\"},{\"@type\":\"ImageObject\",\"@id\":\"https:\/\/www.polisrecreio.com.br\/site\/2017\/01\/16\/inscricoes-para-seletivo-da-prefeitura-de-recreio-terminam-nesta-terca-feira\/#primaryimage\",\"inLanguage\":\"pt-BR\",\"url\":\"https:\/\/www.polisrecreio.com.br\/site\/wp-content\/uploads\/2017\/01\/DSCN4002.jpg\",\"width\":750,\"height\":467,\"caption\":\"Fila para inscri\\u00e7\\u00f5es no seletivo da Prefeitura.\"},{\"@type\":\"WebPage\",\"@id\":\"https:\/\/www.polisrecreio.com.br\/site\/2017\/01\/16\/inscricoes-para-seletivo-da-prefeitura-de-recreio-terminam-nesta-terca-feira\/#webpage\",\"url\":\"https:\/\/www.polisrecreio.com.br\/site\/2017\/01\/16\/inscricoes-para-seletivo-da-prefeitura-de-recreio-terminam-nesta-terca-feira\/\",\"name\":\"Inscri\\u00e7\\u00f5es para seletivo da Prefeitura de Recreio terminam nesta ter\\u00e7a-feira - P\\u00f3lis Recreio\",\"isPartOf\":{\"@id\":\"https:\/\/www.polisrecreio.com.br\/site\/#website\"},\"primaryImageOfPage\":{\"@id\":\"https:\/\/www.polisrecreio.com.br\/site\/2017\/01\/16\/inscricoes-para-seletivo-da-prefeitura-de-recreio-terminam-nesta-terca-feira\/#primaryimage\"},\"datePublished\":\"2017-01-16T21:58:36+00:00\",\"dateModified\":\"2017-01-16T22:01:31+00:00\",\"author\":{\"@id\":\"https:\/\/www.polisrecreio.com.br\/site\/#\/schema\/person\/3363c1c78e1e28e1329d97adb387638e\"},\"inLanguage\":\"pt-BR\",\"potentialAction\":[{\"@type\":\"ReadAction\",\"target\":[\"https:\/\/www.polisrecreio.com.br\/site\/2017\/01\/16\/inscricoes-para-seletivo-da-prefeitura-de-recreio-terminam-nesta-terca-feira\/\"]}]},{\"@type\":\"Person\",\"@id\":\"https:\/\/www.polisrecreio.com.br\/site\/#\/schema\/person\/3363c1c78e1e28e1329d97adb387638e\",\"name\":\"Leonardo Ribeiro\",\"image\":{\"@type\":\"ImageObject\",\"@id\":\"https:\/\/www.polisrecreio.com.br\/site\/#personlogo\",\"inLanguage\":\"pt-BR\",\"url\":\"https:\/\/secure.gravatar.com\/avatar\/6ba92a37d621e1a83e23710251178a12?s=96&d=mm&r=g\",\"caption\":\"Leonardo Ribeiro\"},\"sameAs\":[\"http:\/\/www.polisrecreio.com.br\"]}]}<\/script>\n<!-- \/ Yoast SEO plugin. -->","_links":{"self":[{"href":"https:\/\/www.polisrecreio.com.br\/site\/wp-json\/wp\/v2\/posts\/3981"}],"collection":[{"href":"https:\/\/www.polisrecreio.com.br\/site\/wp-json\/wp\/v2\/posts"}],"about":[{"href":"https:\/\/www.polisrecreio.com.br\/site\/wp-json\/wp\/v2\/types\/post"}],"author":[{"embeddable":true,"href":"https:\/\/www.polisrecreio.com.br\/site\/wp-json\/wp\/v2\/users\/3"}],"replies":[{"embeddable":true,"href":"https:\/\/www.polisrecreio.com.br\/site\/wp-json\/wp\/v2\/comments?post=3981"}],"version-history":[{"count":4,"href":"https:\/\/www.polisrecreio.com.br\/site\/wp-json\/wp\/v2\/posts\/3981\/revisions"}],"predecessor-version":[{"id":3986,"href":"https:\/\/www.polisrecreio.com.br\/site\/wp-json\/wp\/v2\/posts\/3981\/revisions\/3986"}],"wp:featuredmedia":[{"embeddable":true,"href":"https:\/\/www.polisrecreio.com.br\/site\/wp-json\/wp\/v2\/media\/3982"}],"wp:attachment":[{"href":"https:\/\/www.polisrecreio.com.br\/site\/wp-json\/wp\/v2\/media?parent=3981"}],"wp:term":[{"taxonomy":"category","embeddable":true,"href":"https:\/\/www.polisrecreio.com.br\/site\/wp-json\/wp\/v2\/categories?post=3981"},{"taxonomy":"post_tag","embeddable":true,"href":"https:\/\/www.polisrecreio.com.br\/site\/wp-json\/wp\/v2\/tags?post=3981"}],"curies":[{"name":"wp","href":"https:\/\/api.w.org\/{rel}","templated":true}]}}