{"id":3987,"date":"2017-01-17T07:08:16","date_gmt":"2017-01-17T10:08:16","guid":{"rendered":"http:\/\/www.polisrecreio.com.br\/site\/?p=3987"},"modified":"2017-01-17T07:09:50","modified_gmt":"2017-01-17T10:09:50","slug":"porta-da-frente-do-cras-de-recreio-e-arrombada-e-tv-e-saqueada","status":"publish","type":"post","link":"https:\/\/www.polisrecreio.com.br\/site\/2017\/01\/17\/porta-da-frente-do-cras-de-recreio-e-arrombada-e-tv-e-saqueada\/","title":{"rendered":"Porta da frente do CRAS de Recreio \u00e9 arrombada e TV \u00e9 saqueada"},"content":{"rendered":"<p style=\"text-align: justify;\">Nesta ter\u00e7a-feira (17), a equipe do Centro de Refer\u00eancia de Assist\u00eancia Social \u201cCRAS\u201d de Recreio ao chegar para mais um dia de trabalho foram surpreendidos com o arrombamento da porta da frente do pr\u00e9dio e o saque da TV que ficava na sala de espera.<\/p>\n<p style=\"text-align: justify;\"><!--more--><\/p>\n<figure id=\"attachment_3988\" aria-describedby=\"caption-attachment-3988\" style=\"width: 960px\" class=\"wp-caption aligncenter\"><a href=\"http:\/\/www.polisrecreio.com.br\/site\/wp-content\/uploads\/2017\/01\/15894842_1071821359595647_8376309670778826825_n.jpg\"><img loading=\"lazy\" class=\"size-full wp-image-3988\" src=\"http:\/\/www.polisrecreio.com.br\/site\/wp-content\/uploads\/2017\/01\/15894842_1071821359595647_8376309670778826825_n.jpg\" alt=\"TV da sala de espera saqueada.\" width=\"960\" height=\"540\" srcset=\"https:\/\/www.polisrecreio.com.br\/site\/wp-content\/uploads\/2017\/01\/15894842_1071821359595647_8376309670778826825_n.jpg 960w, https:\/\/www.polisrecreio.com.br\/site\/wp-content\/uploads\/2017\/01\/15894842_1071821359595647_8376309670778826825_n-300x169.jpg 300w\" sizes=\"(max-width: 960px) 100vw, 960px\" \/><\/a><figcaption id=\"caption-attachment-3988\" class=\"wp-caption-text\">TV da sala de espera saqueada.<\/figcaption><\/figure>\n<p style=\"text-align: justify;\">De acordo com o secret\u00e1rio municipal de Desenvolvimento Social, Diego Pena, \u201cno pr\u00e9dio h\u00e1 ind\u00edcios\u00a0tamb\u00e9m de tentativa de arrombamento na sala da dire\u00e7\u00e3o, por\u00e9m, sem \u00eaxito. A Pol\u00edcia Militar j\u00e1 foi acionada e agora a equipe aguarda os procedimentos para registro do boletim de ocorr\u00eancia. N\u00e3o h\u00e1 sinais de roubo de outros materiais&#8221;, completou.<\/p>\n<p style=\"text-align: justify;\">Segundo informa\u00e7\u00f5es obtidas pelo Site P\u00f3lis no final de dezembro o mesmo ato de roubar uma TV havia sido cometido no Centro Educacional Municipal Crian\u00e7a Feliz. Na \u00e9poca uma Caixa de Som Amplificadora tamb\u00e9m foi furtada.<\/p>\n<p style=\"text-align: justify;\">\u201cNa tentativa de coibir estes saques aos pr\u00e9dios p\u00fablicos o prefeito Z\u00e9 Maria Barros solicitou um levantamento para analisar a possibilidade de instala\u00e7\u00e3o de c\u00e2meras de seguran\u00e7a\u201d, disse Diego Pena.<\/p>\n<figure id=\"attachment_3989\" aria-describedby=\"caption-attachment-3989\" style=\"width: 648px\" class=\"wp-caption aligncenter\"><a href=\"http:\/\/www.polisrecreio.com.br\/site\/wp-content\/uploads\/2017\/01\/IMG-20170117-WA0002.jpg\"><img loading=\"lazy\" class=\"size-full wp-image-3989\" src=\"http:\/\/www.polisrecreio.com.br\/site\/wp-content\/uploads\/2017\/01\/IMG-20170117-WA0002.jpg\" alt=\"Porta arrombada.\" width=\"648\" height=\"770\" srcset=\"https:\/\/www.polisrecreio.com.br\/site\/wp-content\/uploads\/2017\/01\/IMG-20170117-WA0002.jpg 648w, https:\/\/www.polisrecreio.com.br\/site\/wp-content\/uploads\/2017\/01\/IMG-20170117-WA0002-252x300.jpg 252w\" sizes=\"(max-width: 648px) 100vw, 648px\" \/><\/a><figcaption id=\"caption-attachment-3989\" class=\"wp-caption-text\">Porta arrombada.<\/figcaption><\/figure>\n","protected":false},"excerpt":{"rendered":"<p>Nesta ter\u00e7a-feira (17), a equipe do Centro de Refer\u00eancia de Assist\u00eancia Social \u201cCRAS\u201d de Recreio ao chegar para mais um dia de trabalho foram surpreendidos com o arrombamento da porta da frente do pr\u00e9dio e o saque da TV que ficava na sala de espera.<\/p>\n","protected":false},"author":3,"featured_media":3988,"comment_status":"open","ping_status":"open","sticky":false,"template":"","format":"standard","meta":[],"categories":[6],"tags":[],"yoast_head":"<!-- This site is optimized with the Yoast SEO plugin v15.6.2 - https:\/\/yoast.com\/wordpress\/plugins\/seo\/ -->\n<meta name=\"robots\" content=\"index, follow, max-snippet:-1, max-image-preview:large, max-video-preview:-1\" \/>\n<link rel=\"canonical\" href=\"https:\/\/www.polisrecreio.com.br\/site\/2017\/01\/17\/porta-da-frente-do-cras-de-recreio-e-arrombada-e-tv-e-saqueada\/\" \/>\n<meta property=\"og:locale\" content=\"pt_BR\" \/>\n<meta property=\"og:type\" content=\"article\" \/>\n<meta property=\"og:title\" content=\"Porta da frente do CRAS de Recreio \u00e9 arrombada e TV \u00e9 saqueada - P\u00f3lis Recreio\" \/>\n<meta property=\"og:description\" content=\"Nesta ter\u00e7a-feira (17), a equipe do Centro de Refer\u00eancia de Assist\u00eancia Social \u201cCRAS\u201d de Recreio ao chegar para mais um dia de trabalho foram surpreendidos com o arrombamento da porta da frente do pr\u00e9dio e o saque da TV que ficava na sala de espera.\" \/>\n<meta property=\"og:url\" content=\"https:\/\/www.polisrecreio.com.br\/site\/2017\/01\/17\/porta-da-frente-do-cras-de-recreio-e-arrombada-e-tv-e-saqueada\/\" \/>\n<meta property=\"og:site_name\" content=\"P\u00f3lis Recreio\" \/>\n<meta property=\"article:publisher\" content=\"https:\/\/www.facebook.com\/Site-P%c3%b3lis-Recreio-MG-181941708571019\/\" \/>\n<meta property=\"article:published_time\" content=\"2017-01-17T10:08:16+00:00\" \/>\n<meta property=\"article:modified_time\" content=\"2017-01-17T10:09:50+00:00\" \/>\n<meta property=\"og:image\" content=\"https:\/\/www.polisrecreio.com.br\/site\/wp-content\/uploads\/2017\/01\/15894842_1071821359595647_8376309670778826825_n.jpg\" \/>\n\t<meta property=\"og:image:width\" content=\"960\" \/>\n\t<meta property=\"og:image:height\" content=\"540\" \/>\n<meta name=\"twitter:card\" content=\"summary_large_image\" \/>\n<meta name=\"twitter:creator\" content=\"@PolisRecreio\" \/>\n<meta name=\"twitter:site\" content=\"@PolisRecreio\" \/>\n<meta name=\"twitter:label1\" content=\"Est. reading time\">\n\t<meta name=\"twitter:data1\" content=\"1 minuto\">\n<script type=\"application\/ld+json\" class=\"yoast-schema-graph\">{\"@context\":\"https:\/\/schema.org\",\"@graph\":[{\"@type\":\"WebSite\",\"@id\":\"https:\/\/www.polisrecreio.com.br\/site\/#website\",\"url\":\"https:\/\/www.polisrecreio.com.br\/site\/\",\"name\":\"P\\u00f3lis Recreio\",\"description\":\"\",\"potentialAction\":[{\"@type\":\"SearchAction\",\"target\":\"https:\/\/www.polisrecreio.com.br\/site\/?s={search_term_string}\",\"query-input\":\"required name=search_term_string\"}],\"inLanguage\":\"pt-BR\"},{\"@type\":\"ImageObject\",\"@id\":\"https:\/\/www.polisrecreio.com.br\/site\/2017\/01\/17\/porta-da-frente-do-cras-de-recreio-e-arrombada-e-tv-e-saqueada\/#primaryimage\",\"inLanguage\":\"pt-BR\",\"url\":\"https:\/\/www.polisrecreio.com.br\/site\/wp-content\/uploads\/2017\/01\/15894842_1071821359595647_8376309670778826825_n.jpg\",\"width\":960,\"height\":540,\"caption\":\"TV da sala de espera saqueada.\"},{\"@type\":\"WebPage\",\"@id\":\"https:\/\/www.polisrecreio.com.br\/site\/2017\/01\/17\/porta-da-frente-do-cras-de-recreio-e-arrombada-e-tv-e-saqueada\/#webpage\",\"url\":\"https:\/\/www.polisrecreio.com.br\/site\/2017\/01\/17\/porta-da-frente-do-cras-de-recreio-e-arrombada-e-tv-e-saqueada\/\",\"name\":\"Porta da frente do CRAS de Recreio \\u00e9 arrombada e TV \\u00e9 saqueada - P\\u00f3lis Recreio\",\"isPartOf\":{\"@id\":\"https:\/\/www.polisrecreio.com.br\/site\/#website\"},\"primaryImageOfPage\":{\"@id\":\"https:\/\/www.polisrecreio.com.br\/site\/2017\/01\/17\/porta-da-frente-do-cras-de-recreio-e-arrombada-e-tv-e-saqueada\/#primaryimage\"},\"datePublished\":\"2017-01-17T10:08:16+00:00\",\"dateModified\":\"2017-01-17T10:09:50+00:00\",\"author\":{\"@id\":\"https:\/\/www.polisrecreio.com.br\/site\/#\/schema\/person\/3363c1c78e1e28e1329d97adb387638e\"},\"inLanguage\":\"pt-BR\",\"potentialAction\":[{\"@type\":\"ReadAction\",\"target\":[\"https:\/\/www.polisrecreio.com.br\/site\/2017\/01\/17\/porta-da-frente-do-cras-de-recreio-e-arrombada-e-tv-e-saqueada\/\"]}]},{\"@type\":\"Person\",\"@id\":\"https:\/\/www.polisrecreio.com.br\/site\/#\/schema\/person\/3363c1c78e1e28e1329d97adb387638e\",\"name\":\"Leonardo Ribeiro\",\"image\":{\"@type\":\"ImageObject\",\"@id\":\"https:\/\/www.polisrecreio.com.br\/site\/#personlogo\",\"inLanguage\":\"pt-BR\",\"url\":\"https:\/\/secure.gravatar.com\/avatar\/6ba92a37d621e1a83e23710251178a12?s=96&d=mm&r=g\",\"caption\":\"Leonardo Ribeiro\"},\"sameAs\":[\"http:\/\/www.polisrecreio.com.br\"]}]}<\/script>\n<!-- \/ Yoast SEO plugin. -->","_links":{"self":[{"href":"https:\/\/www.polisrecreio.com.br\/site\/wp-json\/wp\/v2\/posts\/3987"}],"collection":[{"href":"https:\/\/www.polisrecreio.com.br\/site\/wp-json\/wp\/v2\/posts"}],"about":[{"href":"https:\/\/www.polisrecreio.com.br\/site\/wp-json\/wp\/v2\/types\/post"}],"author":[{"embeddable":true,"href":"https:\/\/www.polisrecreio.com.br\/site\/wp-json\/wp\/v2\/users\/3"}],"replies":[{"embeddable":true,"href":"https:\/\/www.polisrecreio.com.br\/site\/wp-json\/wp\/v2\/comments?post=3987"}],"version-history":[{"count":3,"href":"https:\/\/www.polisrecreio.com.br\/site\/wp-json\/wp\/v2\/posts\/3987\/revisions"}],"predecessor-version":[{"id":3992,"href":"https:\/\/www.polisrecreio.com.br\/site\/wp-json\/wp\/v2\/posts\/3987\/revisions\/3992"}],"wp:featuredmedia":[{"embeddable":true,"href":"https:\/\/www.polisrecreio.com.br\/site\/wp-json\/wp\/v2\/media\/3988"}],"wp:attachment":[{"href":"https:\/\/www.polisrecreio.com.br\/site\/wp-json\/wp\/v2\/media?parent=3987"}],"wp:term":[{"taxonomy":"category","embeddable":true,"href":"https:\/\/www.polisrecreio.com.br\/site\/wp-json\/wp\/v2\/categories?post=3987"},{"taxonomy":"post_tag","embeddable":true,"href":"https:\/\/www.polisrecreio.com.br\/site\/wp-json\/wp\/v2\/tags?post=3987"}],"curies":[{"name":"wp","href":"https:\/\/api.w.org\/{rel}","templated":true}]}}