{"id":3993,"date":"2017-01-17T11:00:34","date_gmt":"2017-01-17T14:00:34","guid":{"rendered":"http:\/\/www.polisrecreio.com.br\/site\/?p=3993"},"modified":"2017-01-17T11:05:20","modified_gmt":"2017-01-17T14:05:20","slug":"parceria-prefeiturasesi-trara-cozinha-brasil-para-recreio-em-fevereiro","status":"publish","type":"post","link":"https:\/\/www.polisrecreio.com.br\/site\/2017\/01\/17\/parceria-prefeiturasesi-trara-cozinha-brasil-para-recreio-em-fevereiro\/","title":{"rendered":"Parceria Prefeitura\/SESI trar\u00e1 Cozinha Brasil para Recreio em fevereiro"},"content":{"rendered":"<p style=\"text-align: justify;\">A Prefeitura Municipal por meio de parceria com o SESI\/MG trar\u00e1 para Recreio o projeto Cozinha Brasil com atividades previstas entre os dias 7 e 9 de fevereiro. As inscri\u00e7\u00f5es gratuitas no Centro de Refer\u00eancia de Assist\u00eancia Social \u201cCRAS\u201d v\u00e3o da pr\u00f3xima segunda-feira (23) at\u00e9\u00a03 de fevereiro.<\/p>\n<p style=\"text-align: justify;\"><!--more--><\/p>\n<figure id=\"attachment_3996\" aria-describedby=\"caption-attachment-3996\" style=\"width: 750px\" class=\"wp-caption aligncenter\"><a href=\"http:\/\/www.polisrecreio.com.br\/site\/wp-content\/uploads\/2017\/01\/DSCN40041.jpg\"><img loading=\"lazy\" class=\"size-full wp-image-3996\" src=\"http:\/\/www.polisrecreio.com.br\/site\/wp-content\/uploads\/2017\/01\/DSCN40041.jpg\" alt=\"Parceria entre Prefeitura e SESI.\" width=\"750\" height=\"563\" srcset=\"https:\/\/www.polisrecreio.com.br\/site\/wp-content\/uploads\/2017\/01\/DSCN40041.jpg 750w, https:\/\/www.polisrecreio.com.br\/site\/wp-content\/uploads\/2017\/01\/DSCN40041-300x225.jpg 300w\" sizes=\"(max-width: 750px) 100vw, 750px\" \/><\/a><figcaption id=\"caption-attachment-3996\" class=\"wp-caption-text\">Parceria entre Prefeitura e SESI.<\/figcaption><\/figure>\n<p style=\"text-align: justify;\">O Cozinha Brasil consiste em um curso que ensina o preparo de alimentos saborosos e nutritivos de baixo custo, sem desperd\u00edcios. O projeto est\u00e1 programado para ser realizado no CRAS, em dois turnos, 13h as 16:20 e 18h as 21:20h. Ser\u00e3o oferecidas 70 vagas por per\u00edodo, com prioridade para benefici\u00e1rios de programas sociais. Para garantir a sua vaga, no ato da inscri\u00e7\u00e3o, o interessado dever\u00e1 estar acompanhado com c\u00f3pias de RG, CPF e comprovante de resid\u00eancia.<\/p>\n<p style=\"text-align: justify;\">A parceria entre o Munic\u00edpio e o SESI foi acordada na manh\u00e3 desta ter\u00e7a-feira (17) em reuni\u00e3o entre o secret\u00e1rio de Desenvolvimento Social, Diego Pena; o secret\u00e1rio de Finan\u00e7as, Jo\u00e3o Carlos Cunha de Barros; o coordenador do CRAS, Marcelo Andrade; e o consultor do SESI, Davidson.<\/p>\n<figure id=\"attachment_3997\" aria-describedby=\"caption-attachment-3997\" style=\"width: 750px\" class=\"wp-caption aligncenter\"><a href=\"http:\/\/www.polisrecreio.com.br\/site\/wp-content\/uploads\/2017\/01\/cozinha-brasil-oficinas2.jpg\"><img loading=\"lazy\" class=\"size-full wp-image-3997\" src=\"http:\/\/www.polisrecreio.com.br\/site\/wp-content\/uploads\/2017\/01\/cozinha-brasil-oficinas2.jpg\" alt=\"Cozinha Brasil. Imagem ilustrativa.\" width=\"750\" height=\"499\" srcset=\"https:\/\/www.polisrecreio.com.br\/site\/wp-content\/uploads\/2017\/01\/cozinha-brasil-oficinas2.jpg 750w, https:\/\/www.polisrecreio.com.br\/site\/wp-content\/uploads\/2017\/01\/cozinha-brasil-oficinas2-300x200.jpg 300w\" sizes=\"(max-width: 750px) 100vw, 750px\" \/><\/a><figcaption id=\"caption-attachment-3997\" class=\"wp-caption-text\">Cozinha Brasil. Imagem ilustrativa.<\/figcaption><\/figure>\n","protected":false},"excerpt":{"rendered":"<p>A Prefeitura Municipal por meio de parceria com o SESI\/MG trar\u00e1 para Recreio o projeto Cozinha Brasil com atividades previstas entre os dias 7 e 9 de fevereiro. As inscri\u00e7\u00f5es gratuitas no Centro de Refer\u00eancia de Assist\u00eancia Social \u201cCRAS\u201d v\u00e3o da pr\u00f3xima segunda-feira (23) at\u00e9\u00a03 de fevereiro.<\/p>\n","protected":false},"author":3,"featured_media":3996,"comment_status":"open","ping_status":"open","sticky":false,"template":"","format":"standard","meta":[],"categories":[6],"tags":[],"yoast_head":"<!-- This site is optimized with the Yoast SEO plugin v15.6.2 - https:\/\/yoast.com\/wordpress\/plugins\/seo\/ -->\n<meta name=\"robots\" content=\"index, follow, max-snippet:-1, max-image-preview:large, max-video-preview:-1\" \/>\n<link rel=\"canonical\" href=\"https:\/\/www.polisrecreio.com.br\/site\/2017\/01\/17\/parceria-prefeiturasesi-trara-cozinha-brasil-para-recreio-em-fevereiro\/\" \/>\n<meta property=\"og:locale\" content=\"pt_BR\" \/>\n<meta property=\"og:type\" content=\"article\" \/>\n<meta property=\"og:title\" content=\"Parceria Prefeitura\/SESI trar\u00e1 Cozinha Brasil para Recreio em fevereiro - P\u00f3lis Recreio\" \/>\n<meta property=\"og:description\" content=\"A Prefeitura Municipal por meio de parceria com o SESI\/MG trar\u00e1 para Recreio o projeto Cozinha Brasil com atividades previstas entre os dias 7 e 9 de fevereiro. As inscri\u00e7\u00f5es gratuitas no Centro de Refer\u00eancia de Assist\u00eancia Social \u201cCRAS\u201d v\u00e3o da pr\u00f3xima segunda-feira (23) at\u00e9\u00a03 de fevereiro.\" \/>\n<meta property=\"og:url\" content=\"https:\/\/www.polisrecreio.com.br\/site\/2017\/01\/17\/parceria-prefeiturasesi-trara-cozinha-brasil-para-recreio-em-fevereiro\/\" \/>\n<meta property=\"og:site_name\" content=\"P\u00f3lis Recreio\" \/>\n<meta property=\"article:publisher\" content=\"https:\/\/www.facebook.com\/Site-P%c3%b3lis-Recreio-MG-181941708571019\/\" \/>\n<meta property=\"article:published_time\" content=\"2017-01-17T14:00:34+00:00\" \/>\n<meta property=\"article:modified_time\" content=\"2017-01-17T14:05:20+00:00\" \/>\n<meta property=\"og:image\" content=\"https:\/\/www.polisrecreio.com.br\/site\/wp-content\/uploads\/2017\/01\/DSCN40041.jpg\" \/>\n\t<meta property=\"og:image:width\" content=\"750\" \/>\n\t<meta property=\"og:image:height\" content=\"563\" \/>\n<meta name=\"twitter:card\" content=\"summary_large_image\" \/>\n<meta name=\"twitter:creator\" content=\"@PolisRecreio\" \/>\n<meta name=\"twitter:site\" content=\"@PolisRecreio\" \/>\n<meta name=\"twitter:label1\" content=\"Est. reading time\">\n\t<meta name=\"twitter:data1\" content=\"1 minuto\">\n<script type=\"application\/ld+json\" class=\"yoast-schema-graph\">{\"@context\":\"https:\/\/schema.org\",\"@graph\":[{\"@type\":\"WebSite\",\"@id\":\"https:\/\/www.polisrecreio.com.br\/site\/#website\",\"url\":\"https:\/\/www.polisrecreio.com.br\/site\/\",\"name\":\"P\\u00f3lis Recreio\",\"description\":\"\",\"potentialAction\":[{\"@type\":\"SearchAction\",\"target\":\"https:\/\/www.polisrecreio.com.br\/site\/?s={search_term_string}\",\"query-input\":\"required name=search_term_string\"}],\"inLanguage\":\"pt-BR\"},{\"@type\":\"ImageObject\",\"@id\":\"https:\/\/www.polisrecreio.com.br\/site\/2017\/01\/17\/parceria-prefeiturasesi-trara-cozinha-brasil-para-recreio-em-fevereiro\/#primaryimage\",\"inLanguage\":\"pt-BR\",\"url\":\"https:\/\/www.polisrecreio.com.br\/site\/wp-content\/uploads\/2017\/01\/DSCN40041.jpg\",\"width\":750,\"height\":563,\"caption\":\"Parceria entre Prefeitura e SESI.\"},{\"@type\":\"WebPage\",\"@id\":\"https:\/\/www.polisrecreio.com.br\/site\/2017\/01\/17\/parceria-prefeiturasesi-trara-cozinha-brasil-para-recreio-em-fevereiro\/#webpage\",\"url\":\"https:\/\/www.polisrecreio.com.br\/site\/2017\/01\/17\/parceria-prefeiturasesi-trara-cozinha-brasil-para-recreio-em-fevereiro\/\",\"name\":\"Parceria Prefeitura\/SESI trar\\u00e1 Cozinha Brasil para Recreio em fevereiro - P\\u00f3lis Recreio\",\"isPartOf\":{\"@id\":\"https:\/\/www.polisrecreio.com.br\/site\/#website\"},\"primaryImageOfPage\":{\"@id\":\"https:\/\/www.polisrecreio.com.br\/site\/2017\/01\/17\/parceria-prefeiturasesi-trara-cozinha-brasil-para-recreio-em-fevereiro\/#primaryimage\"},\"datePublished\":\"2017-01-17T14:00:34+00:00\",\"dateModified\":\"2017-01-17T14:05:20+00:00\",\"author\":{\"@id\":\"https:\/\/www.polisrecreio.com.br\/site\/#\/schema\/person\/3363c1c78e1e28e1329d97adb387638e\"},\"inLanguage\":\"pt-BR\",\"potentialAction\":[{\"@type\":\"ReadAction\",\"target\":[\"https:\/\/www.polisrecreio.com.br\/site\/2017\/01\/17\/parceria-prefeiturasesi-trara-cozinha-brasil-para-recreio-em-fevereiro\/\"]}]},{\"@type\":\"Person\",\"@id\":\"https:\/\/www.polisrecreio.com.br\/site\/#\/schema\/person\/3363c1c78e1e28e1329d97adb387638e\",\"name\":\"Leonardo Ribeiro\",\"image\":{\"@type\":\"ImageObject\",\"@id\":\"https:\/\/www.polisrecreio.com.br\/site\/#personlogo\",\"inLanguage\":\"pt-BR\",\"url\":\"https:\/\/secure.gravatar.com\/avatar\/6ba92a37d621e1a83e23710251178a12?s=96&d=mm&r=g\",\"caption\":\"Leonardo Ribeiro\"},\"sameAs\":[\"http:\/\/www.polisrecreio.com.br\"]}]}<\/script>\n<!-- \/ Yoast SEO plugin. -->","_links":{"self":[{"href":"https:\/\/www.polisrecreio.com.br\/site\/wp-json\/wp\/v2\/posts\/3993"}],"collection":[{"href":"https:\/\/www.polisrecreio.com.br\/site\/wp-json\/wp\/v2\/posts"}],"about":[{"href":"https:\/\/www.polisrecreio.com.br\/site\/wp-json\/wp\/v2\/types\/post"}],"author":[{"embeddable":true,"href":"https:\/\/www.polisrecreio.com.br\/site\/wp-json\/wp\/v2\/users\/3"}],"replies":[{"embeddable":true,"href":"https:\/\/www.polisrecreio.com.br\/site\/wp-json\/wp\/v2\/comments?post=3993"}],"version-history":[{"count":4,"href":"https:\/\/www.polisrecreio.com.br\/site\/wp-json\/wp\/v2\/posts\/3993\/revisions"}],"predecessor-version":[{"id":4001,"href":"https:\/\/www.polisrecreio.com.br\/site\/wp-json\/wp\/v2\/posts\/3993\/revisions\/4001"}],"wp:featuredmedia":[{"embeddable":true,"href":"https:\/\/www.polisrecreio.com.br\/site\/wp-json\/wp\/v2\/media\/3996"}],"wp:attachment":[{"href":"https:\/\/www.polisrecreio.com.br\/site\/wp-json\/wp\/v2\/media?parent=3993"}],"wp:term":[{"taxonomy":"category","embeddable":true,"href":"https:\/\/www.polisrecreio.com.br\/site\/wp-json\/wp\/v2\/categories?post=3993"},{"taxonomy":"post_tag","embeddable":true,"href":"https:\/\/www.polisrecreio.com.br\/site\/wp-json\/wp\/v2\/tags?post=3993"}],"curies":[{"name":"wp","href":"https:\/\/api.w.org\/{rel}","templated":true}]}}