{"id":4002,"date":"2017-01-17T16:54:17","date_gmt":"2017-01-17T19:54:17","guid":{"rendered":"http:\/\/www.polisrecreio.com.br\/site\/?p=4002"},"modified":"2017-01-17T17:08:59","modified_gmt":"2017-01-17T20:08:59","slug":"saque-no-cras-pericia-tecnica-e-pm-avaliam-que-portas-nao-foram-arrombadas","status":"publish","type":"post","link":"https:\/\/www.polisrecreio.com.br\/site\/2017\/01\/17\/saque-no-cras-pericia-tecnica-e-pm-avaliam-que-portas-nao-foram-arrombadas\/","title":{"rendered":"Saque no CRAS: per\u00edcia t\u00e9cnica e PM avaliam que portas n\u00e3o foram arrombadas"},"content":{"rendered":"<p style=\"text-align: justify;\">Na manh\u00e3 desta ter\u00e7a-feira (17) o Site P\u00f3lis publicou a mat\u00e9ria \u201cPorta da frente do CRAS de Recreio \u00e9 arrombada e TV \u00e9 saqueada\u201d, por\u00e9m, depois de levantamento da per\u00edcia t\u00e9cnica da Pol\u00edcia Civil acompanhada da Pol\u00edcia Militar foi avaliado que a porta frontal e duas portas de vidro laterais foram abertas sem sinais de arrombamento. Houve saque de uma TV e uma c\u00e2mera fotogr\u00e1fica.<\/p>\n<p style=\"text-align: justify;\"><!--more--><\/p>\n<figure id=\"attachment_4003\" aria-describedby=\"caption-attachment-4003\" style=\"width: 750px\" class=\"wp-caption aligncenter\"><a href=\"http:\/\/www.polisrecreio.com.br\/site\/wp-content\/uploads\/2017\/01\/IMG-20170117-WA0006.jpg\"><img loading=\"lazy\" class=\"wp-image-4003 size-full\" src=\"http:\/\/www.polisrecreio.com.br\/site\/wp-content\/uploads\/2017\/01\/IMG-20170117-WA0006.jpg\" alt=\"IMG-20170117-WA0006\" width=\"750\" height=\"629\" srcset=\"https:\/\/www.polisrecreio.com.br\/site\/wp-content\/uploads\/2017\/01\/IMG-20170117-WA0006.jpg 750w, https:\/\/www.polisrecreio.com.br\/site\/wp-content\/uploads\/2017\/01\/IMG-20170117-WA0006-300x252.jpg 300w\" sizes=\"(max-width: 750px) 100vw, 750px\" \/><\/a><figcaption id=\"caption-attachment-4003\" class=\"wp-caption-text\">Perito avaliando as portas do CRAS.<\/figcaption><\/figure>\n<p style=\"text-align: justify;\">Segundo informa\u00e7\u00f5es obtidas pelo Site P\u00f3lis, os sargentos da PM, Marcus Vin\u00edcius Geraldo e Lucas Silva Lima, foram acionados pela funcion\u00e1ria do CRAS, Isabela Martins, que ao chegar para trabalhar pela manh\u00e3, juntamente com os demais funcion\u00e1rios se depararam com a porta de vidro da frente do estabelecimento aberta e deram por falta de uma TV e uma c\u00e2mera fotogr\u00e1fica que ficavam na recep\u00e7\u00e3o. Duas portas de vidro laterais tamb\u00e9m estavam abertas. O perito, Fabr\u00edcio Miranda, esteve no local e junto com os militares avaliaram que as portas n\u00e3o foram arrombadas. &#8220;Todas as portas s\u00e3o fechadas ao final do expediente&#8221;, disse Isabela.<\/p>\n<p style=\"text-align: justify;\">\u201cO autor deixou pegadas de p\u00e9 na parede, provavelmente ao evadir o local escalando o muro. Por n\u00e3o conter sistema de monitoramento atrav\u00e9s de c\u00e2meras de seguran\u00e7a no pr\u00e9dio, alguns equipamentos das imedia\u00e7\u00f5es foram visualizados, por\u00e9m, nenhuma atitude suspeita foi vista\u201d, disseram os militares.<\/p>\n<p style=\"text-align: justify;\">Segundo o secret\u00e1rio de Desenvolvimento Social, Diego Pena, \u201cna tentativa de coibir estes saques aos pr\u00e9dios p\u00fablicos o prefeito Z\u00e9 Maria Barros solicitou um levantamento para analisar a possibilidade de instala\u00e7\u00f5es de c\u00e2meras de seguran\u00e7a em diversas reparti\u00e7\u00f5es da Prefeitura\u201d.<\/p>\n<p style=\"text-align: justify;\">Ao final de dezembro de 2016, o Centro Educacional Municipal Crian\u00e7a Feliz tamb\u00e9m foi alvo de furto. De acordo com a PM, \u201cna \u00e9poca ladr\u00f5es levaram 2 TV\u2019s e aparelhos eletroeletr\u00f4nicos\u201d, o caso havia sido registrado pelo sargento Edmilson Coimbra.<\/p>\n","protected":false},"excerpt":{"rendered":"<p>Na manh\u00e3 desta ter\u00e7a-feira (17) o Site P\u00f3lis publicou a mat\u00e9ria \u201cPorta da frente do CRAS de Recreio \u00e9 arrombada e TV \u00e9 saqueada\u201d, por\u00e9m, depois de levantamento da per\u00edcia t\u00e9cnica da Pol\u00edcia Civil acompanhada da Pol\u00edcia Militar foi avaliado que a porta frontal e duas portas de vidro laterais foram abertas sem sinais de [&hellip;]<\/p>\n","protected":false},"author":3,"featured_media":4003,"comment_status":"open","ping_status":"open","sticky":false,"template":"","format":"standard","meta":[],"categories":[6],"tags":[],"yoast_head":"<!-- This site is optimized with the Yoast SEO plugin v15.6.2 - https:\/\/yoast.com\/wordpress\/plugins\/seo\/ -->\n<meta name=\"robots\" content=\"index, follow, max-snippet:-1, max-image-preview:large, max-video-preview:-1\" \/>\n<link rel=\"canonical\" href=\"https:\/\/www.polisrecreio.com.br\/site\/2017\/01\/17\/saque-no-cras-pericia-tecnica-e-pm-avaliam-que-portas-nao-foram-arrombadas\/\" \/>\n<meta property=\"og:locale\" content=\"pt_BR\" \/>\n<meta property=\"og:type\" content=\"article\" \/>\n<meta property=\"og:title\" content=\"Saque no CRAS: per\u00edcia t\u00e9cnica e PM avaliam que portas n\u00e3o foram arrombadas - P\u00f3lis Recreio\" \/>\n<meta property=\"og:description\" content=\"Na manh\u00e3 desta ter\u00e7a-feira (17) o Site P\u00f3lis publicou a mat\u00e9ria \u201cPorta da frente do CRAS de Recreio \u00e9 arrombada e TV \u00e9 saqueada\u201d, por\u00e9m, depois de levantamento da per\u00edcia t\u00e9cnica da Pol\u00edcia Civil acompanhada da Pol\u00edcia Militar foi avaliado que a porta frontal e duas portas de vidro laterais foram abertas sem sinais de [&hellip;]\" \/>\n<meta property=\"og:url\" content=\"https:\/\/www.polisrecreio.com.br\/site\/2017\/01\/17\/saque-no-cras-pericia-tecnica-e-pm-avaliam-que-portas-nao-foram-arrombadas\/\" \/>\n<meta property=\"og:site_name\" content=\"P\u00f3lis Recreio\" \/>\n<meta property=\"article:publisher\" content=\"https:\/\/www.facebook.com\/Site-P%c3%b3lis-Recreio-MG-181941708571019\/\" \/>\n<meta property=\"article:published_time\" content=\"2017-01-17T19:54:17+00:00\" \/>\n<meta property=\"article:modified_time\" content=\"2017-01-17T20:08:59+00:00\" \/>\n<meta property=\"og:image\" content=\"https:\/\/www.polisrecreio.com.br\/site\/wp-content\/uploads\/2017\/01\/IMG-20170117-WA0006.jpg\" \/>\n\t<meta property=\"og:image:width\" content=\"750\" \/>\n\t<meta property=\"og:image:height\" content=\"629\" \/>\n<meta name=\"twitter:card\" content=\"summary_large_image\" \/>\n<meta name=\"twitter:creator\" content=\"@PolisRecreio\" \/>\n<meta name=\"twitter:site\" content=\"@PolisRecreio\" \/>\n<meta name=\"twitter:label1\" content=\"Est. reading time\">\n\t<meta name=\"twitter:data1\" content=\"2 minutos\">\n<script type=\"application\/ld+json\" class=\"yoast-schema-graph\">{\"@context\":\"https:\/\/schema.org\",\"@graph\":[{\"@type\":\"WebSite\",\"@id\":\"https:\/\/www.polisrecreio.com.br\/site\/#website\",\"url\":\"https:\/\/www.polisrecreio.com.br\/site\/\",\"name\":\"P\\u00f3lis Recreio\",\"description\":\"\",\"potentialAction\":[{\"@type\":\"SearchAction\",\"target\":\"https:\/\/www.polisrecreio.com.br\/site\/?s={search_term_string}\",\"query-input\":\"required name=search_term_string\"}],\"inLanguage\":\"pt-BR\"},{\"@type\":\"ImageObject\",\"@id\":\"https:\/\/www.polisrecreio.com.br\/site\/2017\/01\/17\/saque-no-cras-pericia-tecnica-e-pm-avaliam-que-portas-nao-foram-arrombadas\/#primaryimage\",\"inLanguage\":\"pt-BR\",\"url\":\"https:\/\/www.polisrecreio.com.br\/site\/wp-content\/uploads\/2017\/01\/IMG-20170117-WA0006.jpg\",\"width\":750,\"height\":629},{\"@type\":\"WebPage\",\"@id\":\"https:\/\/www.polisrecreio.com.br\/site\/2017\/01\/17\/saque-no-cras-pericia-tecnica-e-pm-avaliam-que-portas-nao-foram-arrombadas\/#webpage\",\"url\":\"https:\/\/www.polisrecreio.com.br\/site\/2017\/01\/17\/saque-no-cras-pericia-tecnica-e-pm-avaliam-que-portas-nao-foram-arrombadas\/\",\"name\":\"Saque no CRAS: per\\u00edcia t\\u00e9cnica e PM avaliam que portas n\\u00e3o foram arrombadas - P\\u00f3lis Recreio\",\"isPartOf\":{\"@id\":\"https:\/\/www.polisrecreio.com.br\/site\/#website\"},\"primaryImageOfPage\":{\"@id\":\"https:\/\/www.polisrecreio.com.br\/site\/2017\/01\/17\/saque-no-cras-pericia-tecnica-e-pm-avaliam-que-portas-nao-foram-arrombadas\/#primaryimage\"},\"datePublished\":\"2017-01-17T19:54:17+00:00\",\"dateModified\":\"2017-01-17T20:08:59+00:00\",\"author\":{\"@id\":\"https:\/\/www.polisrecreio.com.br\/site\/#\/schema\/person\/3363c1c78e1e28e1329d97adb387638e\"},\"inLanguage\":\"pt-BR\",\"potentialAction\":[{\"@type\":\"ReadAction\",\"target\":[\"https:\/\/www.polisrecreio.com.br\/site\/2017\/01\/17\/saque-no-cras-pericia-tecnica-e-pm-avaliam-que-portas-nao-foram-arrombadas\/\"]}]},{\"@type\":\"Person\",\"@id\":\"https:\/\/www.polisrecreio.com.br\/site\/#\/schema\/person\/3363c1c78e1e28e1329d97adb387638e\",\"name\":\"Leonardo Ribeiro\",\"image\":{\"@type\":\"ImageObject\",\"@id\":\"https:\/\/www.polisrecreio.com.br\/site\/#personlogo\",\"inLanguage\":\"pt-BR\",\"url\":\"https:\/\/secure.gravatar.com\/avatar\/6ba92a37d621e1a83e23710251178a12?s=96&d=mm&r=g\",\"caption\":\"Leonardo Ribeiro\"},\"sameAs\":[\"http:\/\/www.polisrecreio.com.br\"]}]}<\/script>\n<!-- \/ Yoast SEO plugin. -->","_links":{"self":[{"href":"https:\/\/www.polisrecreio.com.br\/site\/wp-json\/wp\/v2\/posts\/4002"}],"collection":[{"href":"https:\/\/www.polisrecreio.com.br\/site\/wp-json\/wp\/v2\/posts"}],"about":[{"href":"https:\/\/www.polisrecreio.com.br\/site\/wp-json\/wp\/v2\/types\/post"}],"author":[{"embeddable":true,"href":"https:\/\/www.polisrecreio.com.br\/site\/wp-json\/wp\/v2\/users\/3"}],"replies":[{"embeddable":true,"href":"https:\/\/www.polisrecreio.com.br\/site\/wp-json\/wp\/v2\/comments?post=4002"}],"version-history":[{"count":3,"href":"https:\/\/www.polisrecreio.com.br\/site\/wp-json\/wp\/v2\/posts\/4002\/revisions"}],"predecessor-version":[{"id":4007,"href":"https:\/\/www.polisrecreio.com.br\/site\/wp-json\/wp\/v2\/posts\/4002\/revisions\/4007"}],"wp:featuredmedia":[{"embeddable":true,"href":"https:\/\/www.polisrecreio.com.br\/site\/wp-json\/wp\/v2\/media\/4003"}],"wp:attachment":[{"href":"https:\/\/www.polisrecreio.com.br\/site\/wp-json\/wp\/v2\/media?parent=4002"}],"wp:term":[{"taxonomy":"category","embeddable":true,"href":"https:\/\/www.polisrecreio.com.br\/site\/wp-json\/wp\/v2\/categories?post=4002"},{"taxonomy":"post_tag","embeddable":true,"href":"https:\/\/www.polisrecreio.com.br\/site\/wp-json\/wp\/v2\/tags?post=4002"}],"curies":[{"name":"wp","href":"https:\/\/api.w.org\/{rel}","templated":true}]}}